{"id":1490,"date":"2020-05-15T08:28:34","date_gmt":"2020-05-15T06:28:34","guid":{"rendered":"https:\/\/www.eren.ch\/barc\/?p=1490"},"modified":"2020-05-15T08:28:34","modified_gmt":"2020-05-15T06:28:34","slug":"quest-ce-quon-mange","status":"publish","type":"post","link":"https:\/\/www.eren.ch\/barc\/2020\/05\/15\/quest-ce-quon-mange\/","title":{"rendered":"Qu&rsquo;est-ce qu&rsquo;on mange?"},"content":{"rendered":"<p>Le <a href=\"https:\/\/www.eren.ch\/barc\/2020\/04\/03\/le-catechisme-a-distance\/\">cat\u00e9chisme \u00e0 distance<\/a> v\u00e9cu avec la <a href=\"http:\/\/www.lejoran.ch\/\">paroisse du Joran<\/a> se poursuit, en collaboration avec mes coll\u00e8gues <a href=\"https:\/\/lauredevaux.ch\/\">Laure Devaux<\/a> et Yves Bourquin. Et pour nous, la semaine prochaine aurait \u00e9t\u00e9 un temps particulier puisque devait avoir lieu notre camp de la B\u00e9gude lors du week-end de l&rsquo;Ascension. On le sait depuis plusieurs semaines maintenant que nous ne pourrons pas organiser ce camp. Mais la date approchant, toute l&rsquo;\u00e9quipe ressent un petit pincement au c\u0153ur. Le culte de b\u00e9n\u00e9diction des cat\u00e9chum\u00e8nes &#8211; la F\u00eate du KT &#8211; n&rsquo;aura pas non plus lieu \u00e0 la Pentec\u00f4te. C&rsquo;est ainsi!<\/p>\n<p>Mais au lieu de lister ce qui aurait d\u00fb \u00eatre et qui ne sera pas, nous pr\u00e9f\u00e9rons souligner les beaux \u00e9changes que nous avons malgr\u00e9 les circonstances et malgr\u00e9 la distance. Depuis l&rsquo;article <a href=\"https:\/\/www.eren.ch\/barc\/2020\/04\/17\/catechisme-plein-esperance\/\">Un cat\u00e9chisme plein d&rsquo;esp\u00e9rance<\/a>, il s&rsquo;est pass\u00e9 pas mal d&rsquo;\u00e9changes avec les jeunes. Le th\u00e8me du Repas semble les avoir int\u00e9ress\u00e9. <em>Qu&rsquo;est-ce qu&rsquo;on mange?<\/em> est une question universelle!<\/p>\n<p>Je partage avec vous ici les vid\u00e9os qui introduisent ce th\u00e8me et vous invite \u00e0 faire la d\u00e9marche vous aussi.<\/p>\n<h3>Qu&rsquo;est-ce qu&rsquo;on mange?<\/h3>\n<p>Il y a des repas qui nous font du bien! Et si on se les racontait&#8230;<\/p>\n<p><iframe title=\"Qu&#039;est-ce qu&#039;on mange? Le d\u00e9fi\" width=\"840\" height=\"473\" src=\"https:\/\/www.youtube.com\/embed\/2hae5BzRcU4?start=22&#038;feature=oembed\" frameborder=\"0\" allow=\"accelerometer; autoplay; encrypted-media; gyroscope; picture-in-picture\" allowfullscreen><\/iframe><\/p>\n<p>\u00ab\u00a0Mieux vaut manger un plat de l\u00e9gumes pr\u00e9par\u00e9 avec amour que la viande la plus savoureuse servie avec haine\u00a0\u00bb Proverbes 15,17<\/p>\n<p><iframe title=\"Qu&#039;est-ce qu&#039;on mange? D\u00e9fi biblique\" width=\"840\" height=\"473\" src=\"https:\/\/www.youtube.com\/embed\/fK-480GcBXg?feature=oembed\" frameborder=\"0\" allow=\"accelerometer; autoplay; encrypted-media; gyroscope; picture-in-picture\" allowfullscreen><\/iframe><\/p>\n<p>\u00ab\u00a0Sur le mont Sion, le Seigneur de l&rsquo;univers offrira \u00e0 tous les peuples un banquet de viandes grasses arros\u00e9 de vins fins \u2014 des viandes tendres et grasses, des vins fins bien clarifi\u00e9s \u2014. C&rsquo;est l\u00e0 qu&rsquo;il supprimera le voile de deuil que portaient les peuples, le rideau de tristesse \u00e9tendu sur toutes les nations. Il supprimera la mort pour toujours. Le Seigneur Dieu essuiera les larmes sur tous les visages. Dans l&rsquo;ensemble du pays, il enl\u00e8vera l&rsquo;affront que son peuple a subi. Voil\u00e0 ce qu&rsquo;a promis le Seigneur.\u00a0\u00bb Esa\u00efe25,6-8<\/p>\n<p><iframe title=\"Qu&#039;est-ce qu&#039;on mange? -Conclusion\" width=\"840\" height=\"473\" src=\"https:\/\/www.youtube.com\/embed\/0VzR5EjqUrM?start=7&#038;feature=oembed\" frameborder=\"0\" allow=\"accelerometer; autoplay; encrypted-media; gyroscope; picture-in-picture\" allowfullscreen><\/iframe><\/p>\n<h3>Le cat\u00e9chum\u00e8ne aujourd&rsquo;hui, c&rsquo;est vous!<\/h3>\n<p>Et vous&#8230; quels sont les repas qui vous font du bien?<br \/>\nEnvie de me faire deviner un r\u00e9cit biblique qui se passe \u00e0 table?<br \/>\nOu d&rsquo;\u00e9changer sur ces paroles du proph\u00e8te Esa\u00efe?<br \/>\nPrenez contact avec moi (<a href=\"https:\/\/www.eren.ch\/barc\/contacts\/\">Diane Friedli<\/a>) je serais enchant\u00e9e d&rsquo;en discuter avec vous.<\/p>\n<h3><\/h3>\n","protected":false},"excerpt":{"rendered":"<p>Le cat\u00e9chisme \u00e0 distance v\u00e9cu avec la paroisse du Joran se poursuit, en collaboration avec mes coll\u00e8gues Laure Devaux et Yves Bourquin. Et pour nous, la semaine prochaine aurait \u00e9t\u00e9 un temps particulier puisque devait avoir lieu notre camp de la B\u00e9gude lors du week-end de l&rsquo;Ascension. On le sait depuis plusieurs semaines maintenant que &hellip; <a href=\"https:\/\/www.eren.ch\/barc\/2020\/05\/15\/quest-ce-quon-mange\/\" class=\"more-link\">Continuer la lecture<span class=\"screen-reader-text\"> de &laquo;&nbsp;Qu&rsquo;est-ce qu&rsquo;on mange?&nbsp;&raquo;<\/span><\/a><\/p>\n","protected":false},"author":15,"featured_media":1494,"comment_status":"closed","ping_status":"closed","sticky":false,"template":"","format":"standard","meta":{"footnotes":""},"categories":[1],"tags":[],"class_list":["post-1490","post","type-post","status-publish","format-standard","has-post-thumbnail","hentry","category-non-classe"],"yoast_head":"<!-- This site is optimized with the Yoast SEO Premium plugin v27.5 (Yoast SEO v27.5) - https:\/\/yoast.com\/product\/yoast-seo-premium-wordpress\/ -->\n<title>Qu&#039;est-ce qu&#039;on mange? &#8226; Paroisse r\u00e9form\u00e9e de La BARC<\/title>\n<meta name=\"description\" content=\"Le cat\u00e9chisme \u00e0 distance v\u00e9cu avec la paroisse du Joran se poursuit, en collaboration avec mes coll\u00e8gues Laure Devaux et Yves Bourquin. Et pour nous, la\" \/>\n<meta name=\"robots\" content=\"index, follow, max-snippet:-1, max-image-preview:large, max-video-preview:-1\" \/>\n<link rel=\"canonical\" href=\"https:\/\/www.eren.ch\/barc\/2020\/05\/15\/quest-ce-quon-mange\/\" \/>\n<meta property=\"og:locale\" content=\"fr_FR\" \/>\n<meta property=\"og:type\" content=\"article\" \/>\n<meta property=\"og:title\" content=\"Qu&#039;est-ce qu&#039;on mange?\" \/>\n<meta property=\"og:description\" content=\"Le cat\u00e9chisme \u00e0 distance v\u00e9cu avec la paroisse du Joran se poursuit, en collaboration avec mes coll\u00e8gues Laure Devaux et Yves Bourquin. Et pour nous, la\" \/>\n<meta property=\"og:url\" content=\"https:\/\/www.eren.ch\/barc\/2020\/05\/15\/quest-ce-quon-mange\/\" \/>\n<meta property=\"og:site_name\" content=\"Paroisse r\u00e9form\u00e9e de La BARC\" \/>\n<meta property=\"article:publisher\" content=\"https:\/\/www.facebook.com\/eglise.EREN\" \/>\n<meta property=\"article:author\" content=\"https:\/\/www.facebook.com\/diane.friedli\" \/>\n<meta property=\"article:published_time\" content=\"2020-05-15T06:28:34+00:00\" \/>\n<meta property=\"og:image\" content=\"https:\/\/www.eren.ch\/barc\/wp-content\/uploads\/sites\/4\/2020\/05\/brunch-788499_1920.jpg\" \/>\n\t<meta property=\"og:image:width\" content=\"1920\" \/>\n\t<meta property=\"og:image:height\" content=\"1282\" \/>\n\t<meta property=\"og:image:type\" content=\"image\/jpeg\" \/>\n<meta name=\"author\" content=\"Diane Friedli\" \/>\n<meta name=\"twitter:card\" content=\"summary_large_image\" \/>\n<meta name=\"twitter:creator\" content=\"@egliseeren\" \/>\n<meta name=\"twitter:site\" content=\"@egliseeren\" \/>\n<meta name=\"twitter:label1\" content=\"\u00c9crit par\" \/>\n\t<meta name=\"twitter:data1\" content=\"Diane Friedli\" \/>\n\t<meta name=\"twitter:label2\" content=\"Dur\u00e9e de lecture estim\u00e9e\" \/>\n\t<meta name=\"twitter:data2\" content=\"2 minutes\" \/>\n<script type=\"application\/ld+json\" class=\"yoast-schema-graph\">{\"@context\":\"https:\\\/\\\/schema.org\",\"@graph\":[{\"@type\":\"Article\",\"@id\":\"https:\\\/\\\/www.eren.ch\\\/barc\\\/2020\\\/05\\\/15\\\/quest-ce-quon-mange\\\/#article\",\"isPartOf\":{\"@id\":\"https:\\\/\\\/www.eren.ch\\\/barc\\\/2020\\\/05\\\/15\\\/quest-ce-quon-mange\\\/\"},\"author\":{\"name\":\"Diane Friedli\",\"@id\":\"https:\\\/\\\/www.eren.ch\\\/barc\\\/#\\\/schema\\\/person\\\/5d95bccce27069a1f461a6f18b26a830\"},\"headline\":\"Qu&rsquo;est-ce qu&rsquo;on mange?\",\"datePublished\":\"2020-05-15T06:28:34+00:00\",\"mainEntityOfPage\":{\"@id\":\"https:\\\/\\\/www.eren.ch\\\/barc\\\/2020\\\/05\\\/15\\\/quest-ce-quon-mange\\\/\"},\"wordCount\":438,\"publisher\":{\"@id\":\"https:\\\/\\\/www.eren.ch\\\/barc\\\/#organization\"},\"image\":{\"@id\":\"https:\\\/\\\/www.eren.ch\\\/barc\\\/2020\\\/05\\\/15\\\/quest-ce-quon-mange\\\/#primaryimage\"},\"thumbnailUrl\":\"https:\\\/\\\/www.eren.ch\\\/barc\\\/wp-content\\\/uploads\\\/sites\\\/4\\\/2020\\\/05\\\/brunch-788499_1920.jpg\",\"inLanguage\":\"fr-FR\"},{\"@type\":\"WebPage\",\"@id\":\"https:\\\/\\\/www.eren.ch\\\/barc\\\/2020\\\/05\\\/15\\\/quest-ce-quon-mange\\\/\",\"url\":\"https:\\\/\\\/www.eren.ch\\\/barc\\\/2020\\\/05\\\/15\\\/quest-ce-quon-mange\\\/\",\"name\":\"Qu'est-ce qu'on mange? &#8226; Paroisse r\u00e9form\u00e9e de La BARC\",\"isPartOf\":{\"@id\":\"https:\\\/\\\/www.eren.ch\\\/barc\\\/#website\"},\"primaryImageOfPage\":{\"@id\":\"https:\\\/\\\/www.eren.ch\\\/barc\\\/2020\\\/05\\\/15\\\/quest-ce-quon-mange\\\/#primaryimage\"},\"image\":{\"@id\":\"https:\\\/\\\/www.eren.ch\\\/barc\\\/2020\\\/05\\\/15\\\/quest-ce-quon-mange\\\/#primaryimage\"},\"thumbnailUrl\":\"https:\\\/\\\/www.eren.ch\\\/barc\\\/wp-content\\\/uploads\\\/sites\\\/4\\\/2020\\\/05\\\/brunch-788499_1920.jpg\",\"datePublished\":\"2020-05-15T06:28:34+00:00\",\"description\":\"Le cat\u00e9chisme \u00e0 distance v\u00e9cu avec la paroisse du Joran se poursuit, en collaboration avec mes coll\u00e8gues Laure Devaux et Yves Bourquin. Et pour nous, la\",\"breadcrumb\":{\"@id\":\"https:\\\/\\\/www.eren.ch\\\/barc\\\/2020\\\/05\\\/15\\\/quest-ce-quon-mange\\\/#breadcrumb\"},\"inLanguage\":\"fr-FR\",\"potentialAction\":[{\"@type\":\"ReadAction\",\"target\":[\"https:\\\/\\\/www.eren.ch\\\/barc\\\/2020\\\/05\\\/15\\\/quest-ce-quon-mange\\\/\"]}]},{\"@type\":\"ImageObject\",\"inLanguage\":\"fr-FR\",\"@id\":\"https:\\\/\\\/www.eren.ch\\\/barc\\\/2020\\\/05\\\/15\\\/quest-ce-quon-mange\\\/#primaryimage\",\"url\":\"https:\\\/\\\/www.eren.ch\\\/barc\\\/wp-content\\\/uploads\\\/sites\\\/4\\\/2020\\\/05\\\/brunch-788499_1920.jpg\",\"contentUrl\":\"https:\\\/\\\/www.eren.ch\\\/barc\\\/wp-content\\\/uploads\\\/sites\\\/4\\\/2020\\\/05\\\/brunch-788499_1920.jpg\",\"width\":1920,\"height\":1282},{\"@type\":\"BreadcrumbList\",\"@id\":\"https:\\\/\\\/www.eren.ch\\\/barc\\\/2020\\\/05\\\/15\\\/quest-ce-quon-mange\\\/#breadcrumb\",\"itemListElement\":[{\"@type\":\"ListItem\",\"position\":1,\"name\":\"Accueil\",\"item\":\"https:\\\/\\\/www.eren.ch\\\/barc\\\/\"},{\"@type\":\"ListItem\",\"position\":2,\"name\":\"Qu&rsquo;est-ce qu&rsquo;on mange?\"}]},{\"@type\":\"WebSite\",\"@id\":\"https:\\\/\\\/www.eren.ch\\\/barc\\\/#website\",\"url\":\"https:\\\/\\\/www.eren.ch\\\/barc\\\/\",\"name\":\"Paroisse r\u00e9form\u00e9e de La BARC\",\"description\":\"B\u00f4le - Auvernier - Rochefort - Colombier\",\"publisher\":{\"@id\":\"https:\\\/\\\/www.eren.ch\\\/barc\\\/#organization\"},\"potentialAction\":[{\"@type\":\"SearchAction\",\"target\":{\"@type\":\"EntryPoint\",\"urlTemplate\":\"https:\\\/\\\/www.eren.ch\\\/barc\\\/?s={search_term_string}\"},\"query-input\":{\"@type\":\"PropertyValueSpecification\",\"valueRequired\":true,\"valueName\":\"search_term_string\"}}],\"inLanguage\":\"fr-FR\"},{\"@type\":\"Organization\",\"@id\":\"https:\\\/\\\/www.eren.ch\\\/barc\\\/#organization\",\"name\":\"Paroisse de La BARC\",\"url\":\"https:\\\/\\\/www.eren.ch\\\/barc\\\/\",\"logo\":{\"@type\":\"ImageObject\",\"inLanguage\":\"fr-FR\",\"@id\":\"https:\\\/\\\/www.eren.ch\\\/barc\\\/#\\\/schema\\\/logo\\\/image\\\/\",\"url\":\"https:\\\/\\\/www.eren.ch\\\/barc\\\/wp-content\\\/uploads\\\/sites\\\/4\\\/2020\\\/12\\\/logo-barc.png\",\"contentUrl\":\"https:\\\/\\\/www.eren.ch\\\/barc\\\/wp-content\\\/uploads\\\/sites\\\/4\\\/2020\\\/12\\\/logo-barc.png\",\"width\":240,\"height\":117,\"caption\":\"Paroisse de La BARC\"},\"image\":{\"@id\":\"https:\\\/\\\/www.eren.ch\\\/barc\\\/#\\\/schema\\\/logo\\\/image\\\/\"},\"sameAs\":[\"https:\\\/\\\/www.facebook.com\\\/eglise.EREN\",\"https:\\\/\\\/x.com\\\/egliseeren\",\"https:\\\/\\\/fr.wikipedia.org\\\/wiki\\\/\u00c9glise_r\u00e9form\u00e9e_\u00e9vang\u00e9lique_du_canton_de_Neuch\u00e2tel\"]},{\"@type\":\"Person\",\"@id\":\"https:\\\/\\\/www.eren.ch\\\/barc\\\/#\\\/schema\\\/person\\\/5d95bccce27069a1f461a6f18b26a830\",\"name\":\"Diane Friedli\",\"image\":{\"@type\":\"ImageObject\",\"inLanguage\":\"fr-FR\",\"@id\":\"https:\\\/\\\/secure.gravatar.com\\\/avatar\\\/f4174ee343655321c9dbd4d2c6ee9c77ede314be9a69b089058a09978eeae611?s=96&d=blank&r=g\",\"url\":\"https:\\\/\\\/secure.gravatar.com\\\/avatar\\\/f4174ee343655321c9dbd4d2c6ee9c77ede314be9a69b089058a09978eeae611?s=96&d=blank&r=g\",\"contentUrl\":\"https:\\\/\\\/secure.gravatar.com\\\/avatar\\\/f4174ee343655321c9dbd4d2c6ee9c77ede314be9a69b089058a09978eeae611?s=96&d=blank&r=g\",\"caption\":\"Diane Friedli\"},\"sameAs\":[\"https:\\\/\\\/dianefriedli.ch\\\/\",\"https:\\\/\\\/www.facebook.com\\\/diane.friedli\",\"https:\\\/\\\/www.youtube.com\\\/channel\\\/UCNrNBZYbsUHnqKGrrw3JSfw\",\"https:\\\/\\\/fr.wikipedia.org\\\/wiki\\\/\u00c9glise_r\u00e9form\u00e9e_\u00e9vanglique_du_canton_de_Neuch\u00e2tel\"],\"honorificPrefix\":\"Mme\",\"birthDate\":\"1980-10-28\",\"gender\":\"femme\",\"knowsAbout\":[\"th\u00e9ologie\",\"cat\u00e9ch\u00e8se\",\"vulgarisation th\u00e9ologique\",\"pr\u00e9dication\"],\"knowsLanguage\":[\"fran\u00e7ais\",\"allemand\",\"anglais\"],\"jobTitle\":\"pasteure\",\"worksFor\":\"EREN\",\"url\":\"https:\\\/\\\/www.eren.ch\\\/barc\\\/author\\\/dfriedli\\\/\"}]}<\/script>\n<!-- \/ Yoast SEO Premium plugin. -->","yoast_head_json":{"title":"Qu'est-ce qu'on mange? &#8226; Paroisse r\u00e9form\u00e9e de La BARC","description":"Le cat\u00e9chisme \u00e0 distance v\u00e9cu avec la paroisse du Joran se poursuit, en collaboration avec mes coll\u00e8gues Laure Devaux et Yves Bourquin. Et pour nous, la","robots":{"index":"index","follow":"follow","max-snippet":"max-snippet:-1","max-image-preview":"max-image-preview:large","max-video-preview":"max-video-preview:-1"},"canonical":"https:\/\/www.eren.ch\/barc\/2020\/05\/15\/quest-ce-quon-mange\/","og_locale":"fr_FR","og_type":"article","og_title":"Qu'est-ce qu'on mange?","og_description":"Le cat\u00e9chisme \u00e0 distance v\u00e9cu avec la paroisse du Joran se poursuit, en collaboration avec mes coll\u00e8gues Laure Devaux et Yves Bourquin. Et pour nous, la","og_url":"https:\/\/www.eren.ch\/barc\/2020\/05\/15\/quest-ce-quon-mange\/","og_site_name":"Paroisse r\u00e9form\u00e9e de La BARC","article_publisher":"https:\/\/www.facebook.com\/eglise.EREN","article_author":"https:\/\/www.facebook.com\/diane.friedli","article_published_time":"2020-05-15T06:28:34+00:00","og_image":[{"width":1920,"height":1282,"url":"https:\/\/www.eren.ch\/barc\/wp-content\/uploads\/sites\/4\/2020\/05\/brunch-788499_1920.jpg","type":"image\/jpeg"}],"author":"Diane Friedli","twitter_card":"summary_large_image","twitter_creator":"@egliseeren","twitter_site":"@egliseeren","twitter_misc":{"\u00c9crit par":"Diane Friedli","Dur\u00e9e de lecture estim\u00e9e":"2 minutes"},"schema":{"@context":"https:\/\/schema.org","@graph":[{"@type":"Article","@id":"https:\/\/www.eren.ch\/barc\/2020\/05\/15\/quest-ce-quon-mange\/#article","isPartOf":{"@id":"https:\/\/www.eren.ch\/barc\/2020\/05\/15\/quest-ce-quon-mange\/"},"author":{"name":"Diane Friedli","@id":"https:\/\/www.eren.ch\/barc\/#\/schema\/person\/5d95bccce27069a1f461a6f18b26a830"},"headline":"Qu&rsquo;est-ce qu&rsquo;on mange?","datePublished":"2020-05-15T06:28:34+00:00","mainEntityOfPage":{"@id":"https:\/\/www.eren.ch\/barc\/2020\/05\/15\/quest-ce-quon-mange\/"},"wordCount":438,"publisher":{"@id":"https:\/\/www.eren.ch\/barc\/#organization"},"image":{"@id":"https:\/\/www.eren.ch\/barc\/2020\/05\/15\/quest-ce-quon-mange\/#primaryimage"},"thumbnailUrl":"https:\/\/www.eren.ch\/barc\/wp-content\/uploads\/sites\/4\/2020\/05\/brunch-788499_1920.jpg","inLanguage":"fr-FR"},{"@type":"WebPage","@id":"https:\/\/www.eren.ch\/barc\/2020\/05\/15\/quest-ce-quon-mange\/","url":"https:\/\/www.eren.ch\/barc\/2020\/05\/15\/quest-ce-quon-mange\/","name":"Qu'est-ce qu'on mange? &#8226; Paroisse r\u00e9form\u00e9e de La BARC","isPartOf":{"@id":"https:\/\/www.eren.ch\/barc\/#website"},"primaryImageOfPage":{"@id":"https:\/\/www.eren.ch\/barc\/2020\/05\/15\/quest-ce-quon-mange\/#primaryimage"},"image":{"@id":"https:\/\/www.eren.ch\/barc\/2020\/05\/15\/quest-ce-quon-mange\/#primaryimage"},"thumbnailUrl":"https:\/\/www.eren.ch\/barc\/wp-content\/uploads\/sites\/4\/2020\/05\/brunch-788499_1920.jpg","datePublished":"2020-05-15T06:28:34+00:00","description":"Le cat\u00e9chisme \u00e0 distance v\u00e9cu avec la paroisse du Joran se poursuit, en collaboration avec mes coll\u00e8gues Laure Devaux et Yves Bourquin. Et pour nous, la","breadcrumb":{"@id":"https:\/\/www.eren.ch\/barc\/2020\/05\/15\/quest-ce-quon-mange\/#breadcrumb"},"inLanguage":"fr-FR","potentialAction":[{"@type":"ReadAction","target":["https:\/\/www.eren.ch\/barc\/2020\/05\/15\/quest-ce-quon-mange\/"]}]},{"@type":"ImageObject","inLanguage":"fr-FR","@id":"https:\/\/www.eren.ch\/barc\/2020\/05\/15\/quest-ce-quon-mange\/#primaryimage","url":"https:\/\/www.eren.ch\/barc\/wp-content\/uploads\/sites\/4\/2020\/05\/brunch-788499_1920.jpg","contentUrl":"https:\/\/www.eren.ch\/barc\/wp-content\/uploads\/sites\/4\/2020\/05\/brunch-788499_1920.jpg","width":1920,"height":1282},{"@type":"BreadcrumbList","@id":"https:\/\/www.eren.ch\/barc\/2020\/05\/15\/quest-ce-quon-mange\/#breadcrumb","itemListElement":[{"@type":"ListItem","position":1,"name":"Accueil","item":"https:\/\/www.eren.ch\/barc\/"},{"@type":"ListItem","position":2,"name":"Qu&rsquo;est-ce qu&rsquo;on mange?"}]},{"@type":"WebSite","@id":"https:\/\/www.eren.ch\/barc\/#website","url":"https:\/\/www.eren.ch\/barc\/","name":"Paroisse r\u00e9form\u00e9e de La BARC","description":"B\u00f4le - Auvernier - Rochefort - Colombier","publisher":{"@id":"https:\/\/www.eren.ch\/barc\/#organization"},"potentialAction":[{"@type":"SearchAction","target":{"@type":"EntryPoint","urlTemplate":"https:\/\/www.eren.ch\/barc\/?s={search_term_string}"},"query-input":{"@type":"PropertyValueSpecification","valueRequired":true,"valueName":"search_term_string"}}],"inLanguage":"fr-FR"},{"@type":"Organization","@id":"https:\/\/www.eren.ch\/barc\/#organization","name":"Paroisse de La BARC","url":"https:\/\/www.eren.ch\/barc\/","logo":{"@type":"ImageObject","inLanguage":"fr-FR","@id":"https:\/\/www.eren.ch\/barc\/#\/schema\/logo\/image\/","url":"https:\/\/www.eren.ch\/barc\/wp-content\/uploads\/sites\/4\/2020\/12\/logo-barc.png","contentUrl":"https:\/\/www.eren.ch\/barc\/wp-content\/uploads\/sites\/4\/2020\/12\/logo-barc.png","width":240,"height":117,"caption":"Paroisse de La BARC"},"image":{"@id":"https:\/\/www.eren.ch\/barc\/#\/schema\/logo\/image\/"},"sameAs":["https:\/\/www.facebook.com\/eglise.EREN","https:\/\/x.com\/egliseeren","https:\/\/fr.wikipedia.org\/wiki\/\u00c9glise_r\u00e9form\u00e9e_\u00e9vang\u00e9lique_du_canton_de_Neuch\u00e2tel"]},{"@type":"Person","@id":"https:\/\/www.eren.ch\/barc\/#\/schema\/person\/5d95bccce27069a1f461a6f18b26a830","name":"Diane Friedli","image":{"@type":"ImageObject","inLanguage":"fr-FR","@id":"https:\/\/secure.gravatar.com\/avatar\/f4174ee343655321c9dbd4d2c6ee9c77ede314be9a69b089058a09978eeae611?s=96&d=blank&r=g","url":"https:\/\/secure.gravatar.com\/avatar\/f4174ee343655321c9dbd4d2c6ee9c77ede314be9a69b089058a09978eeae611?s=96&d=blank&r=g","contentUrl":"https:\/\/secure.gravatar.com\/avatar\/f4174ee343655321c9dbd4d2c6ee9c77ede314be9a69b089058a09978eeae611?s=96&d=blank&r=g","caption":"Diane Friedli"},"sameAs":["https:\/\/dianefriedli.ch\/","https:\/\/www.facebook.com\/diane.friedli","https:\/\/www.youtube.com\/channel\/UCNrNBZYbsUHnqKGrrw3JSfw","https:\/\/fr.wikipedia.org\/wiki\/\u00c9glise_r\u00e9form\u00e9e_\u00e9vanglique_du_canton_de_Neuch\u00e2tel"],"honorificPrefix":"Mme","birthDate":"1980-10-28","gender":"femme","knowsAbout":["th\u00e9ologie","cat\u00e9ch\u00e8se","vulgarisation th\u00e9ologique","pr\u00e9dication"],"knowsLanguage":["fran\u00e7ais","allemand","anglais"],"jobTitle":"pasteure","worksFor":"EREN","url":"https:\/\/www.eren.ch\/barc\/author\/dfriedli\/"}]}},"_links":{"self":[{"href":"https:\/\/www.eren.ch\/barc\/wp-json\/wp\/v2\/posts\/1490","targetHints":{"allow":["GET"]}}],"collection":[{"href":"https:\/\/www.eren.ch\/barc\/wp-json\/wp\/v2\/posts"}],"about":[{"href":"https:\/\/www.eren.ch\/barc\/wp-json\/wp\/v2\/types\/post"}],"author":[{"embeddable":true,"href":"https:\/\/www.eren.ch\/barc\/wp-json\/wp\/v2\/users\/15"}],"replies":[{"embeddable":true,"href":"https:\/\/www.eren.ch\/barc\/wp-json\/wp\/v2\/comments?post=1490"}],"version-history":[{"count":1,"href":"https:\/\/www.eren.ch\/barc\/wp-json\/wp\/v2\/posts\/1490\/revisions"}],"predecessor-version":[{"id":1495,"href":"https:\/\/www.eren.ch\/barc\/wp-json\/wp\/v2\/posts\/1490\/revisions\/1495"}],"wp:featuredmedia":[{"embeddable":true,"href":"https:\/\/www.eren.ch\/barc\/wp-json\/wp\/v2\/media\/1494"}],"wp:attachment":[{"href":"https:\/\/www.eren.ch\/barc\/wp-json\/wp\/v2\/media?parent=1490"}],"wp:term":[{"taxonomy":"category","embeddable":true,"href":"https:\/\/www.eren.ch\/barc\/wp-json\/wp\/v2\/categories?post=1490"},{"taxonomy":"post_tag","embeddable":true,"href":"https:\/\/www.eren.ch\/barc\/wp-json\/wp\/v2\/tags?post=1490"}],"curies":[{"name":"wp","href":"https:\/\/api.w.org\/{rel}","templated":true}]}}