{"id":1665,"date":"2020-05-31T08:00:38","date_gmt":"2020-05-31T06:00:38","guid":{"rendered":"https:\/\/www.eren.ch\/barc\/?p=1665"},"modified":"2020-10-27T10:29:31","modified_gmt":"2020-10-27T09:29:31","slug":"meme-endroit-culte-pentecote","status":"publish","type":"post","link":"https:\/\/www.eren.ch\/barc\/2020\/05\/31\/meme-endroit-culte-pentecote\/","title":{"rendered":"Tous au m\u00eame endroit: culte de Pentec\u00f4te"},"content":{"rendered":"<p>Premier culte avec assembl\u00e9e depuis le mois de mars au temple de Colombier. En communion avec celles et ceux qui choisissent de le vivre \u00e0 distance. Voici les textes du culte et que Dieu vous b\u00e9nisse.<\/p>\n<h2>Accueil<\/h2>\n<p>\u00abQuand le jour de la Pentec\u00f4te arriva, les croyants \u00e9taient r\u00e9unis tous ensemble au m\u00eame endroit.\u00bb<\/p>\n<p>R\u00e9unis tous ensemble au m\u00eame endroit&#8230;<br \/>\nQui eut cru il y a quelques mois encore que cette phrase r\u00e9sonnerait de mani\u00e8re si particuli\u00e8re pour nous aujourd\u2019hui? Se r\u00e9unir dans ce temple, y retrouver ces bancs ma foi pas bien confortables (aviez-vous oubli\u00e9 qu\u2019ils l\u2019\u00e9taient?) est un \u00e9v\u00e9nement pour nous .<\/p>\n<p>Alors bienvenue! Bienvenue et que Dieu b\u00e9nisse vos jours!<br \/>\nEt bienvenue \u00e0 celles et ceux qui ont choisi de vivre ce culte sur internet.<\/p>\n<h2>10 commandements<\/h2>\n<p>Nous sommes rassembl\u00e9s ici, mais les \u00e9preuves n\u2019appartiennent pas qu\u2019au pass\u00e9. Il nous faut donc \u00eatre particuli\u00e8rement respectueux des r\u00e8gles que je vous rappelle maintenant.<\/p>\n<p>\u00c9coute, communaut\u00e9 de La BARC, les 10 paroles qui te sont donn\u00e9es!<\/p>\n<ol>\n<li>Tu maintiendras avec ton prochain un espace de 2 m\u00e8tres et tu resteras group\u00e9 avec celles et ceux qui partagent ton foyer.<\/li>\n<li>Tu te d\u00e9sinfecteras les mains en entrant dans le temple.<\/li>\n<li>Tu ne serras pas la main de ton prochain, ni ne l\u2019embrasseras.<\/li>\n<li>Tu donneras ton nom et tes coordonn\u00e9es pour qu\u2019il soit possible de tenir la liste des personnes pr\u00e9sentes en un m\u00eame lieu un jour donn\u00e9.<\/li>\n<li>Tu pourras porter un masque si tu le souhaites.<\/li>\n<li>Si tu as de la fi\u00e8vre ou des sympt\u00f4mes de la maladie, tu resteras chez toi pour prot\u00e9ger ton prochain.<\/li>\n<li>Toutes les c\u00e9l\u00e9brations de ta paroisse auront lieu au temple de Colombier, le plus grand de ta paroisse et le seul \u00e0 \u00eatre am\u00e9nag\u00e9 selon les r\u00e8gles.<\/li>\n<li>Tu entreras par la porte est et sortiras par la porte ouest, tu \u00e9viteras le plus possible les d\u00e9placements.<\/li>\n<li>Tu ne chanteras pas lors de tes cultes.<\/li>\n<li>Tu ne partageras pas la c\u00e8ne jusqu\u2019\u00e0 nouvel avis<\/li>\n<\/ol>\n<p>Voil\u00e0 chers amis les r\u00e8gles que nous respecterons si nous voulons pouvoir \u00e0 nouveau \u00eatre <em>des croyants r\u00e9unis tous ensemble dans un m\u00eame endroit<\/em>.<\/p>\n<h2>Invocation<\/h2>\n<p>Quand le jour de la Pentec\u00f4te arriva, les croyants \u00e9taient r\u00e9unis tous ensemble au m\u00eame endroit et ils priaient.<\/p>\n<p>Esprit saint, esprit cr\u00e9ateur<br \/>\nO gr\u00e2ce qui surpasse tout,<br \/>\nViens habiter dans notre c\u0153ur!<br \/>\nSaint-Esprit, visite-nous!<br \/>\nToi qui descends du Dieu tr\u00e8s-haut,<br \/>\nconsolateur promis aux siens<br \/>\nBaptise-nous d\u2019un feu nouveau<br \/>\nEt r\u00e9pands sur nous tes biens!<br \/>\nO source de tout don parfaitement<br \/>\nEt doigt de Dieu pour nous guider,<br \/>\nPar ta pr\u00e9sence tu permets<br \/>\nQue les mots soient inspir\u00e9s.<br \/>\nMets ta clart\u00e9 dans nos esprits,<br \/>\nRemplis nos c\u0153urs de ton amour<br \/>\nEt que nos corps soient affermis de ta force, tous les jours.<br \/>\nAu loin repousse l\u2019ennemi<br \/>\nLa paix descende enfin partout<br \/>\nSois notre guide et notre appui<br \/>\nLoin du mal dirige-nous.<br \/>\nQue Dieu le P\u00e8re et dieu le Fils nous soient rendus pr\u00e9sents par toi<br \/>\nEnsemble avec le Saint-Esprit, qu\u2019ils re\u00e7oivent notre foi.<br \/>\nLouange au P\u00e8re, au Cr\u00e9ateur.<br \/>\nLouange au Fils ressuscit\u00e9<br \/>\nAu Saint-Esprit consolateur, gloire pour l\u2019\u00e9ternit\u00e9.<br \/>\nAmen<\/p>\n<h2>Confession des p\u00e9ch\u00e9s<\/h2>\n<p>Seigneur Dieu, en ce jour o\u00f9 nous nous retrouvons enfin ensemble, nous voulons revenir en nous-m\u00eame pour revoir notre chemin de ces derni\u00e8res semaines.<\/p>\n<p>Face \u00e0 nous-m\u00eames durant cette longue p\u00e9riode de confinement, nous avons eu l\u2019occasion de prendre le temps de l\u2019introspection.<\/p>\n<p>Par le biais de l\u2019absence, nous avons pu d\u00e9couvrir ou red\u00e9couvrir l\u2019importance de la pr\u00e9sence.<\/p>\n<p>Et nous aimerions aujourd\u2019hui nous souvenir des dangers qui nous guettent insidieusement dans l\u2019habitude du quotidien. Trop souvent nous ne savons aimer que d&rsquo;un amour qui poss\u00e8de. Trop souvent nous parlons alors qu&rsquo;il faut se taire; ou bien nous nous taisons alors qu&rsquo;il faut parler. Trop souvent nous blessons sans nous en rendre compte. Et quand nous sommes bless\u00e9s, nous devenons rancuniers.<\/p>\n<p>Seigneur, nous aimerions nous souvenir de ces manquements pour ne pas les r\u00e9p\u00e9ter lorsque nous serons repris par le rythme effr\u00e9n\u00e9 de nos activit\u00e9s.<\/p>\n<p>Tu nous demandes de mettre la relation au c\u0153ur de notre vie, mais nous pr\u00e9f\u00e9rons bien souvent notre organisation bien huil\u00e9e, nous avons peur de perdre notre temps. Tu nous demandes de pardonner, mais nous pr\u00e9f\u00e9rons fermer les yeux et oublier. Tu nous demandes d&rsquo;aimer l&rsquo;autre comme s&rsquo;il \u00e9tait J\u00e9sus-Christ mais nous en avons peur.<\/p>\n<p>Durant ce temps de confinement, nous avons eu tout le loisir de r\u00e9aliser combien l\u2019habitude nous \u00e9loigne de ce que tu aurais plaisir \u00e0 nous voir \u00eatre.<\/p>\n<p>Seigneur, nous aimerions nous souvenir de ces manquements pour ne pas les r\u00e9p\u00e9ter lorsque nous serons repris par le rythme effr\u00e9n\u00e9 de nos activit\u00e9s. Pardonne-nous Seigneur d&rsquo;oublier ta pr\u00e9sence, car il n&rsquo;y a que toi qui peux nous faire vivre une v\u00e9ritable fraternit\u00e9.<\/p>\n<p>Amen.<\/p>\n<h2>Annonce du pardon<\/h2>\n<p>Seigneur Dieu, par ton Esprit-Saint, nous d\u00e9couvrons la richesse des biens que tu nous pr\u00e9sentes. Ton pardon nous remplis d\u2019esp\u00e9rance. C&rsquo;est pourquoi nous irons de l&rsquo;avant, renouvel\u00e9s, confiants en ta gr\u00e2ce toujours offerte.\u00a0Amen<\/p>\n<h2>Pri\u00e8re d\u2019illumination<\/h2>\n<p>Par ton Esprit, Seigneur, ouvre nos yeux: que notre regard se tourne vers nos fr\u00e8res, regard qui accueille avec bienveillance, sans juger.<\/p>\n<p>Par ton Esprit Seigneur, ouvre nos mains: que nous sachions donner sans calcul mesquin.<\/p>\n<p>Par ton Esprit, Seigneur, ouvre nos c\u0153urs: que nous trouvions le geste ou la parole qui transfigure la vie de chaque jour.<\/p>\n<p>Tu nous l\u2019as promis, Seigneur, tu ne nous laisseras pas orphelins. C\u2019est ton Esprit que tu nous donnes, parce que nous sommes avec toi, depuis toujours et \u00e0 jamais.<\/p>\n<p>Et \u00e0 l\u2019heure o\u00f9 nous ouvrons les \u00c9critures, que ton Esprit inspire notre \u00e9coute et notre compr\u00e9hension. Amen<\/p>\n<h2>Lectures bibliques<\/h2>\n<blockquote><p>Il y a diverses sortes de dons spirituels, mais c&rsquo;est le m\u00eame Esprit qui les accorde. Il y a diverses fa\u00e7ons de servir, mais c&rsquo;est le m\u00eame Seigneur que l&rsquo;on sert. Il y a diverses activit\u00e9s, mais c&rsquo;est le m\u00eame Dieu qui les produit toutes en tous.<\/p>\n<p>En chacun l&rsquo;Esprit Saint se manifeste par un don pour le bien de tous. L&rsquo;Esprit donne \u00e0 l&rsquo;un de parler selon la sagesse, et \u00e0 un autre le m\u00eame Esprit donne de parler selon la connaissance. Ce seul et m\u00eame Esprit donne \u00e0 l&rsquo;un une foi exceptionnelle et \u00e0 un autre le pouvoir de gu\u00e9rir les malades. L&rsquo;Esprit accorde \u00e0 l&rsquo;un de pouvoir accomplir des miracles, \u00e0 un autre le don de transmettre des messages re\u00e7us de Dieu, \u00e0 un autre encore la capacit\u00e9 de distinguer les faux esprits du v\u00e9ritable Esprit. A l&rsquo;un il donne la possibilit\u00e9 de parler en des langues inconnues et \u00e0 un autre la possibilit\u00e9 d&rsquo;interpr\u00e9ter ces langues.<\/p>\n<p>C&rsquo;est le seul et m\u00eame Esprit qui produit tout cela; il accorde \u00e0 chacun un don diff\u00e9rent, comme il le veut.<\/p>\n<p style=\"text-align: right;\">1 Corinthiens 12,4-11<\/p>\n<\/blockquote>\n<blockquote><p>Quand le jour de la Pentec\u00f4te arriva, les croyants \u00e9taient r\u00e9unis tous ensemble au m\u00eame endroit. Tout \u00e0 coup, un bruit vint du ciel, comme si un vent violent se mettait \u00e0 souffler, et il remplit toute la maison o\u00f9 ils \u00e9taient assis. Ils virent alors appara\u00eetre des langues pareilles \u00e0 des flammes de feu; elles se s\u00e9par\u00e8rent et elles se pos\u00e8rent une \u00e0 une sur chacun d&rsquo;eux. Ils furent tous remplis du Saint-Esprit et se mirent \u00e0 parler en d&rsquo;autres langues, selon ce que l&rsquo;Esprit leur donnait d&rsquo;exprimer.<\/p>\n<p>A J\u00e9rusalem vivaient des Juifs pieux, venus de tous les pays du monde. Quand ce bruit se fit entendre, ils s&rsquo;assembl\u00e8rent en foule. Ils \u00e9taient tous profond\u00e9ment surpris, car chacun d&rsquo;eux entendait les croyants parler dans sa propre langue. Ils \u00e9taient remplis d&rsquo;\u00e9tonnement et d&rsquo;admiration, et disaient: \u00abCes gens qui parlent, ne sont-ils pas tous Galil\u00e9ens? Comment se fait-il alors que chacun de nous les entende parler dans sa langue maternelle? Parmi nous, il y en a qui viennent du pays des Parthes, de M\u00e9die et d&rsquo;\u00c9lam. Il y a des habitants de M\u00e9sopotamie, de Jud\u00e9e et de Cappadoce, du Pont et de la province d&rsquo;Asie, de Phrygie et de Pamphylie, d&rsquo;\u00c9gypte et de la r\u00e9gion de Cyr\u00e8ne, en Libye; il y en a qui sont venus de Rome, de Cr\u00e8te et d&rsquo;Arabie; certains sont n\u00e9s Juifs, et d&rsquo;autres se sont convertis \u00e0 la religion juive. Et pourtant nous les entendons parler dans nos diverses langues des grandes \u0153uvres de Dieu!\u00bb.<\/p>\n<p>Ils \u00e9taient tous remplis d&rsquo;\u00e9tonnement et ne savaient plus que penser; ils se disaient les uns aux autres: \u00abQu&rsquo;est-ce que cela signifie?\u00bb Mais d&rsquo;autres se moquaient des croyants en disant: \u00abIls sont compl\u00e8tement ivres!\u00bb<\/p>\n<p style=\"text-align: right;\">Actes 2,1-13<\/p>\n<\/blockquote>\n<h2>Pr\u00e9dication<\/h2>\n<audio class=\"wp-audio-shortcode\" id=\"audio-1665-1\" preload=\"none\" style=\"width: 100%;\" controls=\"controls\"><source type=\"audio\/mpeg\" src=\"https:\/\/www.eren.ch\/barc\/wp-content\/uploads\/sites\/4\/2020\/05\/200530_0067.mp3?_=1\" \/><a href=\"https:\/\/www.eren.ch\/barc\/wp-content\/uploads\/sites\/4\/2020\/05\/200530_0067.mp3\">https:\/\/www.eren.ch\/barc\/wp-content\/uploads\/sites\/4\/2020\/05\/200530_0067.mp3<\/a><\/audio>\n<p>Chers amis, je dois vous l\u2019avouer, ce dimanche cl\u00f4t pour moi une semaine bien tourment\u00e9e. Tiraill\u00e9e entre ce qui aurait d\u00fb \u00eatre et ce qui est. \u00c9cartel\u00e9e entre d\u00e9sir et devoir. Partag\u00e9e entre responsabilit\u00e9 et accueil des besoins. Je ne sais comment faire pour bien faire. Je ne sais quoi faire pour faire juste.<\/p>\n<p>Je m\u2019explique. D\u2019un c\u00f4t\u00e9, il y a la r\u00e9alit\u00e9 de ces deux mois durant lesquels nous avons \u00e9t\u00e9 priv\u00e9s de beaucoup de choses, en particulier de relations sociales et communautaires. Je le sais, la vie paroissiale a manqu\u00e9 \u00e0 plusieurs d\u2019entre vous. \u00c0 la fois j\u2019en suis d\u00e9sol\u00e9e, mais j\u2019en suis aussi ravie. Ravie car cela a fait (re)d\u00e9couvrir la place importante que la paroisse a dans la vie de certaines personnes de nos villages.<\/p>\n<p>Ce manque provoque un enthousiasme \u00e0 nous revoir, une joie perceptible, tangible. Et c\u2019est beau! M\u00eame \u00e9loign\u00e9s sur nos bancs, diss\u00e9min\u00e9s dans ce temple. M\u00eame interdits de chanter et de partager la c\u00e8ne, nous sommes heureux d\u2019\u00eatre r\u00e9unis autour de la Parole de Dieu. Une simplicit\u00e9, une sobri\u00e9t\u00e9, qui nous ram\u00e8nent au c\u0153ur de la foi protestante: hommes et femmes simples qui placent leur existence sous le regard de Dieu et cherchant \u00e0 saisir le sens de leur vie nourris par la m\u00e9ditation des textes de la Bible. Ceci et rien de plus.<\/p>\n<p>D\u2019un c\u00f4t\u00e9, je vois donc cet enthousiasme et je l\u2019accueille avec joie. Mais en face de celui-ci, j\u2019ai aussi conscience de l\u2019inconnu qui se pr\u00e9sente \u00e0 nous. Est-ce bien raisonnable ? En vous invitant \u00e0 venir ce matin, l\u2019\u00c9glise vous met-elle en danger? Au niveau personnel et individuel, nous choisissons les risques que nous prenons. Mais une institution: qui plus est une institution qui veut du bien \u00e0 ses membres. Une institution dont la survie ne d\u00e9pend pas d\u2019une reprise en pr\u00e9sence de ses activit\u00e9s comme le sont toutes les entreprises pour lesquelles chaque jour \u00e0 l\u2019arr\u00eat met un peu plus en p\u00e9ril son existence. Est-il juste que cette institution qu\u2019est l\u2019\u00c9glise organise des r\u00e9unions de mani\u00e8re pr\u00e9cipit\u00e9e?<\/p>\n<p>Dans le plan de d\u00e9confinement annonc\u00e9 il y a quelques temps, il \u00e9tait pr\u00e9vu que les \u00c9glises reprennent leurs activit\u00e9s en pr\u00e9sence en m\u00eame temps que les acteurs culturels et associatifs. Cela avait du sens. Notre premier culte devait avoir lieu le 14 juin, \u00e0 l\u2019issue d\u2019une semaine o\u00f9 l\u2019on pourrait se rendre au cin\u00e9ma, au th\u00e9\u00e2tre ou \u00e0 notre club de loisirs. Mais les \u00c9glises ont fait pressions sur le Conseil f\u00e9d\u00e9ral et ont obtenu un r\u00e9gime de faveur. Et cela me d\u00e9range. Selon la parole biblique, le croyant n\u2019est pas <em>du<\/em> monde mais il est <em>dans<\/em> le monde. Comment rejoindre nos contemporains dans la r\u00e9alit\u00e9 qu\u2019ils traversent si nous ne sommes pas soumis aux m\u00eame r\u00e8gles?<\/p>\n<p>Voil\u00e0 donc les interrogations qui m\u2019ont habit\u00e9es cette semaine. Les questionnements avec lesquels j\u2019ai abord\u00e9 la lecture des textes de la Pentec\u00f4te: le r\u00e9cit dans le livre des Actes et le fabuleux passage de l\u2019\u00e9p\u00eetre de Paul aux Corinthiens sur les dons de l\u2019Esprit.<\/p>\n<p>Et ce qui m\u2019a frapp\u00e9 en lisant le r\u00e9cit des Actes c\u2019est ce perp\u00e9tuel va et vient entre l\u2019individu et le collectif, entre l\u2019universel et le particulier.<br \/>\nCe feu qui remplit tout l\u2019espace.<br \/>\nEt ces flammes qui se s\u00e9parent pour se poser sur chacun d\u2019eux.<br \/>\nCette foule qui s\u2019assemble.<br \/>\nEt chacun qui est interpell\u00e9, surpris, \u00e9tonn\u00e9.<br \/>\nCes hommes venus de partout.<br \/>\nEt chacun qui entend dans sa propre langue.<\/p>\n<p>Universel, collectif, global.<br \/>\nEt en m\u00eame temps personnel, individuel.<\/p>\n<p>Nous sommes des individus. Mais des individus sociaux. Des \u00eatres en relation. Et certains d\u2019entre nous ont souffert ces derniers temps d\u2019un manque de liens. On s\u2019est retrouv\u00e9s seuls avec nous-m\u00eames. Ou seuls avec nos proches. \u00c0 l\u2019heure o\u00f9 les sorties sont \u00e0 nouveau autoris\u00e9es, nous sommes avides de rencontres.<\/p>\n<p>Ces derniers deux mois, j\u2019ai r\u00e9guli\u00e8rement entendu, lu et \u00e9chang\u00e9 au sujet de l\u2019importance de se retrouver avec soi-m\u00eame. Beaucoup de personnes ont t\u00e9moign\u00e9 du fait que cet isolement forc\u00e9 leur avait permis de mieux prendre le temps de l\u2019introspection. M\u00e9ditations, pri\u00e8res, lectures, r\u00eavasseries ou heures pass\u00e9es au t\u00e9l\u00e9phone ont fait \u00e9merger combien nos vies bien charg\u00e9es d\u2019avant nous faisaient passer \u00e0 c\u00f4t\u00e9 de ce qui est vraiment important. Rapport \u00e0 la nature, prendre le temps d\u2019observer le printemps \u00e9merger ont nourri bien des r\u00e9flexions spirituelles et existentielles.<\/p>\n<p>La dimension collective a peut-\u00eatre manqu\u00e9 (quoiqu\u2019elle a parfois r\u00e9ussi \u00e0 se r\u00e9inventer par le t\u00e9l\u00e9phone, internet ou d\u2019un balcon \u00e0 l\u2019autre), mais beaucoup ont en profit\u00e9 pour prendre soin de leur jardin int\u00e9rieur.<\/p>\n<p>Saurons-nous faire quelque chose de cela? Ou la reprise sera-t-elle l\u2019occasion d\u2019oublier toutes les promesses que nous nous sommes faites de ne plus nous laisser envahir par les soucis, surcharger par les s\u00e9ances infructueuses, aigrir par les occupations inutiles?<\/p>\n<p>Ce jour-l\u00e0 \u00e0 J\u00e9rusalem, l\u2019Esprit a <em>rempli<\/em> tout l\u2019espace. Bruit fracassant, vent d\u00e9coiffant, feu br\u00fblant ont <em>rempli<\/em> la maison. Tous furent <em>remplis<\/em> de l\u2019Esprit saint. Les gens de partout \u00e9taient <em>remplis<\/em> d\u2019\u00e9tonnement et d\u2019admiration.<\/p>\n<p>Remplir. Un verbe qui revient comme un vent tourbillonnant dans ce r\u00e9cit. Une pl\u00e9nitude qui vient habiter tout l\u2019espace. Pour que vienne cette pl\u00e9nitude, il faut lui laisser de l\u2019espace. Du vide \u00e0 habiter. De la place pour venir souffler. Il faut \u00eatre en attente, r\u00e9ceptifs, ouverts. Si nous nous pr\u00e9cipitons pour tout remplir nous m\u00eames, charger nos agendas, nos journ\u00e9es, nos t\u00eates bien faites et nos esprits bien occup\u00e9s, il n\u2019y aura plus de place pour cet Esprit d\u00e9coiffant.<\/p>\n<p>Le monde s\u2019est arr\u00eat\u00e9 en raison d\u2019un risque m\u00e9dical d\u00e9fini. Le risque de la \u00abreprise\u00bb est plus sournois je pense. Si pour le premier nous avions r\u00e9guli\u00e8rement les points presse du Conseil f\u00e9d\u00e9ral pour nous donner des consignes et des r\u00e8gles, pour le second, nous sommes livr\u00e9s \u00e0 nous-m\u00eames. Le confinement \u00e9tait collectif, le d\u00e9confinement touche \u00e0 l\u2019individuel. Pour g\u00e9rer risque m\u00e9dical, nous \u00e9tions encadr\u00e9s. Pour g\u00e9rer le risque du trop plein, nous sommes seuls. Confinement collectif, d\u00e9confinement individuel.<\/p>\n<p>Le printemps 2020 demeurera un temps \u00e0 part dans l\u2019histoire mondiale et dans nos histoires personnelles. Il a \u00e9t\u00e9 pour beaucoup de personnes un temps de renouvellement spirituel, mais aussi de d\u00e9couvertes et d\u2019apprentissages. On a appris \u00e0 utiliser de nouveaux outils informatiques ou \u00e0 d\u00e9couvrir de nouvelles fonctions \u00e0 nos t\u00e9l\u00e9phones et nos ordinateurs. Des commer\u00e7ants, des restaurateurs, des petites entreprises se sont r\u00e9invent\u00e9s. La cr\u00e9ativit\u00e9 a \u00e9t\u00e9 foisonnante. Pour survivre, il a fallu avoir des id\u00e9es. Et quoi de plus stimulant que de parvenir \u00e0 surmonter des difficult\u00e9s? Cette p\u00e9riode a redonn\u00e9 un \u00e9lan nouveau dans beaucoup de professions. Une conscience aussi de la fragilit\u00e9 de ce que tous croyaient acquis.<\/p>\n<p>En \u00c9glise aussi, nous avons d\u00fb nous r\u00e9inventer. Et pour ma part, j\u2019ai trouv\u00e9 ce temps tr\u00e8s stimulant. On a red\u00e9couvert les \u00e9changes par t\u00e9l\u00e9phone, on a r\u00e9invent\u00e9 le cat\u00e9chisme, on a mis \u00e0 disposition le mat\u00e9riau pour que chacun et chacune puisse c\u00e9l\u00e9brer le culte chez soi. Textes, r\u00e9flexions, musiques, m\u00e9ditations, jeux, t\u00e9moignages. Par le biais du site internet de la paroisse, j\u2019ai d\u00e9couvert des facettes de certaines personnes que j\u2019ignorais jusque l\u00e0. D\u2019une certaine mani\u00e8re, je me suis sentie plus proche que jamais.<\/p>\n<p>Certains n\u2019ont pas acc\u00e8s \u00e0 internet me direz-vous. Certes, mais des r\u00e9seaux \u00e9taient en place et les uns avaient soin d\u2019imprimer les textes et de les glisser dans les bo\u00eetes aux lettres des autres.<\/p>\n<p>Le site a permis une ouverture nouvelle. Des personnes qui viennent rarement s\u2019asseoir sur ces bancs, ou qui ne l\u2019ont m\u00eame jamais fait, ont appr\u00e9ci\u00e9 ces textes. Qui a dit que le culte \u00e9tait \u00e0 10h le dimanche matin? Pour certains, c\u2019\u00e9tait le dimanche soir ou le lundi apr\u00e8s-midi qu\u2019ils pouvaient prendre ce temps \u00e0 part. Cela leur \u00e9tait rendu possible.<\/p>\n<p>Et voici que d\u2019une certaine mani\u00e8re a souffl\u00e9 le vent de la Pentec\u00f4te. Parce que l\u2019\u00c9glise, peut-\u00eatre pour la premi\u00e8re fois, parlait leur langue.<\/p>\n<p>Vous aimez le culte dominical. Vous aimez ce lieu, ces vitraux, ce son qui r\u00e9sonne. Vous aimez les cantiques, la musique de l\u2019orgue. Vous aimez vous lever puis vous rasseoir. Vous aimez vous centrer sur vous-m\u00eames, fermer les yeux pour prier. Vous aimez vous disposer en cercle, partager le pain, passer la coupe. Mais pour certaines personnes, ces gestes, ces paroles, ces coutumes: c\u2019est du Chinois! Luther aurait dit: mais vous parlez latin!<br \/>\nPour une part aujourd\u2019hui majoritaire de la population, nous sommes ces quelques Galil\u00e9ens que personne ne comprend.<\/p>\n<p>On ne s\u2019en rend pas toujours compte parce que pour nous c\u2019est \u00e9vident, nous parlons cette langue. C\u2019est notre langue d\u2019\u00c9glise. Notre langue sacr\u00e9e. Mais ce n\u2019est pas la seule et unique langue. Et nous n\u2019accomplissons pas notre mission si nous r\u00e9servons \u00e0 cette langue seule l\u2019expression des grandes \u0153uvres de Dieu (pour reprendre le texte).<\/p>\n<p>Je ne veux pas id\u00e9aliser les moyens de communication actuels, ni \u00f4ter de la valeur \u00e0 la r\u00e9alit\u00e9 des relations en paroisse. Comprenez-moi bien. Mais je crois que pour la premi\u00e8re fois, certains se sont dits: l\u2019\u00c9glise parle ma langue! Et cela, ce n\u2019est pas rien.<\/p>\n<p>L\u2019\u00e9v\u00e9nement de la Pentec\u00f4te est fondateur du temps de l\u2019\u00c9glise. Un \u00e9v\u00e9nement puissant qui a donn\u00e9 courage, force et entrain pour aller de par le monde. Jusque l\u00e0, l\u2019annonce de la R\u00e9surrection du Christ avait circul\u00e9 dans les milieux juifs. D\u00e8s lors, c\u2019est au monde entier que c\u2019est ouverte l\u2019esp\u00e9rance chr\u00e9tienne. Pentec\u00f4te, c\u2019est le d\u00e9but de l\u2019\u00e9vang\u00e9lisation au sens noble du terme: l\u2019annonce de l\u2019\u00c9vangile, de la Bonne Nouvelle.<\/p>\n<p>Le temple est le lieu de la s\u00e9curit\u00e9. Celui du renforcement de l\u2019affermissement dans la foi. Ce lieu o\u00f9 l\u2019on se retrouve ensemble en un m\u00eame endroit. Mais il est et doit \u00eatre un tremplin. L\u2019endroit d\u2019o\u00f9 nous prenons notre \u00e9lan pour faire rayonner l\u2019\u00c9vangile de par le monde. L\u2019\u00e9v\u00e9nement collectif qui donne l\u2019\u00e9lan \u00e0 toute nos vies individuelles. Au lieu d\u2019\u00eatre un point de d\u00e9part, le rendez-vous dominical devient parfois le point d\u2019arriv\u00e9e, celui qui se suffit \u00e0 lui-m\u00eame. Mais le but m\u00eame d\u2019entrer dans le temple le dimanche matin, c\u2019est de se r\u00e9jouir d\u2019en sortir!<\/p>\n<p>Pour que demain encore, nos contemporains se disent: ils parlent ma langue! Il faudra sortir du temple avec souffle et esp\u00e9rance.<\/p>\n<p>Amen<\/p>\n<h2>Pri\u00e8re d\u2019intercession<\/h2>\n<p>Seigneur, notre Dieu, nous nous tournons vers toi.<\/p>\n<p>En ce temps o\u00f9 nous sortons partiellement de notre isolement, accompagne-nous afin que nous puissions retrouver la confiance<br \/>\net la juste distance envers nos fr\u00e8res et s\u0153urs.<br \/>\nSoutiens ceux et celles qui ont perdu un proche,<br \/>\ndonne du courage \u00e0 tous ceux que les mesures de confinement ont \u00e9prouv\u00e9 financi\u00e8rement.<br \/>\nRenouvelle ceux qui souffrent dans leur corps ou dans leur \u00e2me.<\/p>\n<p>En ce dimanche de Pentec\u00f4te,<br \/>\ninsuffle en nous ton Esprit d\u2019amour et de sagesse.<br \/>\nSi tu discernes en nous quelque g\u00e9n\u00e9rosit\u00e9,<br \/>\naugmente-la par ta gr\u00e2ce ;<br \/>\nlorsque notre d\u00e9sir de renouveau s\u2019affaiblit,<br \/>\nravive-le par ta v\u00e9rit\u00e9 et la cr\u00e9ativit\u00e9 en notre c\u0153ur.<br \/>\nPartout ou\u0300 surgit un espoir de r\u00e9conciliation,<br \/>\nque ta puissance nous unisse.<br \/>\nSuscite en nous un esprit sinc\u00e8re,<br \/>\nla passion de la justice<br \/>\net le courage de nous engager sur ta voie proph\u00e9tique.<\/p>\n<p>Tourne vers nous ta face, \u00f4 Dieu<br \/>\net d\u00e9veloppe en nous la vie de ton Esprit.<br \/>\nNous aspirons \u00e0 la justice,<br \/>\nnous aspirons \u00e0 la paix,<br \/>\n\u00e0 la fin des oppressions,<br \/>\nafin que des chants de soulagement<br \/>\net d\u2019amour montent vers toi.<\/p>\n<p>Donne-nous assez de courage<br \/>\net d\u2019esp\u00e9rance pour \u00e9lever bien haut<br \/>\nla flamme de l\u2019esp\u00e9rance<br \/>\naux quatre coins de notre monde!<br \/>\nAu sud, \u00e0 l\u2019ouest, au nord, \u00e0 l\u2019est&#8230;<\/p>\n<p>Notre P\u00e8re qui es aux cieux,<br \/>\nQue ton nom soit sanctifi\u00e9,<br \/>\nQue ton r\u00e8gne vienne,<br \/>\nQue ta volont\u00e9 soit faite sur la terre comme au ciel.<br \/>\nDonne-nous aujourd\u2019hui notre pain de ce jour,<br \/>\nPardonne-nous nos offenses<br \/>\nComme nous pardonnons aussi<br \/>\n\u00e0 ceux qui nous ont offens\u00e9s<br \/>\nEt ne nous laisse pas entrer en tentation mais d\u00e9livre-nous du mal.<br \/>\nCar c\u2019est \u00e0 toi qu\u2019appartiennent<br \/>\nLe r\u00e8gne, la puissance et la gloire<br \/>\nAux si\u00e8cles des si\u00e8cles.<br \/>\nAmen.<\/p>\n<h2>Envoi<\/h2>\n<p>Prends la route.<br \/>\nNe te lasse pas, cherche et m\u00e9dite, lis et prie<br \/>\nDieu place en toi et dans le creux de tes mains,<br \/>\nla force, la vie, la puissance de son Esprit et le joie de sa promesse.<\/p>\n<h2>B\u00e9n\u00e9diction<\/h2>\n<p>Que Dieu vous b\u00e9nisse et vous garde.<br \/>\nQue le Christ vous remplisse de sa gr\u00e2ce.<br \/>\nQue l&rsquo;Esprit souffle et gonfle vos voiles.<br \/>\nAmen<\/p>\n<hr \/>\n<p>Si vous souhaitez soutenir la paroisse, vous pouvez faire un don \u00e0:<br \/>\nEREN paroisse de La BARC, case postale 198, 2013 Colombier<br \/>\nIBAN CH86 0076 6000 K35218912<br \/>\nMerci!<\/p>\n","protected":false},"excerpt":{"rendered":"<p>Premier culte avec assembl\u00e9e depuis le mois de mars au temple de Colombier. En communion avec celles et ceux qui choisissent de le vivre \u00e0 distance. Voici les textes du culte et que Dieu vous b\u00e9nisse. Accueil \u00abQuand le jour de la Pentec\u00f4te arriva, les croyants \u00e9taient r\u00e9unis tous ensemble au m\u00eame endroit.\u00bb R\u00e9unis tous &hellip; <a href=\"https:\/\/www.eren.ch\/barc\/2020\/05\/31\/meme-endroit-culte-pentecote\/\" class=\"more-link\">Continuer la lecture<span class=\"screen-reader-text\"> de &laquo;&nbsp;Tous au m\u00eame endroit: culte de Pentec\u00f4te&nbsp;&raquo;<\/span><\/a><\/p>\n","protected":false},"author":15,"featured_media":1675,"comment_status":"closed","ping_status":"closed","sticky":false,"template":"","format":"standard","meta":{"footnotes":""},"categories":[2204],"tags":[],"class_list":["post-1665","post","type-post","status-publish","format-standard","has-post-thumbnail","hentry","category-cultes"],"yoast_head":"<!-- This site is optimized with the Yoast SEO Premium plugin v27.4 (Yoast SEO v27.5) - https:\/\/yoast.com\/product\/yoast-seo-premium-wordpress\/ -->\n<title>Tous au m\u00eame endroit: culte de Pentec\u00f4te &#8226; Paroisse r\u00e9form\u00e9e de La BARC<\/title>\n<meta name=\"description\" content=\"Premier culte avec assembl\u00e9e depuis le mois de mars au temple de Colombier. En communion avec celles et ceux qui choisissent de le vivre \u00e0 distance. Voici\" \/>\n<meta name=\"robots\" content=\"index, follow, max-snippet:-1, max-image-preview:large, max-video-preview:-1\" \/>\n<link rel=\"canonical\" href=\"https:\/\/dianefriedli.ch\/confinement-collectif-deconfinement-individuel\/\" \/>\n<meta property=\"og:locale\" content=\"fr_FR\" \/>\n<meta property=\"og:type\" content=\"article\" \/>\n<meta property=\"og:title\" content=\"Tous au m\u00eame endroit: culte de Pentec\u00f4te\" \/>\n<meta property=\"og:description\" content=\"Premier culte avec assembl\u00e9e depuis le mois de mars au temple de Colombier. En communion avec celles et ceux qui choisissent de le vivre \u00e0 distance. Voici\" \/>\n<meta property=\"og:url\" content=\"https:\/\/dianefriedli.ch\/confinement-collectif-deconfinement-individuel\/\" \/>\n<meta property=\"og:site_name\" content=\"Paroisse r\u00e9form\u00e9e de La BARC\" \/>\n<meta property=\"article:publisher\" content=\"https:\/\/www.facebook.com\/eglise.EREN\" \/>\n<meta property=\"article:author\" content=\"https:\/\/www.facebook.com\/diane.friedli\" \/>\n<meta property=\"article:published_time\" content=\"2020-05-31T06:00:38+00:00\" \/>\n<meta property=\"article:modified_time\" content=\"2020-10-27T09:29:31+00:00\" \/>\n<meta property=\"og:image\" content=\"https:\/\/www.eren.ch\/barc\/wp-content\/uploads\/sites\/4\/2020\/05\/dandelion-463928_1920.jpg\" \/>\n\t<meta property=\"og:image:width\" content=\"1920\" \/>\n\t<meta property=\"og:image:height\" content=\"1280\" \/>\n\t<meta property=\"og:image:type\" content=\"image\/jpeg\" \/>\n<meta name=\"author\" content=\"Diane Friedli\" \/>\n<meta name=\"twitter:card\" content=\"summary_large_image\" \/>\n<meta name=\"twitter:creator\" content=\"@egliseeren\" \/>\n<meta name=\"twitter:site\" content=\"@egliseeren\" \/>\n<meta name=\"twitter:label1\" content=\"\u00c9crit par\" \/>\n\t<meta name=\"twitter:data1\" content=\"Diane Friedli\" \/>\n\t<meta name=\"twitter:label2\" content=\"Dur\u00e9e de lecture estim\u00e9e\" \/>\n\t<meta name=\"twitter:data2\" content=\"19 minutes\" \/>\n<script type=\"application\/ld+json\" class=\"yoast-schema-graph\">{\"@context\":\"https:\\\/\\\/schema.org\",\"@graph\":[{\"@type\":\"Article\",\"@id\":\"https:\\\/\\\/dianefriedli.ch\\\/confinement-collectif-deconfinement-individuel\\\/#article\",\"isPartOf\":{\"@id\":\"https:\\\/\\\/www.eren.ch\\\/barc\\\/2020\\\/05\\\/31\\\/meme-endroit-culte-pentecote\\\/\"},\"author\":{\"name\":\"Diane Friedli\",\"@id\":\"https:\\\/\\\/www.eren.ch\\\/barc\\\/#\\\/schema\\\/person\\\/5d95bccce27069a1f461a6f18b26a830\"},\"headline\":\"Tous au m\u00eame endroit: culte de Pentec\u00f4te\",\"datePublished\":\"2020-05-31T06:00:38+00:00\",\"dateModified\":\"2020-10-27T09:29:31+00:00\",\"mainEntityOfPage\":{\"@id\":\"https:\\\/\\\/www.eren.ch\\\/barc\\\/2020\\\/05\\\/31\\\/meme-endroit-culte-pentecote\\\/\"},\"wordCount\":3910,\"publisher\":{\"@id\":\"https:\\\/\\\/www.eren.ch\\\/barc\\\/#organization\"},\"image\":{\"@id\":\"https:\\\/\\\/dianefriedli.ch\\\/confinement-collectif-deconfinement-individuel\\\/#primaryimage\"},\"thumbnailUrl\":\"https:\\\/\\\/www.eren.ch\\\/barc\\\/wp-content\\\/uploads\\\/sites\\\/4\\\/2020\\\/05\\\/dandelion-463928_1920.jpg\",\"articleSection\":[\"Cultes et pr\u00e9dications\"],\"inLanguage\":\"fr-FR\"},{\"@type\":\"WebPage\",\"@id\":\"https:\\\/\\\/www.eren.ch\\\/barc\\\/2020\\\/05\\\/31\\\/meme-endroit-culte-pentecote\\\/\",\"url\":\"https:\\\/\\\/dianefriedli.ch\\\/confinement-collectif-deconfinement-individuel\\\/\",\"name\":\"Tous au m\u00eame endroit: culte de Pentec\u00f4te &#8226; Paroisse r\u00e9form\u00e9e de La BARC\",\"isPartOf\":{\"@id\":\"https:\\\/\\\/www.eren.ch\\\/barc\\\/#website\"},\"primaryImageOfPage\":{\"@id\":\"https:\\\/\\\/dianefriedli.ch\\\/confinement-collectif-deconfinement-individuel\\\/#primaryimage\"},\"image\":{\"@id\":\"https:\\\/\\\/dianefriedli.ch\\\/confinement-collectif-deconfinement-individuel\\\/#primaryimage\"},\"thumbnailUrl\":\"https:\\\/\\\/www.eren.ch\\\/barc\\\/wp-content\\\/uploads\\\/sites\\\/4\\\/2020\\\/05\\\/dandelion-463928_1920.jpg\",\"datePublished\":\"2020-05-31T06:00:38+00:00\",\"dateModified\":\"2020-10-27T09:29:31+00:00\",\"description\":\"Premier culte avec assembl\u00e9e depuis le mois de mars au temple de Colombier. En communion avec celles et ceux qui choisissent de le vivre \u00e0 distance. Voici\",\"breadcrumb\":{\"@id\":\"https:\\\/\\\/dianefriedli.ch\\\/confinement-collectif-deconfinement-individuel\\\/#breadcrumb\"},\"inLanguage\":\"fr-FR\",\"potentialAction\":[{\"@type\":\"ReadAction\",\"target\":[\"https:\\\/\\\/dianefriedli.ch\\\/confinement-collectif-deconfinement-individuel\\\/\"]}]},{\"@type\":\"ImageObject\",\"inLanguage\":\"fr-FR\",\"@id\":\"https:\\\/\\\/dianefriedli.ch\\\/confinement-collectif-deconfinement-individuel\\\/#primaryimage\",\"url\":\"https:\\\/\\\/www.eren.ch\\\/barc\\\/wp-content\\\/uploads\\\/sites\\\/4\\\/2020\\\/05\\\/dandelion-463928_1920.jpg\",\"contentUrl\":\"https:\\\/\\\/www.eren.ch\\\/barc\\\/wp-content\\\/uploads\\\/sites\\\/4\\\/2020\\\/05\\\/dandelion-463928_1920.jpg\",\"width\":1920,\"height\":1280},{\"@type\":\"BreadcrumbList\",\"@id\":\"https:\\\/\\\/dianefriedli.ch\\\/confinement-collectif-deconfinement-individuel\\\/#breadcrumb\",\"itemListElement\":[{\"@type\":\"ListItem\",\"position\":1,\"name\":\"Accueil\",\"item\":\"https:\\\/\\\/www.eren.ch\\\/barc\\\/\"},{\"@type\":\"ListItem\",\"position\":2,\"name\":\"Tous au m\u00eame endroit: culte de Pentec\u00f4te\"}]},{\"@type\":\"WebSite\",\"@id\":\"https:\\\/\\\/www.eren.ch\\\/barc\\\/#website\",\"url\":\"https:\\\/\\\/www.eren.ch\\\/barc\\\/\",\"name\":\"Paroisse r\u00e9form\u00e9e de La BARC\",\"description\":\"B\u00f4le - Auvernier - Rochefort - Colombier\",\"publisher\":{\"@id\":\"https:\\\/\\\/www.eren.ch\\\/barc\\\/#organization\"},\"potentialAction\":[{\"@type\":\"SearchAction\",\"target\":{\"@type\":\"EntryPoint\",\"urlTemplate\":\"https:\\\/\\\/www.eren.ch\\\/barc\\\/?s={search_term_string}\"},\"query-input\":{\"@type\":\"PropertyValueSpecification\",\"valueRequired\":true,\"valueName\":\"search_term_string\"}}],\"inLanguage\":\"fr-FR\"},{\"@type\":\"Organization\",\"@id\":\"https:\\\/\\\/www.eren.ch\\\/barc\\\/#organization\",\"name\":\"Paroisse de La BARC\",\"url\":\"https:\\\/\\\/www.eren.ch\\\/barc\\\/\",\"logo\":{\"@type\":\"ImageObject\",\"inLanguage\":\"fr-FR\",\"@id\":\"https:\\\/\\\/www.eren.ch\\\/barc\\\/#\\\/schema\\\/logo\\\/image\\\/\",\"url\":\"https:\\\/\\\/www.eren.ch\\\/barc\\\/wp-content\\\/uploads\\\/sites\\\/4\\\/2020\\\/12\\\/logo-barc.png\",\"contentUrl\":\"https:\\\/\\\/www.eren.ch\\\/barc\\\/wp-content\\\/uploads\\\/sites\\\/4\\\/2020\\\/12\\\/logo-barc.png\",\"width\":240,\"height\":117,\"caption\":\"Paroisse de La BARC\"},\"image\":{\"@id\":\"https:\\\/\\\/www.eren.ch\\\/barc\\\/#\\\/schema\\\/logo\\\/image\\\/\"},\"sameAs\":[\"https:\\\/\\\/www.facebook.com\\\/eglise.EREN\",\"https:\\\/\\\/x.com\\\/egliseeren\",\"https:\\\/\\\/fr.wikipedia.org\\\/wiki\\\/\u00c9glise_r\u00e9form\u00e9e_\u00e9vang\u00e9lique_du_canton_de_Neuch\u00e2tel\"]},{\"@type\":\"Person\",\"@id\":\"https:\\\/\\\/www.eren.ch\\\/barc\\\/#\\\/schema\\\/person\\\/5d95bccce27069a1f461a6f18b26a830\",\"name\":\"Diane Friedli\",\"image\":{\"@type\":\"ImageObject\",\"inLanguage\":\"fr-FR\",\"@id\":\"https:\\\/\\\/secure.gravatar.com\\\/avatar\\\/f4174ee343655321c9dbd4d2c6ee9c77ede314be9a69b089058a09978eeae611?s=96&d=blank&r=g\",\"url\":\"https:\\\/\\\/secure.gravatar.com\\\/avatar\\\/f4174ee343655321c9dbd4d2c6ee9c77ede314be9a69b089058a09978eeae611?s=96&d=blank&r=g\",\"contentUrl\":\"https:\\\/\\\/secure.gravatar.com\\\/avatar\\\/f4174ee343655321c9dbd4d2c6ee9c77ede314be9a69b089058a09978eeae611?s=96&d=blank&r=g\",\"caption\":\"Diane Friedli\"},\"sameAs\":[\"https:\\\/\\\/dianefriedli.ch\\\/\",\"https:\\\/\\\/www.facebook.com\\\/diane.friedli\",\"https:\\\/\\\/www.youtube.com\\\/channel\\\/UCNrNBZYbsUHnqKGrrw3JSfw\",\"https:\\\/\\\/fr.wikipedia.org\\\/wiki\\\/\u00c9glise_r\u00e9form\u00e9e_\u00e9vanglique_du_canton_de_Neuch\u00e2tel\"],\"honorificPrefix\":\"Mme\",\"birthDate\":\"1980-10-28\",\"gender\":\"femme\",\"knowsAbout\":[\"th\u00e9ologie\",\"cat\u00e9ch\u00e8se\",\"vulgarisation th\u00e9ologique\",\"pr\u00e9dication\"],\"knowsLanguage\":[\"fran\u00e7ais\",\"allemand\",\"anglais\"],\"jobTitle\":\"pasteure\",\"worksFor\":\"EREN\",\"url\":\"https:\\\/\\\/www.eren.ch\\\/barc\\\/author\\\/dfriedli\\\/\"}]}<\/script>\n<!-- \/ Yoast SEO Premium plugin. -->","yoast_head_json":{"title":"Tous au m\u00eame endroit: culte de Pentec\u00f4te &#8226; Paroisse r\u00e9form\u00e9e de La BARC","description":"Premier culte avec assembl\u00e9e depuis le mois de mars au temple de Colombier. En communion avec celles et ceux qui choisissent de le vivre \u00e0 distance. Voici","robots":{"index":"index","follow":"follow","max-snippet":"max-snippet:-1","max-image-preview":"max-image-preview:large","max-video-preview":"max-video-preview:-1"},"canonical":"https:\/\/dianefriedli.ch\/confinement-collectif-deconfinement-individuel\/","og_locale":"fr_FR","og_type":"article","og_title":"Tous au m\u00eame endroit: culte de Pentec\u00f4te","og_description":"Premier culte avec assembl\u00e9e depuis le mois de mars au temple de Colombier. En communion avec celles et ceux qui choisissent de le vivre \u00e0 distance. Voici","og_url":"https:\/\/dianefriedli.ch\/confinement-collectif-deconfinement-individuel\/","og_site_name":"Paroisse r\u00e9form\u00e9e de La BARC","article_publisher":"https:\/\/www.facebook.com\/eglise.EREN","article_author":"https:\/\/www.facebook.com\/diane.friedli","article_published_time":"2020-05-31T06:00:38+00:00","article_modified_time":"2020-10-27T09:29:31+00:00","og_image":[{"width":1920,"height":1280,"url":"https:\/\/www.eren.ch\/barc\/wp-content\/uploads\/sites\/4\/2020\/05\/dandelion-463928_1920.jpg","type":"image\/jpeg"}],"author":"Diane Friedli","twitter_card":"summary_large_image","twitter_creator":"@egliseeren","twitter_site":"@egliseeren","twitter_misc":{"\u00c9crit par":"Diane Friedli","Dur\u00e9e de lecture estim\u00e9e":"19 minutes"},"schema":{"@context":"https:\/\/schema.org","@graph":[{"@type":"Article","@id":"https:\/\/dianefriedli.ch\/confinement-collectif-deconfinement-individuel\/#article","isPartOf":{"@id":"https:\/\/www.eren.ch\/barc\/2020\/05\/31\/meme-endroit-culte-pentecote\/"},"author":{"name":"Diane Friedli","@id":"https:\/\/www.eren.ch\/barc\/#\/schema\/person\/5d95bccce27069a1f461a6f18b26a830"},"headline":"Tous au m\u00eame endroit: culte de Pentec\u00f4te","datePublished":"2020-05-31T06:00:38+00:00","dateModified":"2020-10-27T09:29:31+00:00","mainEntityOfPage":{"@id":"https:\/\/www.eren.ch\/barc\/2020\/05\/31\/meme-endroit-culte-pentecote\/"},"wordCount":3910,"publisher":{"@id":"https:\/\/www.eren.ch\/barc\/#organization"},"image":{"@id":"https:\/\/dianefriedli.ch\/confinement-collectif-deconfinement-individuel\/#primaryimage"},"thumbnailUrl":"https:\/\/www.eren.ch\/barc\/wp-content\/uploads\/sites\/4\/2020\/05\/dandelion-463928_1920.jpg","articleSection":["Cultes et pr\u00e9dications"],"inLanguage":"fr-FR"},{"@type":"WebPage","@id":"https:\/\/www.eren.ch\/barc\/2020\/05\/31\/meme-endroit-culte-pentecote\/","url":"https:\/\/dianefriedli.ch\/confinement-collectif-deconfinement-individuel\/","name":"Tous au m\u00eame endroit: culte de Pentec\u00f4te &#8226; Paroisse r\u00e9form\u00e9e de La BARC","isPartOf":{"@id":"https:\/\/www.eren.ch\/barc\/#website"},"primaryImageOfPage":{"@id":"https:\/\/dianefriedli.ch\/confinement-collectif-deconfinement-individuel\/#primaryimage"},"image":{"@id":"https:\/\/dianefriedli.ch\/confinement-collectif-deconfinement-individuel\/#primaryimage"},"thumbnailUrl":"https:\/\/www.eren.ch\/barc\/wp-content\/uploads\/sites\/4\/2020\/05\/dandelion-463928_1920.jpg","datePublished":"2020-05-31T06:00:38+00:00","dateModified":"2020-10-27T09:29:31+00:00","description":"Premier culte avec assembl\u00e9e depuis le mois de mars au temple de Colombier. En communion avec celles et ceux qui choisissent de le vivre \u00e0 distance. Voici","breadcrumb":{"@id":"https:\/\/dianefriedli.ch\/confinement-collectif-deconfinement-individuel\/#breadcrumb"},"inLanguage":"fr-FR","potentialAction":[{"@type":"ReadAction","target":["https:\/\/dianefriedli.ch\/confinement-collectif-deconfinement-individuel\/"]}]},{"@type":"ImageObject","inLanguage":"fr-FR","@id":"https:\/\/dianefriedli.ch\/confinement-collectif-deconfinement-individuel\/#primaryimage","url":"https:\/\/www.eren.ch\/barc\/wp-content\/uploads\/sites\/4\/2020\/05\/dandelion-463928_1920.jpg","contentUrl":"https:\/\/www.eren.ch\/barc\/wp-content\/uploads\/sites\/4\/2020\/05\/dandelion-463928_1920.jpg","width":1920,"height":1280},{"@type":"BreadcrumbList","@id":"https:\/\/dianefriedli.ch\/confinement-collectif-deconfinement-individuel\/#breadcrumb","itemListElement":[{"@type":"ListItem","position":1,"name":"Accueil","item":"https:\/\/www.eren.ch\/barc\/"},{"@type":"ListItem","position":2,"name":"Tous au m\u00eame endroit: culte de Pentec\u00f4te"}]},{"@type":"WebSite","@id":"https:\/\/www.eren.ch\/barc\/#website","url":"https:\/\/www.eren.ch\/barc\/","name":"Paroisse r\u00e9form\u00e9e de La BARC","description":"B\u00f4le - Auvernier - Rochefort - Colombier","publisher":{"@id":"https:\/\/www.eren.ch\/barc\/#organization"},"potentialAction":[{"@type":"SearchAction","target":{"@type":"EntryPoint","urlTemplate":"https:\/\/www.eren.ch\/barc\/?s={search_term_string}"},"query-input":{"@type":"PropertyValueSpecification","valueRequired":true,"valueName":"search_term_string"}}],"inLanguage":"fr-FR"},{"@type":"Organization","@id":"https:\/\/www.eren.ch\/barc\/#organization","name":"Paroisse de La BARC","url":"https:\/\/www.eren.ch\/barc\/","logo":{"@type":"ImageObject","inLanguage":"fr-FR","@id":"https:\/\/www.eren.ch\/barc\/#\/schema\/logo\/image\/","url":"https:\/\/www.eren.ch\/barc\/wp-content\/uploads\/sites\/4\/2020\/12\/logo-barc.png","contentUrl":"https:\/\/www.eren.ch\/barc\/wp-content\/uploads\/sites\/4\/2020\/12\/logo-barc.png","width":240,"height":117,"caption":"Paroisse de La BARC"},"image":{"@id":"https:\/\/www.eren.ch\/barc\/#\/schema\/logo\/image\/"},"sameAs":["https:\/\/www.facebook.com\/eglise.EREN","https:\/\/x.com\/egliseeren","https:\/\/fr.wikipedia.org\/wiki\/\u00c9glise_r\u00e9form\u00e9e_\u00e9vang\u00e9lique_du_canton_de_Neuch\u00e2tel"]},{"@type":"Person","@id":"https:\/\/www.eren.ch\/barc\/#\/schema\/person\/5d95bccce27069a1f461a6f18b26a830","name":"Diane Friedli","image":{"@type":"ImageObject","inLanguage":"fr-FR","@id":"https:\/\/secure.gravatar.com\/avatar\/f4174ee343655321c9dbd4d2c6ee9c77ede314be9a69b089058a09978eeae611?s=96&d=blank&r=g","url":"https:\/\/secure.gravatar.com\/avatar\/f4174ee343655321c9dbd4d2c6ee9c77ede314be9a69b089058a09978eeae611?s=96&d=blank&r=g","contentUrl":"https:\/\/secure.gravatar.com\/avatar\/f4174ee343655321c9dbd4d2c6ee9c77ede314be9a69b089058a09978eeae611?s=96&d=blank&r=g","caption":"Diane Friedli"},"sameAs":["https:\/\/dianefriedli.ch\/","https:\/\/www.facebook.com\/diane.friedli","https:\/\/www.youtube.com\/channel\/UCNrNBZYbsUHnqKGrrw3JSfw","https:\/\/fr.wikipedia.org\/wiki\/\u00c9glise_r\u00e9form\u00e9e_\u00e9vanglique_du_canton_de_Neuch\u00e2tel"],"honorificPrefix":"Mme","birthDate":"1980-10-28","gender":"femme","knowsAbout":["th\u00e9ologie","cat\u00e9ch\u00e8se","vulgarisation th\u00e9ologique","pr\u00e9dication"],"knowsLanguage":["fran\u00e7ais","allemand","anglais"],"jobTitle":"pasteure","worksFor":"EREN","url":"https:\/\/www.eren.ch\/barc\/author\/dfriedli\/"}]}},"_links":{"self":[{"href":"https:\/\/www.eren.ch\/barc\/wp-json\/wp\/v2\/posts\/1665","targetHints":{"allow":["GET"]}}],"collection":[{"href":"https:\/\/www.eren.ch\/barc\/wp-json\/wp\/v2\/posts"}],"about":[{"href":"https:\/\/www.eren.ch\/barc\/wp-json\/wp\/v2\/types\/post"}],"author":[{"embeddable":true,"href":"https:\/\/www.eren.ch\/barc\/wp-json\/wp\/v2\/users\/15"}],"replies":[{"embeddable":true,"href":"https:\/\/www.eren.ch\/barc\/wp-json\/wp\/v2\/comments?post=1665"}],"version-history":[{"count":5,"href":"https:\/\/www.eren.ch\/barc\/wp-json\/wp\/v2\/posts\/1665\/revisions"}],"predecessor-version":[{"id":2213,"href":"https:\/\/www.eren.ch\/barc\/wp-json\/wp\/v2\/posts\/1665\/revisions\/2213"}],"wp:featuredmedia":[{"embeddable":true,"href":"https:\/\/www.eren.ch\/barc\/wp-json\/wp\/v2\/media\/1675"}],"wp:attachment":[{"href":"https:\/\/www.eren.ch\/barc\/wp-json\/wp\/v2\/media?parent=1665"}],"wp:term":[{"taxonomy":"category","embeddable":true,"href":"https:\/\/www.eren.ch\/barc\/wp-json\/wp\/v2\/categories?post=1665"},{"taxonomy":"post_tag","embeddable":true,"href":"https:\/\/www.eren.ch\/barc\/wp-json\/wp\/v2\/tags?post=1665"}],"curies":[{"name":"wp","href":"https:\/\/api.w.org\/{rel}","templated":true}]}}