{"id":2383,"date":"2020-11-20T18:16:41","date_gmt":"2020-11-20T17:16:41","guid":{"rendered":"https:\/\/www.eren.ch\/barc\/?p=2383"},"modified":"2020-11-20T18:20:00","modified_gmt":"2020-11-20T17:20:00","slug":"en-souvenir","status":"publish","type":"post","link":"https:\/\/www.eren.ch\/barc\/2020\/11\/20\/en-souvenir\/","title":{"rendered":"En souvenir"},"content":{"rendered":"<p>A vous qui visitez cette page, nous souhaitons la bienvenue.<br \/>\nCe samedi nous devions vivre en paroisse un temps de culte avec les familles en deuil et faire m\u00e9moire des disparus. Nous devions aussi prendre le temps de la rencontre et du partage. Mais la situation sanitaire ne nous le permet pas. C&rsquo;est la raison pour laquelle nous d\u00e9posons ici ces quelques mots, ces quelques pri\u00e8res, afin que chacun puisse remettre ce qui l&rsquo;habite et recevoir en ce jour les promesses d&rsquo;un Dieu \u00e0 nos c\u00f4t\u00e9s. Un Dieu qui nous accompagne de son amour et de sa bienveillance. Un Dieu qui veut nous r\u00e9conforter dans les jours sombres de nos existences.<\/p>\n<p>Au nom de Dieu, P\u00e8re, Fils et Saint Esprit soyez les bienvenus pour ce temps de recueillement. Un temps que chacun peut prendre et vivre en famille ou seul dans son for int\u00e9rieur et, au rythme qui lui convient.<\/p>\n<h2>Ouverture<\/h2>\n<p><iframe title=\"Mozart - Lacrimosa\" width=\"840\" height=\"630\" src=\"https:\/\/www.youtube.com\/embed\/k1-TrAvp_xs?feature=oembed\" frameborder=\"0\" allow=\"accelerometer; autoplay; clipboard-write; encrypted-media; gyroscope; picture-in-picture\" allowfullscreen><\/iframe><\/p>\n<p>Durant ce temps, nous souhaitons nous souvenir avec\u00a0 reconnaissance des personnes qui sont d\u00e9c\u00e9d\u00e9es durant l\u2019ann\u00e9e liturgique qui s\u2019ach\u00e8ve. Nous pensons \u00e0 eux devant Dieu, dans le silence de notre c\u0153ur et dans la pri\u00e8re.\u00a0 Nous ne pouvons pas et ne voulons pas les oublier, comme nous ne pouvons et ne voulons pas oublier tous ceux que nous avons aim\u00e9s et qui nous ont quitt\u00e9s depuis plus longtemps.<\/p>\n<p>Durant ce moment nous vous invitons \u00e0 allumer une bougie comme symbole de la vie et de la mort de nos chers disparus dont nous faisons m\u00e9moire aujourd\u2019hui. Comme symbole lumineux aussi de la pr\u00e9sence de Dieu qui par le Christ, au matin de P\u00e2ques, a vaincu pour toujours les puissances du mal et de la mort.<\/p>\n<p>A chacune et chacun de nous, Dieu redit aujourd\u2019hui son amour et sa fid\u00e9lit\u00e9. Puissions-nous d\u00e9couvrir que nous ne sommes pas seuls mais que Dieu chemine a\u0300 nos c\u00f4t\u00e9s, qu\u2019il veut nous consoler, nous porter et nous donner la force de l\u2019esp\u00e9rance.<\/p>\n<h2><strong>Pri\u00e8re<br \/>\n<\/strong><\/h2>\n<p>Nous vous invitons \u00e0 pr\u00e9sent \u00e0 la pri\u00e8re.<br \/>\nUne pri\u00e8re personnelle et int\u00e9rieure.<br \/>\nUn temps de silence durant lequel vous pourrez vous souvenir de votre proche et prendre acte du chemin parcouru depuis la perte que vous avez v\u00e9cue.<\/p>\n<h2><strong>Sortir du silence<br \/>\n<\/strong><\/h2>\n<p>Je sais que la mort nous a s\u00e9par\u00e9s<br \/>\nJe sais que ton d\u00e9part m\u2019a donn\u00e9 le sentiment d\u2019\u00eatre abandonn\u00e9e<br \/>\nJe sais que cette s\u00e9paration a creus\u00e9 une souffrance au plein c\u0153ur de mon \u00eatre<br \/>\nJe sais que ta pr\u00e9sence me manquera toujours.<br \/>\nEt je crois<br \/>\nQue la mort ne t\u2019emp\u00eache pas de vivre. Que tu es vivant.<br \/>\nQue le lien d\u2019amour entre nous est pour toujours<br \/>\nQue le lien de besoin de toi a doucement diminu\u00e9 et laiss\u00e9 grandir le lien d\u2019amour.<br \/>\nQue toi et moi sommes en chemin<br \/>\nQue tu vis dans un nouvel espace, une nouvelle relation avec moi<br \/>\nEt je veux encore me laisser faire par la brise douce et l\u00e9g\u00e8re de l\u2019Esprit Saint de Dieu qui nous conduit tous les deux.<br \/>\nAmen.<\/p>\n<p><iframe title=\"J\u00e9sus que ma joie demeure..( Jean-S\u00e9bastien BACH )\" width=\"840\" height=\"630\" src=\"https:\/\/www.youtube.com\/embed\/W-FdgYFLD74?feature=oembed\" frameborder=\"0\" allow=\"accelerometer; autoplay; clipboard-write; encrypted-media; gyroscope; picture-in-picture\" allowfullscreen><\/iframe><\/p>\n<h2>Pri\u00e8re<\/h2>\n<p>Dieu notre P\u00e8re, tu es le m\u00eame hier, aujourd\u2019hui, \u00e9ternellement.<\/p>\n<p>C\u2019est pourquoi, nous nous tournons vers toi, forts de cette promesse de ton fils J\u00e9sus-Christ qui a dit \u00e0 ses disciples: je serai tous les jours avec vous.<\/p>\n<p>D\u00e9sormais, au-del\u00e0 des temps et des \u00e2ges, au-del\u00e0 des espaces, ton fils est avec nous. C\u2019est pourquoi nous pouvons d\u00e9poser devant toi nos soucis, nos difficult\u00e9s \u00e0 comprendre, nos questions.<\/p>\n<p>Souviens-toi de ceux qui plient sous les difficult\u00e9s.<br \/>\nConsole et r\u00e9conforte les afflig\u00e9s.<br \/>\nSoutiens et donne ta paix \u00e0 ceux qui souffrent.<br \/>\nSouviens-toi des membres de nos familles, au pr\u00e8s et au loin.<\/p>\n<p>Dieu de tendresse, viens me rejoindre, moi, mais aussi toutes\u00a0 les personnes qui ont perdu une personne aim\u00e9e. Soutiens-nous, rel\u00e8ve-nous, que notre chemin s&rsquo;\u00e9largisse vers la vie que tu nous donnes chaque jour.<\/p>\n<p>B\u00e9nis-nous, que nous puissions t\u00e9moigner de l&rsquo;esp\u00e9rance que tu nous donnes, par ton Fils J\u00e9sus-Christ,<\/p>\n<p>Amen.<\/p>\n<h2>B\u00e9n\u00e9diction<\/h2>\n<p>Que la lumi\u00e8re de Dieu se l\u00e8ve<br \/>\nQue le Seigneur nous conduise, qu\u2019il nous donne sa paix.<br \/>\nAllons dans sa pr\u00e9sence.<\/p>\n<p>Que nous b\u00e9nissent le P\u00e8re, le Fils, et le Saint-Esprit.<br \/>\nAmen.<\/p>\n<p><iframe title=\"Benedictus from Requiem in D minor, K626 (W. A. Mozart)\" width=\"840\" height=\"473\" src=\"https:\/\/www.youtube.com\/embed\/6SC8_n_PXS4?feature=oembed\" frameborder=\"0\" allow=\"accelerometer; autoplay; clipboard-write; encrypted-media; gyroscope; picture-in-picture\" allowfullscreen><\/iframe><\/p>\n","protected":false},"excerpt":{"rendered":"<p>A vous qui visitez cette page, nous souhaitons la bienvenue. Ce samedi nous devions vivre en paroisse un temps de culte avec les familles en deuil et faire m\u00e9moire des disparus. Nous devions aussi prendre le temps de la rencontre et du partage. Mais la situation sanitaire ne nous le permet pas. C&rsquo;est la raison &hellip; <a href=\"https:\/\/www.eren.ch\/barc\/2020\/11\/20\/en-souvenir\/\" class=\"more-link\">Continuer la lecture<span class=\"screen-reader-text\"> de &laquo;&nbsp;En souvenir&nbsp;&raquo;<\/span><\/a><\/p>\n","protected":false},"author":19,"featured_media":2384,"comment_status":"closed","ping_status":"closed","sticky":false,"template":"","format":"standard","meta":{"footnotes":""},"categories":[2204],"tags":[],"class_list":["post-2383","post","type-post","status-publish","format-standard","has-post-thumbnail","hentry","category-cultes"],"yoast_head":"<!-- This site is optimized with the Yoast SEO Premium plugin v27.4 (Yoast SEO v27.5) - https:\/\/yoast.com\/product\/yoast-seo-premium-wordpress\/ -->\n<title>En souvenir &#8226; Paroisse r\u00e9form\u00e9e de La BARC<\/title>\n<meta name=\"description\" content=\"A vous qui visitez cette page, nous souhaitons la bienvenue. Ce samedi nous devions vivre en paroisse un temps de culte avec les familles en deuil et\" \/>\n<meta name=\"robots\" content=\"index, follow, max-snippet:-1, max-image-preview:large, max-video-preview:-1\" \/>\n<link rel=\"canonical\" href=\"https:\/\/www.eren.ch\/barc\/2020\/11\/20\/en-souvenir\/\" \/>\n<meta property=\"og:locale\" content=\"fr_FR\" \/>\n<meta property=\"og:type\" content=\"article\" \/>\n<meta property=\"og:title\" content=\"En souvenir\" \/>\n<meta property=\"og:description\" content=\"A vous qui visitez cette page, nous souhaitons la bienvenue. Ce samedi nous devions vivre en paroisse un temps de culte avec les familles en deuil et\" \/>\n<meta property=\"og:url\" content=\"https:\/\/www.eren.ch\/barc\/2020\/11\/20\/en-souvenir\/\" \/>\n<meta property=\"og:site_name\" content=\"Paroisse r\u00e9form\u00e9e de La BARC\" \/>\n<meta property=\"article:publisher\" content=\"https:\/\/www.facebook.com\/eglise.EREN\" \/>\n<meta property=\"article:published_time\" content=\"2020-11-20T17:16:41+00:00\" \/>\n<meta property=\"article:modified_time\" content=\"2020-11-20T17:20:00+00:00\" \/>\n<meta property=\"og:image\" content=\"https:\/\/www.eren.ch\/barc\/wp-content\/uploads\/sites\/4\/2020\/11\/time-425818_1920.jpg\" \/>\n\t<meta property=\"og:image:width\" content=\"1920\" \/>\n\t<meta property=\"og:image:height\" content=\"1280\" \/>\n\t<meta property=\"og:image:type\" content=\"image\/jpeg\" \/>\n<meta name=\"author\" content=\"B\u00e9n\u00e9dicte Gritti\" \/>\n<meta name=\"twitter:card\" content=\"summary_large_image\" \/>\n<meta name=\"twitter:creator\" content=\"@egliseeren\" \/>\n<meta name=\"twitter:site\" content=\"@egliseeren\" \/>\n<meta name=\"twitter:label1\" content=\"\u00c9crit par\" \/>\n\t<meta name=\"twitter:data1\" content=\"B\u00e9n\u00e9dicte Gritti\" \/>\n\t<meta name=\"twitter:label2\" content=\"Dur\u00e9e de lecture estim\u00e9e\" \/>\n\t<meta name=\"twitter:data2\" content=\"4 minutes\" \/>\n<script type=\"application\/ld+json\" class=\"yoast-schema-graph\">{\"@context\":\"https:\\\/\\\/schema.org\",\"@graph\":[{\"@type\":\"Article\",\"@id\":\"https:\\\/\\\/www.eren.ch\\\/barc\\\/2020\\\/11\\\/20\\\/en-souvenir\\\/#article\",\"isPartOf\":{\"@id\":\"https:\\\/\\\/www.eren.ch\\\/barc\\\/2020\\\/11\\\/20\\\/en-souvenir\\\/\"},\"author\":{\"name\":\"B\u00e9n\u00e9dicte Gritti\",\"@id\":\"https:\\\/\\\/www.eren.ch\\\/barc\\\/#\\\/schema\\\/person\\\/a6cf60fe8c2de024e153662c25c88e9c\"},\"headline\":\"En souvenir\",\"datePublished\":\"2020-11-20T17:16:41+00:00\",\"dateModified\":\"2020-11-20T17:20:00+00:00\",\"mainEntityOfPage\":{\"@id\":\"https:\\\/\\\/www.eren.ch\\\/barc\\\/2020\\\/11\\\/20\\\/en-souvenir\\\/\"},\"wordCount\":776,\"publisher\":{\"@id\":\"https:\\\/\\\/www.eren.ch\\\/barc\\\/#organization\"},\"image\":{\"@id\":\"https:\\\/\\\/www.eren.ch\\\/barc\\\/2020\\\/11\\\/20\\\/en-souvenir\\\/#primaryimage\"},\"thumbnailUrl\":\"https:\\\/\\\/www.eren.ch\\\/barc\\\/wp-content\\\/uploads\\\/sites\\\/4\\\/2020\\\/11\\\/time-425818_1920.jpg\",\"articleSection\":[\"Cultes et pr\u00e9dications\"],\"inLanguage\":\"fr-FR\"},{\"@type\":\"WebPage\",\"@id\":\"https:\\\/\\\/www.eren.ch\\\/barc\\\/2020\\\/11\\\/20\\\/en-souvenir\\\/\",\"url\":\"https:\\\/\\\/www.eren.ch\\\/barc\\\/2020\\\/11\\\/20\\\/en-souvenir\\\/\",\"name\":\"En souvenir &#8226; Paroisse r\u00e9form\u00e9e de La BARC\",\"isPartOf\":{\"@id\":\"https:\\\/\\\/www.eren.ch\\\/barc\\\/#website\"},\"primaryImageOfPage\":{\"@id\":\"https:\\\/\\\/www.eren.ch\\\/barc\\\/2020\\\/11\\\/20\\\/en-souvenir\\\/#primaryimage\"},\"image\":{\"@id\":\"https:\\\/\\\/www.eren.ch\\\/barc\\\/2020\\\/11\\\/20\\\/en-souvenir\\\/#primaryimage\"},\"thumbnailUrl\":\"https:\\\/\\\/www.eren.ch\\\/barc\\\/wp-content\\\/uploads\\\/sites\\\/4\\\/2020\\\/11\\\/time-425818_1920.jpg\",\"datePublished\":\"2020-11-20T17:16:41+00:00\",\"dateModified\":\"2020-11-20T17:20:00+00:00\",\"description\":\"A vous qui visitez cette page, nous souhaitons la bienvenue. Ce samedi nous devions vivre en paroisse un temps de culte avec les familles en deuil et\",\"breadcrumb\":{\"@id\":\"https:\\\/\\\/www.eren.ch\\\/barc\\\/2020\\\/11\\\/20\\\/en-souvenir\\\/#breadcrumb\"},\"inLanguage\":\"fr-FR\",\"potentialAction\":[{\"@type\":\"ReadAction\",\"target\":[\"https:\\\/\\\/www.eren.ch\\\/barc\\\/2020\\\/11\\\/20\\\/en-souvenir\\\/\"]}]},{\"@type\":\"ImageObject\",\"inLanguage\":\"fr-FR\",\"@id\":\"https:\\\/\\\/www.eren.ch\\\/barc\\\/2020\\\/11\\\/20\\\/en-souvenir\\\/#primaryimage\",\"url\":\"https:\\\/\\\/www.eren.ch\\\/barc\\\/wp-content\\\/uploads\\\/sites\\\/4\\\/2020\\\/11\\\/time-425818_1920.jpg\",\"contentUrl\":\"https:\\\/\\\/www.eren.ch\\\/barc\\\/wp-content\\\/uploads\\\/sites\\\/4\\\/2020\\\/11\\\/time-425818_1920.jpg\",\"width\":1920,\"height\":1280},{\"@type\":\"BreadcrumbList\",\"@id\":\"https:\\\/\\\/www.eren.ch\\\/barc\\\/2020\\\/11\\\/20\\\/en-souvenir\\\/#breadcrumb\",\"itemListElement\":[{\"@type\":\"ListItem\",\"position\":1,\"name\":\"Accueil\",\"item\":\"https:\\\/\\\/www.eren.ch\\\/barc\\\/\"},{\"@type\":\"ListItem\",\"position\":2,\"name\":\"En souvenir\"}]},{\"@type\":\"WebSite\",\"@id\":\"https:\\\/\\\/www.eren.ch\\\/barc\\\/#website\",\"url\":\"https:\\\/\\\/www.eren.ch\\\/barc\\\/\",\"name\":\"Paroisse r\u00e9form\u00e9e de La BARC\",\"description\":\"B\u00f4le - Auvernier - Rochefort - Colombier\",\"publisher\":{\"@id\":\"https:\\\/\\\/www.eren.ch\\\/barc\\\/#organization\"},\"potentialAction\":[{\"@type\":\"SearchAction\",\"target\":{\"@type\":\"EntryPoint\",\"urlTemplate\":\"https:\\\/\\\/www.eren.ch\\\/barc\\\/?s={search_term_string}\"},\"query-input\":{\"@type\":\"PropertyValueSpecification\",\"valueRequired\":true,\"valueName\":\"search_term_string\"}}],\"inLanguage\":\"fr-FR\"},{\"@type\":\"Organization\",\"@id\":\"https:\\\/\\\/www.eren.ch\\\/barc\\\/#organization\",\"name\":\"Paroisse de La BARC\",\"url\":\"https:\\\/\\\/www.eren.ch\\\/barc\\\/\",\"logo\":{\"@type\":\"ImageObject\",\"inLanguage\":\"fr-FR\",\"@id\":\"https:\\\/\\\/www.eren.ch\\\/barc\\\/#\\\/schema\\\/logo\\\/image\\\/\",\"url\":\"https:\\\/\\\/www.eren.ch\\\/barc\\\/wp-content\\\/uploads\\\/sites\\\/4\\\/2020\\\/12\\\/logo-barc.png\",\"contentUrl\":\"https:\\\/\\\/www.eren.ch\\\/barc\\\/wp-content\\\/uploads\\\/sites\\\/4\\\/2020\\\/12\\\/logo-barc.png\",\"width\":240,\"height\":117,\"caption\":\"Paroisse de La BARC\"},\"image\":{\"@id\":\"https:\\\/\\\/www.eren.ch\\\/barc\\\/#\\\/schema\\\/logo\\\/image\\\/\"},\"sameAs\":[\"https:\\\/\\\/www.facebook.com\\\/eglise.EREN\",\"https:\\\/\\\/x.com\\\/egliseeren\",\"https:\\\/\\\/fr.wikipedia.org\\\/wiki\\\/\u00c9glise_r\u00e9form\u00e9e_\u00e9vang\u00e9lique_du_canton_de_Neuch\u00e2tel\"]},{\"@type\":\"Person\",\"@id\":\"https:\\\/\\\/www.eren.ch\\\/barc\\\/#\\\/schema\\\/person\\\/a6cf60fe8c2de024e153662c25c88e9c\",\"name\":\"B\u00e9n\u00e9dicte Gritti\",\"image\":{\"@type\":\"ImageObject\",\"inLanguage\":\"fr-FR\",\"@id\":\"https:\\\/\\\/secure.gravatar.com\\\/avatar\\\/55468d7d80d345c1d6613c21d2de7154f4584ae4420406052af2093fc7f7c5b3?s=96&d=blank&r=g\",\"url\":\"https:\\\/\\\/secure.gravatar.com\\\/avatar\\\/55468d7d80d345c1d6613c21d2de7154f4584ae4420406052af2093fc7f7c5b3?s=96&d=blank&r=g\",\"contentUrl\":\"https:\\\/\\\/secure.gravatar.com\\\/avatar\\\/55468d7d80d345c1d6613c21d2de7154f4584ae4420406052af2093fc7f7c5b3?s=96&d=blank&r=g\",\"caption\":\"B\u00e9n\u00e9dicte Gritti\"},\"url\":\"https:\\\/\\\/www.eren.ch\\\/barc\\\/author\\\/bgritti\\\/\"}]}<\/script>\n<!-- \/ Yoast SEO Premium plugin. -->","yoast_head_json":{"title":"En souvenir &#8226; Paroisse r\u00e9form\u00e9e de La BARC","description":"A vous qui visitez cette page, nous souhaitons la bienvenue. Ce samedi nous devions vivre en paroisse un temps de culte avec les familles en deuil et","robots":{"index":"index","follow":"follow","max-snippet":"max-snippet:-1","max-image-preview":"max-image-preview:large","max-video-preview":"max-video-preview:-1"},"canonical":"https:\/\/www.eren.ch\/barc\/2020\/11\/20\/en-souvenir\/","og_locale":"fr_FR","og_type":"article","og_title":"En souvenir","og_description":"A vous qui visitez cette page, nous souhaitons la bienvenue. Ce samedi nous devions vivre en paroisse un temps de culte avec les familles en deuil et","og_url":"https:\/\/www.eren.ch\/barc\/2020\/11\/20\/en-souvenir\/","og_site_name":"Paroisse r\u00e9form\u00e9e de La BARC","article_publisher":"https:\/\/www.facebook.com\/eglise.EREN","article_published_time":"2020-11-20T17:16:41+00:00","article_modified_time":"2020-11-20T17:20:00+00:00","og_image":[{"width":1920,"height":1280,"url":"https:\/\/www.eren.ch\/barc\/wp-content\/uploads\/sites\/4\/2020\/11\/time-425818_1920.jpg","type":"image\/jpeg"}],"author":"B\u00e9n\u00e9dicte Gritti","twitter_card":"summary_large_image","twitter_creator":"@egliseeren","twitter_site":"@egliseeren","twitter_misc":{"\u00c9crit par":"B\u00e9n\u00e9dicte Gritti","Dur\u00e9e de lecture estim\u00e9e":"4 minutes"},"schema":{"@context":"https:\/\/schema.org","@graph":[{"@type":"Article","@id":"https:\/\/www.eren.ch\/barc\/2020\/11\/20\/en-souvenir\/#article","isPartOf":{"@id":"https:\/\/www.eren.ch\/barc\/2020\/11\/20\/en-souvenir\/"},"author":{"name":"B\u00e9n\u00e9dicte Gritti","@id":"https:\/\/www.eren.ch\/barc\/#\/schema\/person\/a6cf60fe8c2de024e153662c25c88e9c"},"headline":"En souvenir","datePublished":"2020-11-20T17:16:41+00:00","dateModified":"2020-11-20T17:20:00+00:00","mainEntityOfPage":{"@id":"https:\/\/www.eren.ch\/barc\/2020\/11\/20\/en-souvenir\/"},"wordCount":776,"publisher":{"@id":"https:\/\/www.eren.ch\/barc\/#organization"},"image":{"@id":"https:\/\/www.eren.ch\/barc\/2020\/11\/20\/en-souvenir\/#primaryimage"},"thumbnailUrl":"https:\/\/www.eren.ch\/barc\/wp-content\/uploads\/sites\/4\/2020\/11\/time-425818_1920.jpg","articleSection":["Cultes et pr\u00e9dications"],"inLanguage":"fr-FR"},{"@type":"WebPage","@id":"https:\/\/www.eren.ch\/barc\/2020\/11\/20\/en-souvenir\/","url":"https:\/\/www.eren.ch\/barc\/2020\/11\/20\/en-souvenir\/","name":"En souvenir &#8226; Paroisse r\u00e9form\u00e9e de La BARC","isPartOf":{"@id":"https:\/\/www.eren.ch\/barc\/#website"},"primaryImageOfPage":{"@id":"https:\/\/www.eren.ch\/barc\/2020\/11\/20\/en-souvenir\/#primaryimage"},"image":{"@id":"https:\/\/www.eren.ch\/barc\/2020\/11\/20\/en-souvenir\/#primaryimage"},"thumbnailUrl":"https:\/\/www.eren.ch\/barc\/wp-content\/uploads\/sites\/4\/2020\/11\/time-425818_1920.jpg","datePublished":"2020-11-20T17:16:41+00:00","dateModified":"2020-11-20T17:20:00+00:00","description":"A vous qui visitez cette page, nous souhaitons la bienvenue. Ce samedi nous devions vivre en paroisse un temps de culte avec les familles en deuil et","breadcrumb":{"@id":"https:\/\/www.eren.ch\/barc\/2020\/11\/20\/en-souvenir\/#breadcrumb"},"inLanguage":"fr-FR","potentialAction":[{"@type":"ReadAction","target":["https:\/\/www.eren.ch\/barc\/2020\/11\/20\/en-souvenir\/"]}]},{"@type":"ImageObject","inLanguage":"fr-FR","@id":"https:\/\/www.eren.ch\/barc\/2020\/11\/20\/en-souvenir\/#primaryimage","url":"https:\/\/www.eren.ch\/barc\/wp-content\/uploads\/sites\/4\/2020\/11\/time-425818_1920.jpg","contentUrl":"https:\/\/www.eren.ch\/barc\/wp-content\/uploads\/sites\/4\/2020\/11\/time-425818_1920.jpg","width":1920,"height":1280},{"@type":"BreadcrumbList","@id":"https:\/\/www.eren.ch\/barc\/2020\/11\/20\/en-souvenir\/#breadcrumb","itemListElement":[{"@type":"ListItem","position":1,"name":"Accueil","item":"https:\/\/www.eren.ch\/barc\/"},{"@type":"ListItem","position":2,"name":"En souvenir"}]},{"@type":"WebSite","@id":"https:\/\/www.eren.ch\/barc\/#website","url":"https:\/\/www.eren.ch\/barc\/","name":"Paroisse r\u00e9form\u00e9e de La BARC","description":"B\u00f4le - Auvernier - Rochefort - Colombier","publisher":{"@id":"https:\/\/www.eren.ch\/barc\/#organization"},"potentialAction":[{"@type":"SearchAction","target":{"@type":"EntryPoint","urlTemplate":"https:\/\/www.eren.ch\/barc\/?s={search_term_string}"},"query-input":{"@type":"PropertyValueSpecification","valueRequired":true,"valueName":"search_term_string"}}],"inLanguage":"fr-FR"},{"@type":"Organization","@id":"https:\/\/www.eren.ch\/barc\/#organization","name":"Paroisse de La BARC","url":"https:\/\/www.eren.ch\/barc\/","logo":{"@type":"ImageObject","inLanguage":"fr-FR","@id":"https:\/\/www.eren.ch\/barc\/#\/schema\/logo\/image\/","url":"https:\/\/www.eren.ch\/barc\/wp-content\/uploads\/sites\/4\/2020\/12\/logo-barc.png","contentUrl":"https:\/\/www.eren.ch\/barc\/wp-content\/uploads\/sites\/4\/2020\/12\/logo-barc.png","width":240,"height":117,"caption":"Paroisse de La BARC"},"image":{"@id":"https:\/\/www.eren.ch\/barc\/#\/schema\/logo\/image\/"},"sameAs":["https:\/\/www.facebook.com\/eglise.EREN","https:\/\/x.com\/egliseeren","https:\/\/fr.wikipedia.org\/wiki\/\u00c9glise_r\u00e9form\u00e9e_\u00e9vang\u00e9lique_du_canton_de_Neuch\u00e2tel"]},{"@type":"Person","@id":"https:\/\/www.eren.ch\/barc\/#\/schema\/person\/a6cf60fe8c2de024e153662c25c88e9c","name":"B\u00e9n\u00e9dicte Gritti","image":{"@type":"ImageObject","inLanguage":"fr-FR","@id":"https:\/\/secure.gravatar.com\/avatar\/55468d7d80d345c1d6613c21d2de7154f4584ae4420406052af2093fc7f7c5b3?s=96&d=blank&r=g","url":"https:\/\/secure.gravatar.com\/avatar\/55468d7d80d345c1d6613c21d2de7154f4584ae4420406052af2093fc7f7c5b3?s=96&d=blank&r=g","contentUrl":"https:\/\/secure.gravatar.com\/avatar\/55468d7d80d345c1d6613c21d2de7154f4584ae4420406052af2093fc7f7c5b3?s=96&d=blank&r=g","caption":"B\u00e9n\u00e9dicte Gritti"},"url":"https:\/\/www.eren.ch\/barc\/author\/bgritti\/"}]}},"_links":{"self":[{"href":"https:\/\/www.eren.ch\/barc\/wp-json\/wp\/v2\/posts\/2383","targetHints":{"allow":["GET"]}}],"collection":[{"href":"https:\/\/www.eren.ch\/barc\/wp-json\/wp\/v2\/posts"}],"about":[{"href":"https:\/\/www.eren.ch\/barc\/wp-json\/wp\/v2\/types\/post"}],"author":[{"embeddable":true,"href":"https:\/\/www.eren.ch\/barc\/wp-json\/wp\/v2\/users\/19"}],"replies":[{"embeddable":true,"href":"https:\/\/www.eren.ch\/barc\/wp-json\/wp\/v2\/comments?post=2383"}],"version-history":[{"count":5,"href":"https:\/\/www.eren.ch\/barc\/wp-json\/wp\/v2\/posts\/2383\/revisions"}],"predecessor-version":[{"id":2399,"href":"https:\/\/www.eren.ch\/barc\/wp-json\/wp\/v2\/posts\/2383\/revisions\/2399"}],"wp:featuredmedia":[{"embeddable":true,"href":"https:\/\/www.eren.ch\/barc\/wp-json\/wp\/v2\/media\/2384"}],"wp:attachment":[{"href":"https:\/\/www.eren.ch\/barc\/wp-json\/wp\/v2\/media?parent=2383"}],"wp:term":[{"taxonomy":"category","embeddable":true,"href":"https:\/\/www.eren.ch\/barc\/wp-json\/wp\/v2\/categories?post=2383"},{"taxonomy":"post_tag","embeddable":true,"href":"https:\/\/www.eren.ch\/barc\/wp-json\/wp\/v2\/tags?post=2383"}],"curies":[{"name":"wp","href":"https:\/\/api.w.org\/{rel}","templated":true}]}}