{"id":3709,"date":"2022-06-01T11:35:07","date_gmt":"2022-06-01T09:35:07","guid":{"rendered":"https:\/\/www.eren.ch\/barc\/?p=3709"},"modified":"2022-06-01T11:36:55","modified_gmt":"2022-06-01T09:36:55","slug":"la-confiance","status":"publish","type":"post","link":"https:\/\/www.eren.ch\/barc\/2022\/06\/01\/la-confiance\/","title":{"rendered":"La confiance"},"content":{"rendered":"<p style=\"text-align: right\"><em>Culte du 29 mai au temple de Colombier. Claude Fiaux, pr\u00e9dicateur la\u00efc de la paroisse en est l&rsquo;officiant. Merci \u00e0 lui!<\/em><\/p>\n<h3>Lectures bibliques<\/h3>\n<blockquote>\n<div class=\"q1\"><span class=\"verse v1\" data-usfm=\"PSA.146.1\"><span class=\"w\"><span class=\"content\">All\u00e9luia<\/span><\/span><span class=\"content\"> !<\/span><\/span><\/div>\n<p><span class=\"content\"><span class=\"verse v1\" data-usfm=\"PSA.146.1\">Je veux louer le Seigneur ! <\/span><\/span><span class=\"content\">Je veux l&rsquo;acclamer toute ma vie, <\/span><span class=\"verse v2\" data-usfm=\"PSA.146.2\"><span class=\"content\">c\u00e9l\u00e9brer mon Dieu par mes chants tant que j&rsquo;existerai.<\/span><\/span><\/p>\n<div class=\"q1\"><span class=\"verse v3\" data-usfm=\"PSA.146.3\"><span class=\"content\">Ne comptez pas sur les gens influents :<\/span><\/span><\/div>\n<div class=\"q1\"><span class=\"verse v3\" data-usfm=\"PSA.146.3\"><span class=\"content\">ce ne sont que des \u00eatres humains, ils sont impuissants \u00e0 sauver.<\/span><\/span><\/div>\n<div class=\"q1\"><span class=\"verse v4\" data-usfm=\"PSA.146.4\"><span class=\"content\">D\u00e8s qu&rsquo;ils rendent leur dernier souffle, <\/span><\/span><span class=\"verse v4\" data-usfm=\"PSA.146.4\"><span class=\"content\">d\u00e8s qu&rsquo;ils retournent \u00e0 la terre, <\/span><\/span><span class=\"verse v4\" data-usfm=\"PSA.146.4\"><span class=\"content\">leurs projets p\u00e9rissent avec eux.<\/span><\/span><\/div>\n<div class=\"q1\"><span class=\"verse v5\" data-usfm=\"PSA.146.5\"><span class=\"content\">Heureux celui qui a pour secours le Dieu de <\/span><span class=\"w\"><span class=\"content\">Jacob <\/span><\/span><\/span><span class=\"verse v5\" data-usfm=\"PSA.146.5\"><span class=\"content\">et qui met son espoir dans le Seigneur son Dieu !<\/span><\/span><\/div>\n<div class=\"q1\">\n<p><span class=\"verse v6\" data-usfm=\"PSA.146.6\"><span class=\"verse v6\" data-usfm=\"PSA.146.6\"><span class=\"content\">Il a fait les cieux et la terre, <\/span><\/span><\/span><span class=\"verse v6\" data-usfm=\"PSA.146.6\"><span class=\"content\">la mer, avec tout ce qui s&rsquo;y trouve<\/span><span class=\"content\">. <\/span><\/span><br \/>\nIl est l&rsquo;\u00e9ternel gardien de la v\u00e9rit\u00e9. <span class=\"verse v7\" data-usfm=\"PSA.146.7\"><span class=\"content\">Il rend justice aux opprim\u00e9s, il donne du pain aux affam\u00e9s.<\/span><\/span><br \/>\nLe Seigneur lib\u00e8re ceux qui sont encha\u00een\u00e9s, <span class=\"verse v8\" data-usfm=\"PSA.146.8\"><span class=\"content\">le Seigneur rend la vue aux aveugles, <\/span><\/span><span class=\"verse v8\" data-usfm=\"PSA.146.8\"><span class=\"content\">le Seigneur remet debout ceux qui fl\u00e9chissent, <\/span><\/span><span class=\"verse v8\" data-usfm=\"PSA.146.8\"><span class=\"content\">le Seigneur aime les justes.<\/span><\/span><br \/>\nLe Seigneur prot\u00e8ge les r\u00e9fugi\u00e9s, il soutient la veuve et l&rsquo;orphelin<span class=\"content\">, <\/span><span class=\"verse v9\" data-usfm=\"PSA.146.9\"><span class=\"content\">mais il fait \u00e9chouer les projets des <\/span><span class=\"w\"><span class=\"content\">m\u00e9chants<\/span><\/span><span class=\"content\">.<\/span><\/span><\/p>\n<p><span class=\"verse v10\" data-usfm=\"PSA.146.10\"><span class=\"content\">Le Seigneur r\u00e8gnera pour toujours.<\/span><\/span><br \/>\nIl est ton Dieu, <span class=\"w\"><span class=\"content\">Sion<\/span><\/span><span class=\"content\">, de si\u00e8cle en si\u00e8cle !<\/span><br \/>\nAll\u00e9luia !<\/p>\n<p style=\"text-align: right\">Psaume 146<\/p>\n<\/div>\n<div class=\"p\"><span class=\"verse v20\" data-usfm=\"MAT.20.20\"><span class=\"content\">Alors, la femme de Z\u00e9b\u00e9d\u00e9e, s\u2019approcha de J\u00e9sus avec ses fils. Elle se prosterna devant lui pour lui demander une faveur.<\/span><\/span><\/div>\n<div class=\"p\"><span class=\"verse v21\" data-usfm=\"MAT.20.21\"><span class=\"content\">\u2013 Que d\u00e9sires-tu\u00a0? lui demanda-t-il.<\/span><\/span><\/div>\n<div class=\"p\"><span class=\"verse v21\" data-usfm=\"MAT.20.21\"><span class=\"content\">Elle lui r\u00e9pondit\u00a0: Voici mes deux fils. Promets-moi de faire si\u00e9ger l\u2019un \u00e0 ta droite, l\u2019autre \u00e0 ta gauche, dans ton royaume.<\/span><\/span><\/div>\n<div class=\"p\"><span class=\"verse v22\" data-usfm=\"MAT.20.22\"><span class=\"content\">J\u00e9sus leur r\u00e9pondit\u00a0: Vous ne vous rendez pas compte de ce que vous demandez. Pouvez-vous boire la coupe que je vais boire\u00a0?<\/span><\/span><\/div>\n<div class=\"p\"><span class=\"verse v22\" data-usfm=\"MAT.20.22\"><span class=\"content\">\u2013 Oui, lui r\u00e9pondirent-ils, nous le pouvons.<\/span><\/span><\/div>\n<div class=\"p\"><span class=\"verse v23\" data-usfm=\"MAT.20.23\"><span class=\"content\">Alors J\u00e9sus reprit\u00a0: Vous boirez, en effet, ma coupe, mais quant \u00e0 si\u00e9ger \u00e0 ma droite ou \u00e0 ma gauche, il ne m\u2019appartient pas de vous l\u2019accorder. Ces places reviendront \u00e0 ceux pour qui mon P\u00e8re les a pr\u00e9par\u00e9es.<\/span><\/span><\/div>\n<div>\n<div class=\"p\"><span class=\"verse v24\" data-usfm=\"MAT.20.24\"><span class=\"content\">En entendant cela, les dix autres s\u2019indign\u00e8rent contre les deux fr\u00e8res.<\/span><\/span><\/div>\n<div class=\"p\"><span class=\"verse v25\" data-usfm=\"MAT.20.25\"><span class=\"content\">Alors J\u00e9sus les appela tous aupr\u00e8s de lui et dit\u00a0: Vous savez ce qui se passe dans les nations\u00a0: les chefs politiques dominent sur leurs peuples et les grands personnages font peser sur eux leur autorit\u00e9. <\/span><\/span><span class=\"verse v26\" data-usfm=\"MAT.20.26\"><span class=\"content\">Qu\u2019il n\u2019en soit pas ainsi parmi vous. Au contraire\u00a0: si quelqu\u2019un veut \u00eatre grand parmi vous, qu\u2019il soit votre serviteur, <\/span><\/span><span class=\"verse v27\" data-usfm=\"MAT.20.27\"><span class=\"content\">si quelqu\u2019un veut \u00eatre le premier parmi vous, qu\u2019il soit votre esclave. <\/span><\/span><span class=\"verse v28\" data-usfm=\"MAT.20.28\"><span class=\"content\">Car, de m\u00eame, le Fils de l\u2019homme n\u2019est pas venu pour se faire servir, mais pour servir et donner sa vie en ran\u00e7on<\/span><span class=\"content\"> pour beaucoup.<\/span><\/span><\/div>\n<\/div>\n<p style=\"text-align: right\">Mat 20, 20-28<\/p>\n<\/blockquote>\n<h3>Message<\/h3>\n<p>Quel magnifique Psaume de louange\u00a0! Il contient toute la panoplie du parfait \u00ab\u00a0bon\u00a0\u00bb Dieu\u00a0:<br \/>\nDieu cr\u00e9ateur, nourricier, redresseur, protecteur, sauveur et lib\u00e9rateur. Un Dieu qui an\u00e9antit le m\u00e9chant et fait gr\u00e2ce \u00e0 l\u2019opprim\u00e9.<\/p>\n<p>A vrai dire cette premi\u00e8re impression ne me satisfait pas vraiment et me r\u00e9volte m\u00eame. Ce n\u2019est pas ce que j\u2019observe dans le monde.<br \/>\nJe pense que ce Psaume a quelque chose d\u2019autre \u00e0 nous apporter.<br \/>\nJe vous livre donc quelques informations que j\u2019ai glan\u00e9es \u00e0 son sujet\u00a0:<br \/>\nLes Psaumes ont \u00e9t\u00e9 rassembl\u00e9s vers le IIe si\u00e8cle avant J\u00e9sus-Christ. Dans la tradition Juive les psaumes sont partag\u00e9s en 5 livres par analogie au Pentateuque. Le psaume 146 appartient au dernier livre qui contient les Psaumes 107 \u00e0 150. Il fait partie \u00e9galement des psaumes o\u00f9 pr\u00e9domine le t\u00e9tragramme sacr\u00e9 YHWH, qui fait r\u00e9f\u00e9rence au nom de Dieu que l\u2019on ne sait comment prononcer. Certaines traductions utilisent le mot Yahv\u00e9 ou Jehova. Dans la bible en fran\u00e7ais courant ou la TOB il est traduit par Seigneur, dans la version Second par l\u2019Eternel. Ce t\u00e9tragramme figure 9 fois dans le psaume 146 !<\/p>\n<p>Ce Dieu, qui a r\u00e9v\u00e9l\u00e9 son nom \u00e0 Mo\u00efse lors de sa rencontre au buisson ardent, est \u00e9galement nomm\u00e9 par le psalmiste le Dieu de Jacob.<\/p>\n<p>C\u2019est un psaume de louange qui met Dieu au centre tout en le rendant proche de nous. Grand et en m\u00eame temps sensible et attentif \u00e0 nous.<br \/>\nLes versets 5 et suivants\u00a0\u00ab\u00a0Heureux l\u2019homme qui\u2026\u00a0\u00bb me font penser aux b\u00e9atitudes. Ce Dieu grand et puissant mais si proche de nos douleurs et nos d\u00e9tresses\u00a0!<br \/>\nJe me mets parfois \u00e0 r\u00eaver d\u2019une action \u00e9clatante de Dieu o\u00f9, par sa toute-puissance, il stoppe toute guerre, gu\u00e9rit tous les malades, r\u00e9tablit la justice et la paix\u2026<\/p>\n<p>Pendant la p\u00e9riode du car\u00eame, j\u2019ai particuli\u00e8rement \u00e9t\u00e9 frapp\u00e9 par l\u2019antinomie de l\u2019action de Dieu vis-\u00e0-vis de ma perception, de mon attente. La mani\u00e8re dont Dieu r\u00e9pond est souvent radicalement diff\u00e9rente de ce que j\u2019attends\u00a0:<\/p>\n<ul>\n<li>Les derniers seront les premiers\u00a0!<\/li>\n<li>Celui qui veut \u00eatre grand doit se faire serviteur<\/li>\n<li>La puissance de Dieu se manifeste par une brise l\u00e9g\u00e8re\u2026<\/li>\n<\/ul>\n<p>La r\u00e9ponse de J\u00e9sus pour donner suite \u00e0 la demande de la m\u00e8re de Jaques et Jean, les fils de Z\u00e9b\u00e9d\u00e9e, illustre bien l\u2019antinomie de la r\u00e9ponse de Dieu par rapport \u00e0 son attente.<br \/>\nDans ce sens, je vois un parall\u00e8le entre le Psaume 146 et le texte de Matthieu.<\/p>\n<p>La m\u00e8re de Jaques et Jean aspire \u00e0 un r\u00e8gne de J\u00e9sus \u00e0 la mani\u00e8re d\u2019un roi, d\u2019un grand de ce monde. J\u00e9sus sait que le plan de Dieu est tout autre. Le psalmiste sait aussi que ce mod\u00e8le de puissance ne fonctionne pas. Il r\u00e9duit \u00e0 la poussi\u00e8re en deux versets l\u2019action des grands de ce monde\u00a0!<\/p>\n<p>\u00ab\u00a0Ne comptez pas sur les gens influents : ce ne sont que des hommes, ils sont impuissants \u00e0 sauver.<br \/>\nD\u00e8s qu&rsquo;ils rendent leur dernier souffle, d\u00e8s qu&rsquo;ils retournent \u00e0 la terre, leurs projets sont enterr\u00e9s avec eux.\u00a0\u00bb<\/p>\n<p>Dans la version originale, de ces deux versets, le psalmiste fait un jeu de mots qui n\u2019apparait pas dans notre traduction fran\u00e7aise. Pour parler des grands de ce monde, le psalmiste utilise le terme de \u00ab\u00a0ben adam\u00a0\u00bb, les fils de l\u2019homme ou les fils d\u2019Adam, qui retournent dans l\u2019\u00abadmato\u00bb,\u00a0la terre, la poussi\u00e8re.<br \/>\nAdam a \u00e9t\u00e9 form\u00e9 de poussi\u00e8re et retourne \u00e0 la poussi\u00e8re.<br \/>\nSelon le psalmiste, tous nos efforts d\u2019influence sont r\u00e9duits au n\u00e9ant de par notre nature de fils de l\u2019homme, de \u00ab\u00a0ben adam\u00a0\u00bb. Toutes nos actions, seraient-elles donc vaines\u00a0?<\/p>\n<p>La r\u00e9ponse donn\u00e9e par J\u00e9sus nous renvoie dans une autre direction\u00a0!<br \/>\nAu d\u00e9sir de la m\u00e8re de Jaques et Jean de les voir r\u00e9gner \u00e0 la droite et \u00e0 la gauche de Dieu, J\u00e9sus r\u00e9pond<br \/>\n\u00ab\u00a0Il ne doit pas en \u00eatre ainsi parmi vous\u00a0\u00bb<\/p>\n<p>Aussi bien dans le psaume que dans le texte de Matthieu, les notions de pouvoir et de puissance semblent bien \u00eatre diff\u00e9rentes entre notre mani\u00e8re de voir les choses et celle propos\u00e9e par Dieu\u00a0!<\/p>\n<p>Quelle est donc la puissance de Dieu et comment peut-elle se manifester\u00a0?<br \/>\nQuelle est ma place dans tout cela\u00a0?<\/p>\n<p>\u00c0 propos de la question de la puissance de Dieu, Andr\u00e9 Gounelle \u00e9tablit une distinction entre puissance et pouvoir. Il \u00e9crit : \u00ab Je sugg\u00e8re de d\u00e9signer par \u2018pouvoir\u2019 une force qui agit de l\u2019ext\u00e9rieur sur quelqu\u2019un ou sur quelque chose. Le pouvoir oblige, il exerce une coactio, il impose une contrainte. Il nous d\u00e9termine du dehors et il d\u00e9cide de nous comme d\u2019un objet. Je propose d\u2019appeler \u2018puissance\u2019 une force qui, au contraire, op\u00e8re de l\u2019int\u00e9rieur.<br \/>\nElle agit non pas sur nous, mais en nous. Elle obtient notre consentement et appelle notre participation. Loin de supprimer la libert\u00e9, elle en a besoin et la sollicite \u00bb (Andr\u00e9 Gounelle, op. cit., p. 461).<\/p>\n<p>Je pense que c\u2019est vers cette puissance que J\u00e9sus veut nous orienter. Elle se concr\u00e9tise par le don du Saint-Esprit. Dans cette p\u00e9riode entre l\u2019Ascension et la Pentec\u00f4te, il y a comme un vide, un espace, une attente qui nous pr\u00e9pare \u00e0 accueillir l\u2019Esprit de Dieu.<\/p>\n<p>Quand J\u00e9sus nous dit\u00a0:<br \/>\n\u00ab\u00a0Il ne doit pas en \u00eatre ainsi parmi vous. Au contraire, si quelqu&rsquo;un veut \u00eatre grand parmi vous, qu&rsquo;il soit votre serviteur\u00a0\u00bb cela nous est impossible \u00e0 r\u00e9aliser en tant que \u00ab\u00a0ben Adam\u00a0\u00bb. Par son Esprit, Dieu veut faire de nous ses enfants. Notre nature de \u00ab\u00a0ben adam\u00a0\u00bb est transform\u00e9e. Par son Esprit Dieu d\u00e9sire nous lib\u00e9rer, nous redresser, nous nourrir, nous relever, nous accompagner. Par lui, il veut nous rendre pleinement fils de Dieu. Nous devenons ainsi des serviteurs, ses serviteurs. Cette transformation nous rend acteurs du plan de Dieu. Nous devenons \u00e0 la fois b\u00e9n\u00e9ficiaires et transmetteurs de son amour. Je suis touch\u00e9 par la confiance que Dieu nous manifeste ainsi.<\/p>\n<p>Le Psalmiste commence par je veux c\u00e9l\u00e9brer \u00ab\u00a0mon Dieu\u00a0\u00bb, il termine par\u00a0: \u00ab\u00a0il est <strong><u>ton<\/u><\/strong> Dieu\u00a0\u00bb<\/p>\n<p>C\u2019est un appel, une invitation \u00e0 nous joindre \u00e0 lui et \u00e0 nous associer pleinement \u00e0 l\u2019\u0153uvre de Dieu.<\/p>\n<p>&nbsp;<\/p>\n","protected":false},"excerpt":{"rendered":"<p>Culte du 29 mai au temple de Colombier. Claude Fiaux, pr\u00e9dicateur la\u00efc de la paroisse en est l&rsquo;officiant. Merci \u00e0 lui! Lectures bibliques All\u00e9luia ! Je veux louer le Seigneur ! Je veux l&rsquo;acclamer toute ma vie, c\u00e9l\u00e9brer mon Dieu par mes chants tant que j&rsquo;existerai. Ne comptez pas sur les gens influents : ce &hellip; <a href=\"https:\/\/www.eren.ch\/barc\/2022\/06\/01\/la-confiance\/\" class=\"more-link\">Continuer la lecture<span class=\"screen-reader-text\"> de &laquo;&nbsp;La confiance&nbsp;&raquo;<\/span><\/a><\/p>\n","protected":false},"author":19,"featured_media":3713,"comment_status":"closed","ping_status":"closed","sticky":false,"template":"","format":"standard","meta":{"footnotes":""},"categories":[2204],"tags":[],"class_list":["post-3709","post","type-post","status-publish","format-standard","has-post-thumbnail","hentry","category-cultes"],"yoast_head":"<!-- This site is optimized with the Yoast SEO Premium plugin v27.5 (Yoast SEO v27.5) - https:\/\/yoast.com\/product\/yoast-seo-premium-wordpress\/ -->\n<title>La confiance &#8226; Paroisse r\u00e9form\u00e9e de La BARC<\/title>\n<meta name=\"description\" content=\"Culte du 29 mai au temple de Colombier. Claude Fiaux, pr\u00e9dicateur la\u00efc de la paroisse en est l&#039;officiant. Merci \u00e0 lui! Lectures bibliques All\u00e9luia ! Je\" \/>\n<meta name=\"robots\" content=\"index, follow, max-snippet:-1, max-image-preview:large, max-video-preview:-1\" \/>\n<link rel=\"canonical\" href=\"https:\/\/www.eren.ch\/barc\/2022\/06\/01\/la-confiance\/\" \/>\n<meta property=\"og:locale\" content=\"fr_FR\" \/>\n<meta property=\"og:type\" content=\"article\" \/>\n<meta property=\"og:title\" content=\"La confiance\" \/>\n<meta property=\"og:description\" content=\"Culte du 29 mai au temple de Colombier. Claude Fiaux, pr\u00e9dicateur la\u00efc de la paroisse en est l&#039;officiant. Merci \u00e0 lui! Lectures bibliques All\u00e9luia ! Je\" \/>\n<meta property=\"og:url\" content=\"https:\/\/www.eren.ch\/barc\/2022\/06\/01\/la-confiance\/\" \/>\n<meta property=\"og:site_name\" content=\"Paroisse r\u00e9form\u00e9e de La BARC\" \/>\n<meta property=\"article:publisher\" content=\"https:\/\/www.facebook.com\/eglise.EREN\" \/>\n<meta property=\"article:published_time\" content=\"2022-06-01T09:35:07+00:00\" \/>\n<meta property=\"article:modified_time\" content=\"2022-06-01T09:36:55+00:00\" \/>\n<meta property=\"og:image\" content=\"https:\/\/www.eren.ch\/barc\/wp-content\/uploads\/sites\/4\/2022\/06\/hd-wallpaper-g20cb7f96a_1920.jpg\" \/>\n\t<meta property=\"og:image:width\" content=\"1920\" \/>\n\t<meta property=\"og:image:height\" content=\"1232\" \/>\n\t<meta property=\"og:image:type\" content=\"image\/jpeg\" \/>\n<meta name=\"author\" content=\"B\u00e9n\u00e9dicte Gritti\" \/>\n<meta name=\"twitter:card\" content=\"summary_large_image\" \/>\n<meta name=\"twitter:creator\" content=\"@egliseeren\" \/>\n<meta name=\"twitter:site\" content=\"@egliseeren\" \/>\n<meta name=\"twitter:label1\" content=\"\u00c9crit par\" \/>\n\t<meta name=\"twitter:data1\" content=\"B\u00e9n\u00e9dicte Gritti\" \/>\n\t<meta name=\"twitter:label2\" content=\"Dur\u00e9e de lecture estim\u00e9e\" \/>\n\t<meta name=\"twitter:data2\" content=\"8 minutes\" \/>\n<script type=\"application\/ld+json\" class=\"yoast-schema-graph\">{\"@context\":\"https:\\\/\\\/schema.org\",\"@graph\":[{\"@type\":\"Article\",\"@id\":\"https:\\\/\\\/www.eren.ch\\\/barc\\\/2022\\\/06\\\/01\\\/la-confiance\\\/#article\",\"isPartOf\":{\"@id\":\"https:\\\/\\\/www.eren.ch\\\/barc\\\/2022\\\/06\\\/01\\\/la-confiance\\\/\"},\"author\":{\"name\":\"B\u00e9n\u00e9dicte Gritti\",\"@id\":\"https:\\\/\\\/www.eren.ch\\\/barc\\\/#\\\/schema\\\/person\\\/5f4622d991f1bbb6ef4252d9d94b6785\"},\"headline\":\"La confiance\",\"datePublished\":\"2022-06-01T09:35:07+00:00\",\"dateModified\":\"2022-06-01T09:36:55+00:00\",\"mainEntityOfPage\":{\"@id\":\"https:\\\/\\\/www.eren.ch\\\/barc\\\/2022\\\/06\\\/01\\\/la-confiance\\\/\"},\"wordCount\":1565,\"publisher\":{\"@id\":\"https:\\\/\\\/www.eren.ch\\\/barc\\\/#organization\"},\"image\":{\"@id\":\"https:\\\/\\\/www.eren.ch\\\/barc\\\/2022\\\/06\\\/01\\\/la-confiance\\\/#primaryimage\"},\"thumbnailUrl\":\"https:\\\/\\\/www.eren.ch\\\/barc\\\/wp-content\\\/uploads\\\/sites\\\/4\\\/2022\\\/06\\\/hd-wallpaper-g20cb7f96a_1920.jpg\",\"articleSection\":[\"Cultes et pr\u00e9dications\"],\"inLanguage\":\"fr-FR\"},{\"@type\":\"WebPage\",\"@id\":\"https:\\\/\\\/www.eren.ch\\\/barc\\\/2022\\\/06\\\/01\\\/la-confiance\\\/\",\"url\":\"https:\\\/\\\/www.eren.ch\\\/barc\\\/2022\\\/06\\\/01\\\/la-confiance\\\/\",\"name\":\"La confiance &#8226; Paroisse r\u00e9form\u00e9e de La BARC\",\"isPartOf\":{\"@id\":\"https:\\\/\\\/www.eren.ch\\\/barc\\\/#website\"},\"primaryImageOfPage\":{\"@id\":\"https:\\\/\\\/www.eren.ch\\\/barc\\\/2022\\\/06\\\/01\\\/la-confiance\\\/#primaryimage\"},\"image\":{\"@id\":\"https:\\\/\\\/www.eren.ch\\\/barc\\\/2022\\\/06\\\/01\\\/la-confiance\\\/#primaryimage\"},\"thumbnailUrl\":\"https:\\\/\\\/www.eren.ch\\\/barc\\\/wp-content\\\/uploads\\\/sites\\\/4\\\/2022\\\/06\\\/hd-wallpaper-g20cb7f96a_1920.jpg\",\"datePublished\":\"2022-06-01T09:35:07+00:00\",\"dateModified\":\"2022-06-01T09:36:55+00:00\",\"description\":\"Culte du 29 mai au temple de Colombier. Claude Fiaux, pr\u00e9dicateur la\u00efc de la paroisse en est l'officiant. Merci \u00e0 lui! Lectures bibliques All\u00e9luia ! Je\",\"breadcrumb\":{\"@id\":\"https:\\\/\\\/www.eren.ch\\\/barc\\\/2022\\\/06\\\/01\\\/la-confiance\\\/#breadcrumb\"},\"inLanguage\":\"fr-FR\",\"potentialAction\":[{\"@type\":\"ReadAction\",\"target\":[\"https:\\\/\\\/www.eren.ch\\\/barc\\\/2022\\\/06\\\/01\\\/la-confiance\\\/\"]}]},{\"@type\":\"ImageObject\",\"inLanguage\":\"fr-FR\",\"@id\":\"https:\\\/\\\/www.eren.ch\\\/barc\\\/2022\\\/06\\\/01\\\/la-confiance\\\/#primaryimage\",\"url\":\"https:\\\/\\\/www.eren.ch\\\/barc\\\/wp-content\\\/uploads\\\/sites\\\/4\\\/2022\\\/06\\\/hd-wallpaper-g20cb7f96a_1920.jpg\",\"contentUrl\":\"https:\\\/\\\/www.eren.ch\\\/barc\\\/wp-content\\\/uploads\\\/sites\\\/4\\\/2022\\\/06\\\/hd-wallpaper-g20cb7f96a_1920.jpg\",\"width\":1920,\"height\":1232},{\"@type\":\"BreadcrumbList\",\"@id\":\"https:\\\/\\\/www.eren.ch\\\/barc\\\/2022\\\/06\\\/01\\\/la-confiance\\\/#breadcrumb\",\"itemListElement\":[{\"@type\":\"ListItem\",\"position\":1,\"name\":\"Accueil\",\"item\":\"https:\\\/\\\/www.eren.ch\\\/barc\\\/\"},{\"@type\":\"ListItem\",\"position\":2,\"name\":\"La confiance\"}]},{\"@type\":\"WebSite\",\"@id\":\"https:\\\/\\\/www.eren.ch\\\/barc\\\/#website\",\"url\":\"https:\\\/\\\/www.eren.ch\\\/barc\\\/\",\"name\":\"Paroisse r\u00e9form\u00e9e de La BARC\",\"description\":\"B\u00f4le - Auvernier - Rochefort - Colombier\",\"publisher\":{\"@id\":\"https:\\\/\\\/www.eren.ch\\\/barc\\\/#organization\"},\"potentialAction\":[{\"@type\":\"SearchAction\",\"target\":{\"@type\":\"EntryPoint\",\"urlTemplate\":\"https:\\\/\\\/www.eren.ch\\\/barc\\\/?s={search_term_string}\"},\"query-input\":{\"@type\":\"PropertyValueSpecification\",\"valueRequired\":true,\"valueName\":\"search_term_string\"}}],\"inLanguage\":\"fr-FR\"},{\"@type\":\"Organization\",\"@id\":\"https:\\\/\\\/www.eren.ch\\\/barc\\\/#organization\",\"name\":\"Paroisse de La BARC\",\"url\":\"https:\\\/\\\/www.eren.ch\\\/barc\\\/\",\"logo\":{\"@type\":\"ImageObject\",\"inLanguage\":\"fr-FR\",\"@id\":\"https:\\\/\\\/www.eren.ch\\\/barc\\\/#\\\/schema\\\/logo\\\/image\\\/\",\"url\":\"https:\\\/\\\/www.eren.ch\\\/barc\\\/wp-content\\\/uploads\\\/sites\\\/4\\\/2020\\\/12\\\/logo-barc.png\",\"contentUrl\":\"https:\\\/\\\/www.eren.ch\\\/barc\\\/wp-content\\\/uploads\\\/sites\\\/4\\\/2020\\\/12\\\/logo-barc.png\",\"width\":240,\"height\":117,\"caption\":\"Paroisse de La BARC\"},\"image\":{\"@id\":\"https:\\\/\\\/www.eren.ch\\\/barc\\\/#\\\/schema\\\/logo\\\/image\\\/\"},\"sameAs\":[\"https:\\\/\\\/www.facebook.com\\\/eglise.EREN\",\"https:\\\/\\\/x.com\\\/egliseeren\",\"https:\\\/\\\/fr.wikipedia.org\\\/wiki\\\/\u00c9glise_r\u00e9form\u00e9e_\u00e9vang\u00e9lique_du_canton_de_Neuch\u00e2tel\"]},{\"@type\":\"Person\",\"@id\":\"https:\\\/\\\/www.eren.ch\\\/barc\\\/#\\\/schema\\\/person\\\/5f4622d991f1bbb6ef4252d9d94b6785\",\"name\":\"B\u00e9n\u00e9dicte Gritti\",\"image\":{\"@type\":\"ImageObject\",\"inLanguage\":\"fr-FR\",\"@id\":\"https:\\\/\\\/secure.gravatar.com\\\/avatar\\\/55468d7d80d345c1d6613c21d2de7154f4584ae4420406052af2093fc7f7c5b3?s=96&d=blank&r=g\",\"url\":\"https:\\\/\\\/secure.gravatar.com\\\/avatar\\\/55468d7d80d345c1d6613c21d2de7154f4584ae4420406052af2093fc7f7c5b3?s=96&d=blank&r=g\",\"contentUrl\":\"https:\\\/\\\/secure.gravatar.com\\\/avatar\\\/55468d7d80d345c1d6613c21d2de7154f4584ae4420406052af2093fc7f7c5b3?s=96&d=blank&r=g\",\"caption\":\"B\u00e9n\u00e9dicte Gritti\"},\"url\":\"https:\\\/\\\/www.eren.ch\\\/barc\\\/author\\\/bgritti\\\/\"}]}<\/script>\n<!-- \/ Yoast SEO Premium plugin. -->","yoast_head_json":{"title":"La confiance &#8226; Paroisse r\u00e9form\u00e9e de La BARC","description":"Culte du 29 mai au temple de Colombier. Claude Fiaux, pr\u00e9dicateur la\u00efc de la paroisse en est l'officiant. Merci \u00e0 lui! Lectures bibliques All\u00e9luia ! Je","robots":{"index":"index","follow":"follow","max-snippet":"max-snippet:-1","max-image-preview":"max-image-preview:large","max-video-preview":"max-video-preview:-1"},"canonical":"https:\/\/www.eren.ch\/barc\/2022\/06\/01\/la-confiance\/","og_locale":"fr_FR","og_type":"article","og_title":"La confiance","og_description":"Culte du 29 mai au temple de Colombier. Claude Fiaux, pr\u00e9dicateur la\u00efc de la paroisse en est l'officiant. Merci \u00e0 lui! Lectures bibliques All\u00e9luia ! Je","og_url":"https:\/\/www.eren.ch\/barc\/2022\/06\/01\/la-confiance\/","og_site_name":"Paroisse r\u00e9form\u00e9e de La BARC","article_publisher":"https:\/\/www.facebook.com\/eglise.EREN","article_published_time":"2022-06-01T09:35:07+00:00","article_modified_time":"2022-06-01T09:36:55+00:00","og_image":[{"width":1920,"height":1232,"url":"https:\/\/www.eren.ch\/barc\/wp-content\/uploads\/sites\/4\/2022\/06\/hd-wallpaper-g20cb7f96a_1920.jpg","type":"image\/jpeg"}],"author":"B\u00e9n\u00e9dicte Gritti","twitter_card":"summary_large_image","twitter_creator":"@egliseeren","twitter_site":"@egliseeren","twitter_misc":{"\u00c9crit par":"B\u00e9n\u00e9dicte Gritti","Dur\u00e9e de lecture estim\u00e9e":"8 minutes"},"schema":{"@context":"https:\/\/schema.org","@graph":[{"@type":"Article","@id":"https:\/\/www.eren.ch\/barc\/2022\/06\/01\/la-confiance\/#article","isPartOf":{"@id":"https:\/\/www.eren.ch\/barc\/2022\/06\/01\/la-confiance\/"},"author":{"name":"B\u00e9n\u00e9dicte Gritti","@id":"https:\/\/www.eren.ch\/barc\/#\/schema\/person\/5f4622d991f1bbb6ef4252d9d94b6785"},"headline":"La confiance","datePublished":"2022-06-01T09:35:07+00:00","dateModified":"2022-06-01T09:36:55+00:00","mainEntityOfPage":{"@id":"https:\/\/www.eren.ch\/barc\/2022\/06\/01\/la-confiance\/"},"wordCount":1565,"publisher":{"@id":"https:\/\/www.eren.ch\/barc\/#organization"},"image":{"@id":"https:\/\/www.eren.ch\/barc\/2022\/06\/01\/la-confiance\/#primaryimage"},"thumbnailUrl":"https:\/\/www.eren.ch\/barc\/wp-content\/uploads\/sites\/4\/2022\/06\/hd-wallpaper-g20cb7f96a_1920.jpg","articleSection":["Cultes et pr\u00e9dications"],"inLanguage":"fr-FR"},{"@type":"WebPage","@id":"https:\/\/www.eren.ch\/barc\/2022\/06\/01\/la-confiance\/","url":"https:\/\/www.eren.ch\/barc\/2022\/06\/01\/la-confiance\/","name":"La confiance &#8226; Paroisse r\u00e9form\u00e9e de La BARC","isPartOf":{"@id":"https:\/\/www.eren.ch\/barc\/#website"},"primaryImageOfPage":{"@id":"https:\/\/www.eren.ch\/barc\/2022\/06\/01\/la-confiance\/#primaryimage"},"image":{"@id":"https:\/\/www.eren.ch\/barc\/2022\/06\/01\/la-confiance\/#primaryimage"},"thumbnailUrl":"https:\/\/www.eren.ch\/barc\/wp-content\/uploads\/sites\/4\/2022\/06\/hd-wallpaper-g20cb7f96a_1920.jpg","datePublished":"2022-06-01T09:35:07+00:00","dateModified":"2022-06-01T09:36:55+00:00","description":"Culte du 29 mai au temple de Colombier. Claude Fiaux, pr\u00e9dicateur la\u00efc de la paroisse en est l'officiant. Merci \u00e0 lui! Lectures bibliques All\u00e9luia ! Je","breadcrumb":{"@id":"https:\/\/www.eren.ch\/barc\/2022\/06\/01\/la-confiance\/#breadcrumb"},"inLanguage":"fr-FR","potentialAction":[{"@type":"ReadAction","target":["https:\/\/www.eren.ch\/barc\/2022\/06\/01\/la-confiance\/"]}]},{"@type":"ImageObject","inLanguage":"fr-FR","@id":"https:\/\/www.eren.ch\/barc\/2022\/06\/01\/la-confiance\/#primaryimage","url":"https:\/\/www.eren.ch\/barc\/wp-content\/uploads\/sites\/4\/2022\/06\/hd-wallpaper-g20cb7f96a_1920.jpg","contentUrl":"https:\/\/www.eren.ch\/barc\/wp-content\/uploads\/sites\/4\/2022\/06\/hd-wallpaper-g20cb7f96a_1920.jpg","width":1920,"height":1232},{"@type":"BreadcrumbList","@id":"https:\/\/www.eren.ch\/barc\/2022\/06\/01\/la-confiance\/#breadcrumb","itemListElement":[{"@type":"ListItem","position":1,"name":"Accueil","item":"https:\/\/www.eren.ch\/barc\/"},{"@type":"ListItem","position":2,"name":"La confiance"}]},{"@type":"WebSite","@id":"https:\/\/www.eren.ch\/barc\/#website","url":"https:\/\/www.eren.ch\/barc\/","name":"Paroisse r\u00e9form\u00e9e de La BARC","description":"B\u00f4le - Auvernier - Rochefort - Colombier","publisher":{"@id":"https:\/\/www.eren.ch\/barc\/#organization"},"potentialAction":[{"@type":"SearchAction","target":{"@type":"EntryPoint","urlTemplate":"https:\/\/www.eren.ch\/barc\/?s={search_term_string}"},"query-input":{"@type":"PropertyValueSpecification","valueRequired":true,"valueName":"search_term_string"}}],"inLanguage":"fr-FR"},{"@type":"Organization","@id":"https:\/\/www.eren.ch\/barc\/#organization","name":"Paroisse de La BARC","url":"https:\/\/www.eren.ch\/barc\/","logo":{"@type":"ImageObject","inLanguage":"fr-FR","@id":"https:\/\/www.eren.ch\/barc\/#\/schema\/logo\/image\/","url":"https:\/\/www.eren.ch\/barc\/wp-content\/uploads\/sites\/4\/2020\/12\/logo-barc.png","contentUrl":"https:\/\/www.eren.ch\/barc\/wp-content\/uploads\/sites\/4\/2020\/12\/logo-barc.png","width":240,"height":117,"caption":"Paroisse de La BARC"},"image":{"@id":"https:\/\/www.eren.ch\/barc\/#\/schema\/logo\/image\/"},"sameAs":["https:\/\/www.facebook.com\/eglise.EREN","https:\/\/x.com\/egliseeren","https:\/\/fr.wikipedia.org\/wiki\/\u00c9glise_r\u00e9form\u00e9e_\u00e9vang\u00e9lique_du_canton_de_Neuch\u00e2tel"]},{"@type":"Person","@id":"https:\/\/www.eren.ch\/barc\/#\/schema\/person\/5f4622d991f1bbb6ef4252d9d94b6785","name":"B\u00e9n\u00e9dicte Gritti","image":{"@type":"ImageObject","inLanguage":"fr-FR","@id":"https:\/\/secure.gravatar.com\/avatar\/55468d7d80d345c1d6613c21d2de7154f4584ae4420406052af2093fc7f7c5b3?s=96&d=blank&r=g","url":"https:\/\/secure.gravatar.com\/avatar\/55468d7d80d345c1d6613c21d2de7154f4584ae4420406052af2093fc7f7c5b3?s=96&d=blank&r=g","contentUrl":"https:\/\/secure.gravatar.com\/avatar\/55468d7d80d345c1d6613c21d2de7154f4584ae4420406052af2093fc7f7c5b3?s=96&d=blank&r=g","caption":"B\u00e9n\u00e9dicte Gritti"},"url":"https:\/\/www.eren.ch\/barc\/author\/bgritti\/"}]}},"_links":{"self":[{"href":"https:\/\/www.eren.ch\/barc\/wp-json\/wp\/v2\/posts\/3709","targetHints":{"allow":["GET"]}}],"collection":[{"href":"https:\/\/www.eren.ch\/barc\/wp-json\/wp\/v2\/posts"}],"about":[{"href":"https:\/\/www.eren.ch\/barc\/wp-json\/wp\/v2\/types\/post"}],"author":[{"embeddable":true,"href":"https:\/\/www.eren.ch\/barc\/wp-json\/wp\/v2\/users\/19"}],"replies":[{"embeddable":true,"href":"https:\/\/www.eren.ch\/barc\/wp-json\/wp\/v2\/comments?post=3709"}],"version-history":[{"count":4,"href":"https:\/\/www.eren.ch\/barc\/wp-json\/wp\/v2\/posts\/3709\/revisions"}],"predecessor-version":[{"id":3715,"href":"https:\/\/www.eren.ch\/barc\/wp-json\/wp\/v2\/posts\/3709\/revisions\/3715"}],"wp:featuredmedia":[{"embeddable":true,"href":"https:\/\/www.eren.ch\/barc\/wp-json\/wp\/v2\/media\/3713"}],"wp:attachment":[{"href":"https:\/\/www.eren.ch\/barc\/wp-json\/wp\/v2\/media?parent=3709"}],"wp:term":[{"taxonomy":"category","embeddable":true,"href":"https:\/\/www.eren.ch\/barc\/wp-json\/wp\/v2\/categories?post=3709"},{"taxonomy":"post_tag","embeddable":true,"href":"https:\/\/www.eren.ch\/barc\/wp-json\/wp\/v2\/tags?post=3709"}],"curies":[{"name":"wp","href":"https:\/\/api.w.org\/{rel}","templated":true}]}}