{"id":4209,"date":"2023-03-07T19:21:31","date_gmt":"2023-03-07T18:21:31","guid":{"rendered":"https:\/\/www.eren.ch\/barc\/?p=4209"},"modified":"2023-03-20T12:20:21","modified_gmt":"2023-03-20T11:20:21","slug":"de-quel-monde-voulons-nous-etre-responsables","status":"publish","type":"post","link":"https:\/\/www.eren.ch\/barc\/2023\/03\/07\/de-quel-monde-voulons-nous-etre-responsables\/","title":{"rendered":"De quel monde voulons-nous \u00eatre responsables\u00a0?"},"content":{"rendered":"<p style=\"font-weight: 400\">Vous nourrissez-vous de mani\u00e8re \u00e9quitable ? Que se cache-t-il derri\u00e8re les aliments de votre frigo ? Comment la nourriture de votre assiette a-t-elle \u00e9t\u00e9 cultiv\u00e9e et \u00e0 quel point les fruits et les l\u00e9gumes que vous consommez ont-ils voyag\u00e9 ? Le parcours des aliments du champ jusqu\u2019\u00e0 notre assiette est plus complexe qu\u2019il n\u2018y para\u00eet\u2026<\/p>\n<p style=\"font-weight: 400\">\u2026Notre mode de production alimentaire actuel est responsable de plus d\u2019un tiers des \u00e9missions nocives de gaz \u00e0 effet de serre. Consommer des produits locaux, saisonniers et \u00e9quitables aide \u00e0 am\u00e9liorer le bilan de gaz \u00e0 effet de serre de l\u2019alimentation et de la production alimentaire.<\/p>\n<p style=\"font-weight: 400\">La production et les habitudes alimentaires sont en lien \u00e9troit avec la famine dans le monde et la situation climatique actuelle. Les personnes qui contribuent le moins au r\u00e9chauffement climatique en sont les principales victimes.<\/p>\n<p style=\"font-weight: 400\">Pour y r\u00e9fl\u00e9chir ensemble et participer, la paroisse de La BARC et la paroisse catholique, vous invitent \u00e0 divers \u00e9v\u00e9nements\u00a0:<\/p>\n<ul>\n<li><strong>Les soupes de car\u00eame\u00a0<\/strong>\n<ol>\n<li>Le 10 mars \u00e0 Auvernier, livr\u00e9es \u00e0 domicile. Commande jusqu\u2019au jeudi 9 mars \u00e0 13h\u00a0au 032 731 90 22 (r\u00e9pondeur).<\/li>\n<li>Le 17 mars au cercle catholique \u00e0 Colombier d\u00e8s midi.<\/li>\n<li>Le 24 mars \u00e0 l\u2019Ar\u00e9teau \u00e0 Rochefort\u00a0d\u00e8s midi.<\/li>\n<li>Le 31 mars \u00e0 la Maison de Paroisse \u00e0 B\u00f4le d\u00e8s midi.<\/li>\n<\/ol>\n<\/li>\n<\/ul>\n<ul>\n<li><strong>\u00ab\u00a0Gouter \u00e0 l\u2019agriculture de demain\u00a0\u00bb<br \/><\/strong>Le samedi <strong>11 mars<\/strong> de 14h \u00e0 18h 30 rencontre \u00e0 la ferme des Mouilles, Thielle-Wavre (sur inscription).<br \/>Au programme, une visite guid\u00e9e de la ferme, un parcours exp\u00e9rientiel, des \u00e9changes avec et entre agro-\u00e9cologistes du Nord et du Sud, un temps de convivialit\u00e9 autour de produits locaux.<\/li>\n<\/ul>\n<ul>\n<li><strong>L\u2019agro\u00e9cologie, <\/strong>table ronde.<br \/>Pratiques et possibles face \u00e0 la catastrophe environnementale<br \/>Le mardi <strong>14 mars \u00e0 20h15 <\/strong>au Club 44 La Chaux de fonds.<\/li>\n<\/ul>\n<ul>\n<li><strong>La vente des Roses<\/strong>: le samedi\u00a0<strong>18 mars<\/strong>, d\u00e8s 9h, devant le b\u00e2timent communal et partout dans le village de Colombier.<\/li>\n<\/ul>\n<ul>\n<li><strong>La c\u00e9l\u00e9bration \u0153cum\u00e9nique<\/strong> : dimanche\u00a0<strong>19 mars<\/strong>, \u00e0 10h, au temple de Colombier.<\/li>\n<\/ul>\n<ul>\n<li><strong>La semaine de je\u00fbne\u00a0<\/strong>: Pour prendre un temps&#8230; pour soi&#8230; avec Dieu&#8230; en groupe pour se soutenir et partager. Semaine de je\u00fbne du <strong>27 mars au 2 avril<\/strong>.<\/li>\n<\/ul>\n\n<div class=\"wp-block-image\">\n<figure class=\"aligncenter size-full is-resized\"><img decoding=\"async\" src=\"https:\/\/www.eren.ch\/barc\/wp-content\/uploads\/sites\/4\/2023\/03\/Sans-titre-1.png\" alt=\"\" class=\"wp-image-4211\" width=\"265\" height=\"103\" srcset=\"https:\/\/www.eren.ch\/barc\/wp-content\/uploads\/sites\/4\/2023\/03\/Sans-titre-1.png 391w, https:\/\/www.eren.ch\/barc\/wp-content\/uploads\/sites\/4\/2023\/03\/Sans-titre-1-300x117.png 300w\" sizes=\"(max-width: 265px) 85vw, 265px\" \/><\/figure>\n<\/div>","protected":false},"excerpt":{"rendered":"<p>Vous nourrissez-vous de mani\u00e8re \u00e9quitable ? Que se cache-t-il derri\u00e8re les aliments de votre frigo ? Comment la nourriture de votre assiette a-t-elle \u00e9t\u00e9 cultiv\u00e9e et \u00e0 quel point les fruits et les l\u00e9gumes que vous consommez ont-ils voyag\u00e9 ? Le parcours des aliments du champ jusqu\u2019\u00e0 notre assiette est plus complexe qu\u2019il n\u2018y para\u00eet\u2026 &hellip; <a href=\"https:\/\/www.eren.ch\/barc\/2023\/03\/07\/de-quel-monde-voulons-nous-etre-responsables\/\" class=\"more-link\">Continuer la lecture<span class=\"screen-reader-text\"> de &laquo;&nbsp;De quel monde voulons-nous \u00eatre responsables\u00a0?&nbsp;&raquo;<\/span><\/a><\/p>\n","protected":false},"author":19,"featured_media":4212,"comment_status":"closed","ping_status":"closed","sticky":false,"template":"","format":"standard","meta":{"footnotes":""},"categories":[1],"tags":[],"class_list":["post-4209","post","type-post","status-publish","format-standard","has-post-thumbnail","hentry","category-non-classe"],"yoast_head":"<!-- This site is optimized with the Yoast SEO Premium plugin v27.5 (Yoast SEO v27.5) - https:\/\/yoast.com\/product\/yoast-seo-premium-wordpress\/ -->\n<title>De quel monde voulons-nous \u00eatre responsables\u00a0? &#8226; Paroisse r\u00e9form\u00e9e de La BARC<\/title>\n<meta name=\"description\" content=\"Vous nourrissez-vous de mani\u00e8re \u00e9quitable ? Que se cache-t-il derri\u00e8re les aliments de votre frigo ? Comment la nourriture de votre assiette a-t-elle \u00e9t\u00e9\" \/>\n<meta name=\"robots\" content=\"index, follow, max-snippet:-1, max-image-preview:large, max-video-preview:-1\" \/>\n<link rel=\"canonical\" href=\"https:\/\/www.eren.ch\/barc\/2023\/03\/07\/de-quel-monde-voulons-nous-etre-responsables\/\" \/>\n<meta property=\"og:locale\" content=\"fr_FR\" \/>\n<meta property=\"og:type\" content=\"article\" \/>\n<meta property=\"og:title\" content=\"De quel monde voulons-nous \u00eatre responsables\u00a0?\" \/>\n<meta property=\"og:description\" content=\"Vous nourrissez-vous de mani\u00e8re \u00e9quitable ? Que se cache-t-il derri\u00e8re les aliments de votre frigo ? Comment la nourriture de votre assiette a-t-elle \u00e9t\u00e9\" \/>\n<meta property=\"og:url\" content=\"https:\/\/www.eren.ch\/barc\/2023\/03\/07\/de-quel-monde-voulons-nous-etre-responsables\/\" \/>\n<meta property=\"og:site_name\" content=\"Paroisse r\u00e9form\u00e9e de La BARC\" \/>\n<meta property=\"article:publisher\" content=\"https:\/\/www.facebook.com\/eglise.EREN\" \/>\n<meta property=\"article:published_time\" content=\"2023-03-07T18:21:31+00:00\" \/>\n<meta property=\"article:modified_time\" content=\"2023-03-20T11:20:21+00:00\" \/>\n<meta property=\"og:image\" content=\"https:\/\/www.eren.ch\/barc\/wp-content\/uploads\/sites\/4\/2023\/03\/Sans-titre-2.png\" \/>\n\t<meta property=\"og:image:width\" content=\"783\" \/>\n\t<meta property=\"og:image:height\" content=\"327\" \/>\n\t<meta property=\"og:image:type\" content=\"image\/png\" \/>\n<meta name=\"author\" content=\"B\u00e9n\u00e9dicte Gritti\" \/>\n<meta name=\"twitter:card\" content=\"summary_large_image\" \/>\n<meta name=\"twitter:creator\" content=\"@egliseeren\" \/>\n<meta name=\"twitter:site\" content=\"@egliseeren\" \/>\n<meta name=\"twitter:label1\" content=\"\u00c9crit par\" \/>\n\t<meta name=\"twitter:data1\" content=\"B\u00e9n\u00e9dicte Gritti\" \/>\n\t<meta name=\"twitter:label2\" content=\"Dur\u00e9e de lecture estim\u00e9e\" \/>\n\t<meta name=\"twitter:data2\" content=\"2 minutes\" \/>\n<script type=\"application\/ld+json\" class=\"yoast-schema-graph\">{\"@context\":\"https:\\\/\\\/schema.org\",\"@graph\":[{\"@type\":\"Article\",\"@id\":\"https:\\\/\\\/www.eren.ch\\\/barc\\\/2023\\\/03\\\/07\\\/de-quel-monde-voulons-nous-etre-responsables\\\/#article\",\"isPartOf\":{\"@id\":\"https:\\\/\\\/www.eren.ch\\\/barc\\\/2023\\\/03\\\/07\\\/de-quel-monde-voulons-nous-etre-responsables\\\/\"},\"author\":{\"name\":\"B\u00e9n\u00e9dicte Gritti\",\"@id\":\"https:\\\/\\\/www.eren.ch\\\/barc\\\/#\\\/schema\\\/person\\\/a6cf60fe8c2de024e153662c25c88e9c\"},\"headline\":\"De quel monde voulons-nous \u00eatre responsables\u00a0?\",\"datePublished\":\"2023-03-07T18:21:31+00:00\",\"dateModified\":\"2023-03-20T11:20:21+00:00\",\"mainEntityOfPage\":{\"@id\":\"https:\\\/\\\/www.eren.ch\\\/barc\\\/2023\\\/03\\\/07\\\/de-quel-monde-voulons-nous-etre-responsables\\\/\"},\"wordCount\":353,\"publisher\":{\"@id\":\"https:\\\/\\\/www.eren.ch\\\/barc\\\/#organization\"},\"image\":{\"@id\":\"https:\\\/\\\/www.eren.ch\\\/barc\\\/2023\\\/03\\\/07\\\/de-quel-monde-voulons-nous-etre-responsables\\\/#primaryimage\"},\"thumbnailUrl\":\"https:\\\/\\\/www.eren.ch\\\/barc\\\/wp-content\\\/uploads\\\/sites\\\/4\\\/2023\\\/03\\\/Sans-titre-2.png\",\"inLanguage\":\"fr-FR\"},{\"@type\":\"WebPage\",\"@id\":\"https:\\\/\\\/www.eren.ch\\\/barc\\\/2023\\\/03\\\/07\\\/de-quel-monde-voulons-nous-etre-responsables\\\/\",\"url\":\"https:\\\/\\\/www.eren.ch\\\/barc\\\/2023\\\/03\\\/07\\\/de-quel-monde-voulons-nous-etre-responsables\\\/\",\"name\":\"De quel monde voulons-nous \u00eatre responsables\u00a0? &#8226; Paroisse r\u00e9form\u00e9e de La BARC\",\"isPartOf\":{\"@id\":\"https:\\\/\\\/www.eren.ch\\\/barc\\\/#website\"},\"primaryImageOfPage\":{\"@id\":\"https:\\\/\\\/www.eren.ch\\\/barc\\\/2023\\\/03\\\/07\\\/de-quel-monde-voulons-nous-etre-responsables\\\/#primaryimage\"},\"image\":{\"@id\":\"https:\\\/\\\/www.eren.ch\\\/barc\\\/2023\\\/03\\\/07\\\/de-quel-monde-voulons-nous-etre-responsables\\\/#primaryimage\"},\"thumbnailUrl\":\"https:\\\/\\\/www.eren.ch\\\/barc\\\/wp-content\\\/uploads\\\/sites\\\/4\\\/2023\\\/03\\\/Sans-titre-2.png\",\"datePublished\":\"2023-03-07T18:21:31+00:00\",\"dateModified\":\"2023-03-20T11:20:21+00:00\",\"description\":\"Vous nourrissez-vous de mani\u00e8re \u00e9quitable ? Que se cache-t-il derri\u00e8re les aliments de votre frigo ? Comment la nourriture de votre assiette a-t-elle \u00e9t\u00e9\",\"breadcrumb\":{\"@id\":\"https:\\\/\\\/www.eren.ch\\\/barc\\\/2023\\\/03\\\/07\\\/de-quel-monde-voulons-nous-etre-responsables\\\/#breadcrumb\"},\"inLanguage\":\"fr-FR\",\"potentialAction\":[{\"@type\":\"ReadAction\",\"target\":[\"https:\\\/\\\/www.eren.ch\\\/barc\\\/2023\\\/03\\\/07\\\/de-quel-monde-voulons-nous-etre-responsables\\\/\"]}]},{\"@type\":\"ImageObject\",\"inLanguage\":\"fr-FR\",\"@id\":\"https:\\\/\\\/www.eren.ch\\\/barc\\\/2023\\\/03\\\/07\\\/de-quel-monde-voulons-nous-etre-responsables\\\/#primaryimage\",\"url\":\"https:\\\/\\\/www.eren.ch\\\/barc\\\/wp-content\\\/uploads\\\/sites\\\/4\\\/2023\\\/03\\\/Sans-titre-2.png\",\"contentUrl\":\"https:\\\/\\\/www.eren.ch\\\/barc\\\/wp-content\\\/uploads\\\/sites\\\/4\\\/2023\\\/03\\\/Sans-titre-2.png\",\"width\":783,\"height\":327},{\"@type\":\"BreadcrumbList\",\"@id\":\"https:\\\/\\\/www.eren.ch\\\/barc\\\/2023\\\/03\\\/07\\\/de-quel-monde-voulons-nous-etre-responsables\\\/#breadcrumb\",\"itemListElement\":[{\"@type\":\"ListItem\",\"position\":1,\"name\":\"Accueil\",\"item\":\"https:\\\/\\\/www.eren.ch\\\/barc\\\/\"},{\"@type\":\"ListItem\",\"position\":2,\"name\":\"De quel monde voulons-nous \u00eatre responsables\u00a0?\"}]},{\"@type\":\"WebSite\",\"@id\":\"https:\\\/\\\/www.eren.ch\\\/barc\\\/#website\",\"url\":\"https:\\\/\\\/www.eren.ch\\\/barc\\\/\",\"name\":\"Paroisse r\u00e9form\u00e9e de La BARC\",\"description\":\"B\u00f4le - Auvernier - Rochefort - Colombier\",\"publisher\":{\"@id\":\"https:\\\/\\\/www.eren.ch\\\/barc\\\/#organization\"},\"potentialAction\":[{\"@type\":\"SearchAction\",\"target\":{\"@type\":\"EntryPoint\",\"urlTemplate\":\"https:\\\/\\\/www.eren.ch\\\/barc\\\/?s={search_term_string}\"},\"query-input\":{\"@type\":\"PropertyValueSpecification\",\"valueRequired\":true,\"valueName\":\"search_term_string\"}}],\"inLanguage\":\"fr-FR\"},{\"@type\":\"Organization\",\"@id\":\"https:\\\/\\\/www.eren.ch\\\/barc\\\/#organization\",\"name\":\"Paroisse de La BARC\",\"url\":\"https:\\\/\\\/www.eren.ch\\\/barc\\\/\",\"logo\":{\"@type\":\"ImageObject\",\"inLanguage\":\"fr-FR\",\"@id\":\"https:\\\/\\\/www.eren.ch\\\/barc\\\/#\\\/schema\\\/logo\\\/image\\\/\",\"url\":\"https:\\\/\\\/www.eren.ch\\\/barc\\\/wp-content\\\/uploads\\\/sites\\\/4\\\/2020\\\/12\\\/logo-barc.png\",\"contentUrl\":\"https:\\\/\\\/www.eren.ch\\\/barc\\\/wp-content\\\/uploads\\\/sites\\\/4\\\/2020\\\/12\\\/logo-barc.png\",\"width\":240,\"height\":117,\"caption\":\"Paroisse de La BARC\"},\"image\":{\"@id\":\"https:\\\/\\\/www.eren.ch\\\/barc\\\/#\\\/schema\\\/logo\\\/image\\\/\"},\"sameAs\":[\"https:\\\/\\\/www.facebook.com\\\/eglise.EREN\",\"https:\\\/\\\/x.com\\\/egliseeren\",\"https:\\\/\\\/fr.wikipedia.org\\\/wiki\\\/\u00c9glise_r\u00e9form\u00e9e_\u00e9vang\u00e9lique_du_canton_de_Neuch\u00e2tel\"]},{\"@type\":\"Person\",\"@id\":\"https:\\\/\\\/www.eren.ch\\\/barc\\\/#\\\/schema\\\/person\\\/a6cf60fe8c2de024e153662c25c88e9c\",\"name\":\"B\u00e9n\u00e9dicte Gritti\",\"image\":{\"@type\":\"ImageObject\",\"inLanguage\":\"fr-FR\",\"@id\":\"https:\\\/\\\/secure.gravatar.com\\\/avatar\\\/55468d7d80d345c1d6613c21d2de7154f4584ae4420406052af2093fc7f7c5b3?s=96&d=blank&r=g\",\"url\":\"https:\\\/\\\/secure.gravatar.com\\\/avatar\\\/55468d7d80d345c1d6613c21d2de7154f4584ae4420406052af2093fc7f7c5b3?s=96&d=blank&r=g\",\"contentUrl\":\"https:\\\/\\\/secure.gravatar.com\\\/avatar\\\/55468d7d80d345c1d6613c21d2de7154f4584ae4420406052af2093fc7f7c5b3?s=96&d=blank&r=g\",\"caption\":\"B\u00e9n\u00e9dicte Gritti\"},\"url\":\"https:\\\/\\\/www.eren.ch\\\/barc\\\/author\\\/bgritti\\\/\"}]}<\/script>\n<!-- \/ Yoast SEO Premium plugin. -->","yoast_head_json":{"title":"De quel monde voulons-nous \u00eatre responsables\u00a0? &#8226; Paroisse r\u00e9form\u00e9e de La BARC","description":"Vous nourrissez-vous de mani\u00e8re \u00e9quitable ? Que se cache-t-il derri\u00e8re les aliments de votre frigo ? Comment la nourriture de votre assiette a-t-elle \u00e9t\u00e9","robots":{"index":"index","follow":"follow","max-snippet":"max-snippet:-1","max-image-preview":"max-image-preview:large","max-video-preview":"max-video-preview:-1"},"canonical":"https:\/\/www.eren.ch\/barc\/2023\/03\/07\/de-quel-monde-voulons-nous-etre-responsables\/","og_locale":"fr_FR","og_type":"article","og_title":"De quel monde voulons-nous \u00eatre responsables\u00a0?","og_description":"Vous nourrissez-vous de mani\u00e8re \u00e9quitable ? Que se cache-t-il derri\u00e8re les aliments de votre frigo ? Comment la nourriture de votre assiette a-t-elle \u00e9t\u00e9","og_url":"https:\/\/www.eren.ch\/barc\/2023\/03\/07\/de-quel-monde-voulons-nous-etre-responsables\/","og_site_name":"Paroisse r\u00e9form\u00e9e de La BARC","article_publisher":"https:\/\/www.facebook.com\/eglise.EREN","article_published_time":"2023-03-07T18:21:31+00:00","article_modified_time":"2023-03-20T11:20:21+00:00","og_image":[{"width":783,"height":327,"url":"https:\/\/www.eren.ch\/barc\/wp-content\/uploads\/sites\/4\/2023\/03\/Sans-titre-2.png","type":"image\/png"}],"author":"B\u00e9n\u00e9dicte Gritti","twitter_card":"summary_large_image","twitter_creator":"@egliseeren","twitter_site":"@egliseeren","twitter_misc":{"\u00c9crit par":"B\u00e9n\u00e9dicte Gritti","Dur\u00e9e de lecture estim\u00e9e":"2 minutes"},"schema":{"@context":"https:\/\/schema.org","@graph":[{"@type":"Article","@id":"https:\/\/www.eren.ch\/barc\/2023\/03\/07\/de-quel-monde-voulons-nous-etre-responsables\/#article","isPartOf":{"@id":"https:\/\/www.eren.ch\/barc\/2023\/03\/07\/de-quel-monde-voulons-nous-etre-responsables\/"},"author":{"name":"B\u00e9n\u00e9dicte Gritti","@id":"https:\/\/www.eren.ch\/barc\/#\/schema\/person\/a6cf60fe8c2de024e153662c25c88e9c"},"headline":"De quel monde voulons-nous \u00eatre responsables\u00a0?","datePublished":"2023-03-07T18:21:31+00:00","dateModified":"2023-03-20T11:20:21+00:00","mainEntityOfPage":{"@id":"https:\/\/www.eren.ch\/barc\/2023\/03\/07\/de-quel-monde-voulons-nous-etre-responsables\/"},"wordCount":353,"publisher":{"@id":"https:\/\/www.eren.ch\/barc\/#organization"},"image":{"@id":"https:\/\/www.eren.ch\/barc\/2023\/03\/07\/de-quel-monde-voulons-nous-etre-responsables\/#primaryimage"},"thumbnailUrl":"https:\/\/www.eren.ch\/barc\/wp-content\/uploads\/sites\/4\/2023\/03\/Sans-titre-2.png","inLanguage":"fr-FR"},{"@type":"WebPage","@id":"https:\/\/www.eren.ch\/barc\/2023\/03\/07\/de-quel-monde-voulons-nous-etre-responsables\/","url":"https:\/\/www.eren.ch\/barc\/2023\/03\/07\/de-quel-monde-voulons-nous-etre-responsables\/","name":"De quel monde voulons-nous \u00eatre responsables\u00a0? &#8226; Paroisse r\u00e9form\u00e9e de La BARC","isPartOf":{"@id":"https:\/\/www.eren.ch\/barc\/#website"},"primaryImageOfPage":{"@id":"https:\/\/www.eren.ch\/barc\/2023\/03\/07\/de-quel-monde-voulons-nous-etre-responsables\/#primaryimage"},"image":{"@id":"https:\/\/www.eren.ch\/barc\/2023\/03\/07\/de-quel-monde-voulons-nous-etre-responsables\/#primaryimage"},"thumbnailUrl":"https:\/\/www.eren.ch\/barc\/wp-content\/uploads\/sites\/4\/2023\/03\/Sans-titre-2.png","datePublished":"2023-03-07T18:21:31+00:00","dateModified":"2023-03-20T11:20:21+00:00","description":"Vous nourrissez-vous de mani\u00e8re \u00e9quitable ? Que se cache-t-il derri\u00e8re les aliments de votre frigo ? Comment la nourriture de votre assiette a-t-elle \u00e9t\u00e9","breadcrumb":{"@id":"https:\/\/www.eren.ch\/barc\/2023\/03\/07\/de-quel-monde-voulons-nous-etre-responsables\/#breadcrumb"},"inLanguage":"fr-FR","potentialAction":[{"@type":"ReadAction","target":["https:\/\/www.eren.ch\/barc\/2023\/03\/07\/de-quel-monde-voulons-nous-etre-responsables\/"]}]},{"@type":"ImageObject","inLanguage":"fr-FR","@id":"https:\/\/www.eren.ch\/barc\/2023\/03\/07\/de-quel-monde-voulons-nous-etre-responsables\/#primaryimage","url":"https:\/\/www.eren.ch\/barc\/wp-content\/uploads\/sites\/4\/2023\/03\/Sans-titre-2.png","contentUrl":"https:\/\/www.eren.ch\/barc\/wp-content\/uploads\/sites\/4\/2023\/03\/Sans-titre-2.png","width":783,"height":327},{"@type":"BreadcrumbList","@id":"https:\/\/www.eren.ch\/barc\/2023\/03\/07\/de-quel-monde-voulons-nous-etre-responsables\/#breadcrumb","itemListElement":[{"@type":"ListItem","position":1,"name":"Accueil","item":"https:\/\/www.eren.ch\/barc\/"},{"@type":"ListItem","position":2,"name":"De quel monde voulons-nous \u00eatre responsables\u00a0?"}]},{"@type":"WebSite","@id":"https:\/\/www.eren.ch\/barc\/#website","url":"https:\/\/www.eren.ch\/barc\/","name":"Paroisse r\u00e9form\u00e9e de La BARC","description":"B\u00f4le - Auvernier - Rochefort - Colombier","publisher":{"@id":"https:\/\/www.eren.ch\/barc\/#organization"},"potentialAction":[{"@type":"SearchAction","target":{"@type":"EntryPoint","urlTemplate":"https:\/\/www.eren.ch\/barc\/?s={search_term_string}"},"query-input":{"@type":"PropertyValueSpecification","valueRequired":true,"valueName":"search_term_string"}}],"inLanguage":"fr-FR"},{"@type":"Organization","@id":"https:\/\/www.eren.ch\/barc\/#organization","name":"Paroisse de La BARC","url":"https:\/\/www.eren.ch\/barc\/","logo":{"@type":"ImageObject","inLanguage":"fr-FR","@id":"https:\/\/www.eren.ch\/barc\/#\/schema\/logo\/image\/","url":"https:\/\/www.eren.ch\/barc\/wp-content\/uploads\/sites\/4\/2020\/12\/logo-barc.png","contentUrl":"https:\/\/www.eren.ch\/barc\/wp-content\/uploads\/sites\/4\/2020\/12\/logo-barc.png","width":240,"height":117,"caption":"Paroisse de La BARC"},"image":{"@id":"https:\/\/www.eren.ch\/barc\/#\/schema\/logo\/image\/"},"sameAs":["https:\/\/www.facebook.com\/eglise.EREN","https:\/\/x.com\/egliseeren","https:\/\/fr.wikipedia.org\/wiki\/\u00c9glise_r\u00e9form\u00e9e_\u00e9vang\u00e9lique_du_canton_de_Neuch\u00e2tel"]},{"@type":"Person","@id":"https:\/\/www.eren.ch\/barc\/#\/schema\/person\/a6cf60fe8c2de024e153662c25c88e9c","name":"B\u00e9n\u00e9dicte Gritti","image":{"@type":"ImageObject","inLanguage":"fr-FR","@id":"https:\/\/secure.gravatar.com\/avatar\/55468d7d80d345c1d6613c21d2de7154f4584ae4420406052af2093fc7f7c5b3?s=96&d=blank&r=g","url":"https:\/\/secure.gravatar.com\/avatar\/55468d7d80d345c1d6613c21d2de7154f4584ae4420406052af2093fc7f7c5b3?s=96&d=blank&r=g","contentUrl":"https:\/\/secure.gravatar.com\/avatar\/55468d7d80d345c1d6613c21d2de7154f4584ae4420406052af2093fc7f7c5b3?s=96&d=blank&r=g","caption":"B\u00e9n\u00e9dicte Gritti"},"url":"https:\/\/www.eren.ch\/barc\/author\/bgritti\/"}]}},"_links":{"self":[{"href":"https:\/\/www.eren.ch\/barc\/wp-json\/wp\/v2\/posts\/4209","targetHints":{"allow":["GET"]}}],"collection":[{"href":"https:\/\/www.eren.ch\/barc\/wp-json\/wp\/v2\/posts"}],"about":[{"href":"https:\/\/www.eren.ch\/barc\/wp-json\/wp\/v2\/types\/post"}],"author":[{"embeddable":true,"href":"https:\/\/www.eren.ch\/barc\/wp-json\/wp\/v2\/users\/19"}],"replies":[{"embeddable":true,"href":"https:\/\/www.eren.ch\/barc\/wp-json\/wp\/v2\/comments?post=4209"}],"version-history":[{"count":4,"href":"https:\/\/www.eren.ch\/barc\/wp-json\/wp\/v2\/posts\/4209\/revisions"}],"predecessor-version":[{"id":4222,"href":"https:\/\/www.eren.ch\/barc\/wp-json\/wp\/v2\/posts\/4209\/revisions\/4222"}],"wp:featuredmedia":[{"embeddable":true,"href":"https:\/\/www.eren.ch\/barc\/wp-json\/wp\/v2\/media\/4212"}],"wp:attachment":[{"href":"https:\/\/www.eren.ch\/barc\/wp-json\/wp\/v2\/media?parent=4209"}],"wp:term":[{"taxonomy":"category","embeddable":true,"href":"https:\/\/www.eren.ch\/barc\/wp-json\/wp\/v2\/categories?post=4209"},{"taxonomy":"post_tag","embeddable":true,"href":"https:\/\/www.eren.ch\/barc\/wp-json\/wp\/v2\/tags?post=4209"}],"curies":[{"name":"wp","href":"https:\/\/api.w.org\/{rel}","templated":true}]}}