{"id":4918,"date":"2024-11-05T14:29:52","date_gmt":"2024-11-05T13:29:52","guid":{"rendered":"https:\/\/www.eren.ch\/barc\/?p=4918"},"modified":"2024-11-05T14:34:44","modified_gmt":"2024-11-05T13:34:44","slug":"festival-jeunesse-bref-2024","status":"publish","type":"post","link":"https:\/\/www.eren.ch\/barc\/2024\/11\/05\/festival-jeunesse-bref-2024\/","title":{"rendered":"Reflets du Festival jeunesse BREF 2024"},"content":{"rendered":"\n<p>Le festival Battement r\u00e9form\u00e9 &#8211; BREF a r\u00e9uni le week-end dernier des centaines de jeunes issu\u00b7es des \u00c9glises romandes \u00e0 Morges. Une deuxi\u00e8me \u00e9dition apr\u00e8s celle organis\u00e9e en <a href=\"https:\/\/www.eren.ch\/barc\/2022\/11\/08\/bref-2022-nous-y-etions\/\">2022 \u00e0 Neuch\u00e2tel<\/a>. <\/p>\n\n\n\n<p>Nous y \u00e9tions! Cat\u00e9chum\u00e8nes, monos et responsables du KT Joran-BARC. Voici quelques \u00e9chos de ce que nous avons v\u00e9cu.<\/p>\n\n\n\n<p><strong>D\u00e9part pour Morges!<\/strong> Dans le train, nous retrouvons les jeunes des autres paroisses de l&rsquo;EREN. Un wagon est r\u00e9serv\u00e9 pour les presque 100 participant\u00b7es neuch\u00e2telois.<\/p>\n\n\n\n<figure class=\"wp-block-image size-large\"><img decoding=\"async\" width=\"1024\" height=\"768\" src=\"https:\/\/www.eren.ch\/barc\/wp-content\/uploads\/sites\/4\/2024\/11\/WhatsApp-Image-2024-11-02-at-20.11.172-1024x768.jpeg\" alt=\"\" class=\"wp-image-4919\" srcset=\"https:\/\/www.eren.ch\/barc\/wp-content\/uploads\/sites\/4\/2024\/11\/WhatsApp-Image-2024-11-02-at-20.11.172-1024x768.jpeg 1024w, https:\/\/www.eren.ch\/barc\/wp-content\/uploads\/sites\/4\/2024\/11\/WhatsApp-Image-2024-11-02-at-20.11.172-300x225.jpeg 300w, https:\/\/www.eren.ch\/barc\/wp-content\/uploads\/sites\/4\/2024\/11\/WhatsApp-Image-2024-11-02-at-20.11.172-768x576.jpeg 768w, https:\/\/www.eren.ch\/barc\/wp-content\/uploads\/sites\/4\/2024\/11\/WhatsApp-Image-2024-11-02-at-20.11.172-1536x1152.jpeg 1536w, https:\/\/www.eren.ch\/barc\/wp-content\/uploads\/sites\/4\/2024\/11\/WhatsApp-Image-2024-11-02-at-20.11.172-1200x900.jpeg 1200w, https:\/\/www.eren.ch\/barc\/wp-content\/uploads\/sites\/4\/2024\/11\/WhatsApp-Image-2024-11-02-at-20.11.172.jpeg 2048w\" sizes=\"(max-width: 709px) 85vw, (max-width: 909px) 67vw, (max-width: 1362px) 62vw, 840px\" \/><\/figure>\n\n\n\n<p><\/p>\n\n\n\n<p>La <strong>c\u00e9r\u00e9monie d&rsquo;ouverture<\/strong> du festival nous entra\u00eene dans la dynamique choisie pour cette \u00e9dition: <strong>Oser Ouvrir<\/strong>. Un esprit qui traverse toutes les activit\u00e9s du week-end.<\/p>\n\n\n\n<p>On d\u00e9ambule ensuite dans le village des stands \u00e0 la d\u00e9couverte les multiples actions des \u00c9glises: aum\u00f4neries, formation, entraide&#8230; et \u00e0 la recherche des diff\u00e9rents petits cadeaux et <em>goodies<\/em> offerts aux visiteur\u00b7euses (bonbons, stylos,&#8230;).<\/p>\n\n\n\n<p>L&rsquo;apr\u00e8s-midi est consacr\u00e9 aux <strong>ateliers<\/strong>.<br>Dans l&rsquo;atelier <strong>Oser vivre la Bible<\/strong>, le pasteur Olivier Keshavjee \u00e9veille notre imagination et nous fait voyager dans un r\u00e9cit biblique dans la peau d&rsquo;un personnage secondaire. <\/p>\n\n\n\n<figure class=\"wp-block-image size-large\"><img decoding=\"async\" width=\"1024\" height=\"768\" src=\"https:\/\/www.eren.ch\/barc\/wp-content\/uploads\/sites\/4\/2024\/11\/WhatsApp-Image-2024-11-05-at-13.54.36-1024x768.jpeg\" alt=\"\" class=\"wp-image-4920\" srcset=\"https:\/\/www.eren.ch\/barc\/wp-content\/uploads\/sites\/4\/2024\/11\/WhatsApp-Image-2024-11-05-at-13.54.36-1024x768.jpeg 1024w, https:\/\/www.eren.ch\/barc\/wp-content\/uploads\/sites\/4\/2024\/11\/WhatsApp-Image-2024-11-05-at-13.54.36-300x225.jpeg 300w, https:\/\/www.eren.ch\/barc\/wp-content\/uploads\/sites\/4\/2024\/11\/WhatsApp-Image-2024-11-05-at-13.54.36-768x576.jpeg 768w, https:\/\/www.eren.ch\/barc\/wp-content\/uploads\/sites\/4\/2024\/11\/WhatsApp-Image-2024-11-05-at-13.54.36-1536x1152.jpeg 1536w, https:\/\/www.eren.ch\/barc\/wp-content\/uploads\/sites\/4\/2024\/11\/WhatsApp-Image-2024-11-05-at-13.54.36-1200x900.jpeg 1200w, https:\/\/www.eren.ch\/barc\/wp-content\/uploads\/sites\/4\/2024\/11\/WhatsApp-Image-2024-11-05-at-13.54.36.jpeg 2000w\" sizes=\"(max-width: 709px) 85vw, (max-width: 909px) 67vw, (max-width: 1362px) 62vw, 840px\" \/><\/figure>\n\n\n\n<p><\/p>\n\n\n\n<p>Atelier musical ensuite, avec <strong>Oser le m\u00e9tal et la foi<\/strong>. Une rencontre avec des passionn\u00e9s de <a href=\"https:\/\/jeanmarcleresche.ch\/du-metal-chretien-cest-pas-serieux\/\">musique Metal<\/a> qui ont fond\u00e9 une <em>MetalChurch<\/em> et c\u00e9l\u00e8brent des cultes dans cet univers musical d\u00e9coiffant.<\/p>\n\n\n\n<p>Atelier clandestin avec <strong>Oser l&rsquo;immersion dans l\u2019\u00c9glise pers\u00e9cut\u00e9e<\/strong>. Une sensibilisation \u00e0 une r\u00e9alit\u00e9 que nous oublions parfois: dans certaines parties du monde, on risque sa vie \u00e0 \u00eatre chr\u00e9tien\u00b7ne!<\/p>\n\n\n\n<p>Et atelier sportif avec <strong>Oser s&rsquo;ouvrir \u00e0 soi-m&rsquo;aime et \u00e0 l&rsquo;autre<\/strong>. Une initiation \u00e0 l&rsquo;a\u00efkido, un art martial qui utilise la force de l&rsquo;autre pour nourrir son propre mouvement.<\/p>\n\n\n\n<figure class=\"wp-block-image size-large\"><img decoding=\"async\" width=\"1024\" height=\"768\" src=\"https:\/\/www.eren.ch\/barc\/wp-content\/uploads\/sites\/4\/2024\/11\/WhatsApp-Image-2024-11-02-at-20.11.171-1024x768.jpeg\" alt=\"\" class=\"wp-image-4922\" srcset=\"https:\/\/www.eren.ch\/barc\/wp-content\/uploads\/sites\/4\/2024\/11\/WhatsApp-Image-2024-11-02-at-20.11.171-1024x768.jpeg 1024w, https:\/\/www.eren.ch\/barc\/wp-content\/uploads\/sites\/4\/2024\/11\/WhatsApp-Image-2024-11-02-at-20.11.171-300x225.jpeg 300w, https:\/\/www.eren.ch\/barc\/wp-content\/uploads\/sites\/4\/2024\/11\/WhatsApp-Image-2024-11-02-at-20.11.171-768x576.jpeg 768w, https:\/\/www.eren.ch\/barc\/wp-content\/uploads\/sites\/4\/2024\/11\/WhatsApp-Image-2024-11-02-at-20.11.171-1536x1152.jpeg 1536w, https:\/\/www.eren.ch\/barc\/wp-content\/uploads\/sites\/4\/2024\/11\/WhatsApp-Image-2024-11-02-at-20.11.171-1200x900.jpeg 1200w, https:\/\/www.eren.ch\/barc\/wp-content\/uploads\/sites\/4\/2024\/11\/WhatsApp-Image-2024-11-02-at-20.11.171.jpeg 2016w\" sizes=\"(max-width: 709px) 85vw, (max-width: 909px) 67vw, (max-width: 1362px) 62vw, 840px\" \/><\/figure>\n\n\n\n<p><\/p>\n\n\n\n<p>Pour terminer l&rsquo;apr\u00e8s-midi, une visite du temple de Morges et un \u00e9change autour des <strong>murs qui sont \u00e0 la fois protections et fronti\u00e8res<\/strong>.<\/p>\n\n\n\n<p>Apr\u00e8s une pause repas bien m\u00e9rit\u00e9e, la soir\u00e9e est anim\u00e9e par diff\u00e9rents concerts. Nous assistons \u00e0 celui du duo fribourgeois Lo&amp;Vie.<\/p>\n\n\n\n<figure class=\"wp-block-image size-large\"><img decoding=\"async\" width=\"1024\" height=\"768\" src=\"https:\/\/www.eren.ch\/barc\/wp-content\/uploads\/sites\/4\/2024\/11\/WhatsApp-Image-2024-11-05-at-13.54.07-1024x768.jpeg\" alt=\"\" class=\"wp-image-4921\" srcset=\"https:\/\/www.eren.ch\/barc\/wp-content\/uploads\/sites\/4\/2024\/11\/WhatsApp-Image-2024-11-05-at-13.54.07-1024x768.jpeg 1024w, https:\/\/www.eren.ch\/barc\/wp-content\/uploads\/sites\/4\/2024\/11\/WhatsApp-Image-2024-11-05-at-13.54.07-300x225.jpeg 300w, https:\/\/www.eren.ch\/barc\/wp-content\/uploads\/sites\/4\/2024\/11\/WhatsApp-Image-2024-11-05-at-13.54.07-768x576.jpeg 768w, https:\/\/www.eren.ch\/barc\/wp-content\/uploads\/sites\/4\/2024\/11\/WhatsApp-Image-2024-11-05-at-13.54.07-1536x1152.jpeg 1536w, https:\/\/www.eren.ch\/barc\/wp-content\/uploads\/sites\/4\/2024\/11\/WhatsApp-Image-2024-11-05-at-13.54.07-1200x900.jpeg 1200w, https:\/\/www.eren.ch\/barc\/wp-content\/uploads\/sites\/4\/2024\/11\/WhatsApp-Image-2024-11-05-at-13.54.07.jpeg 2000w\" sizes=\"(max-width: 709px) 85vw, (max-width: 909px) 67vw, (max-width: 1362px) 62vw, 840px\" \/><\/figure>\n\n\n\n<p><\/p>\n\n\n\n<p>Le dimanche, un <strong>culte<\/strong> r\u00e9unit tou\u00b7tes les festivalier\u00b7\u00e8res et la paroisse de Morges puis nous partageons le repas confectionn\u00e9 par des b\u00e9n\u00e9voles \u00e0 partir d&rsquo;invendus. <\/p>\n\n\n\n<p>Voil\u00e0, BREF 2024 c&rsquo;est fini! Nous en garderons de beaux souvenirs.<br>Rendez-vous en 2026 \ud83d\ude42<\/p>\n\n\n\n<figure class=\"wp-block-image size-large\"><img decoding=\"async\" width=\"1024\" height=\"576\" src=\"https:\/\/www.eren.ch\/barc\/wp-content\/uploads\/sites\/4\/2024\/11\/WhatsApp-Image-2024-11-02-at-13.20.411-1024x576.jpeg\" alt=\"\" class=\"wp-image-4923\" srcset=\"https:\/\/www.eren.ch\/barc\/wp-content\/uploads\/sites\/4\/2024\/11\/WhatsApp-Image-2024-11-02-at-13.20.411-1024x576.jpeg 1024w, https:\/\/www.eren.ch\/barc\/wp-content\/uploads\/sites\/4\/2024\/11\/WhatsApp-Image-2024-11-02-at-13.20.411-300x169.jpeg 300w, https:\/\/www.eren.ch\/barc\/wp-content\/uploads\/sites\/4\/2024\/11\/WhatsApp-Image-2024-11-02-at-13.20.411-768x432.jpeg 768w, https:\/\/www.eren.ch\/barc\/wp-content\/uploads\/sites\/4\/2024\/11\/WhatsApp-Image-2024-11-02-at-13.20.411-1536x864.jpeg 1536w, https:\/\/www.eren.ch\/barc\/wp-content\/uploads\/sites\/4\/2024\/11\/WhatsApp-Image-2024-11-02-at-13.20.411-1200x675.jpeg 1200w, https:\/\/www.eren.ch\/barc\/wp-content\/uploads\/sites\/4\/2024\/11\/WhatsApp-Image-2024-11-02-at-13.20.411.jpeg 1600w\" sizes=\"(max-width: 709px) 85vw, (max-width: 909px) 67vw, (max-width: 1362px) 62vw, 840px\" \/><\/figure>\n","protected":false},"excerpt":{"rendered":"<p>Le festival Battement r\u00e9form\u00e9 &#8211; BREF a r\u00e9uni le week-end dernier des centaines de jeunes issu\u00b7es des \u00c9glises romandes \u00e0 Morges. Une deuxi\u00e8me \u00e9dition apr\u00e8s celle organis\u00e9e en 2022 \u00e0 Neuch\u00e2tel. Nous y \u00e9tions! Cat\u00e9chum\u00e8nes, monos et responsables du KT Joran-BARC. Voici quelques \u00e9chos de ce que nous avons v\u00e9cu. D\u00e9part pour Morges! Dans le &hellip; <a href=\"https:\/\/www.eren.ch\/barc\/2024\/11\/05\/festival-jeunesse-bref-2024\/\" class=\"more-link\">Continuer la lecture<span class=\"screen-reader-text\"> de &laquo;&nbsp;Reflets du Festival jeunesse BREF 2024&nbsp;&raquo;<\/span><\/a><\/p>\n","protected":false},"author":15,"featured_media":4923,"comment_status":"closed","ping_status":"closed","sticky":false,"template":"","format":"standard","meta":{"footnotes":""},"categories":[1],"tags":[],"class_list":["post-4918","post","type-post","status-publish","format-standard","has-post-thumbnail","hentry","category-non-classe"],"yoast_head":"<!-- This site is optimized with the Yoast SEO Premium plugin v27.5 (Yoast SEO v27.5) - https:\/\/yoast.com\/product\/yoast-seo-premium-wordpress\/ -->\n<title>Reflets du Festival jeunesse BREF 2024 &#8226; Paroisse r\u00e9form\u00e9e de La BARC<\/title>\n<meta name=\"description\" content=\"Le festival Battement r\u00e9form\u00e9 - BREF a r\u00e9uni le week-end dernier des centaines de jeunes issu\u00b7es des \u00c9glises romandes \u00e0 Morges. Une deuxi\u00e8me \u00e9dition apr\u00e8s\" \/>\n<meta name=\"robots\" content=\"index, follow, max-snippet:-1, max-image-preview:large, max-video-preview:-1\" \/>\n<link rel=\"canonical\" href=\"https:\/\/www.eren.ch\/barc\/2024\/11\/05\/festival-jeunesse-bref-2024\/\" \/>\n<meta property=\"og:locale\" content=\"fr_FR\" \/>\n<meta property=\"og:type\" content=\"article\" \/>\n<meta property=\"og:title\" content=\"Reflets du Festival jeunesse BREF 2024\" \/>\n<meta property=\"og:description\" content=\"Le festival Battement r\u00e9form\u00e9 - BREF a r\u00e9uni le week-end dernier des centaines de jeunes issu\u00b7es des \u00c9glises romandes \u00e0 Morges. Une deuxi\u00e8me \u00e9dition apr\u00e8s\" \/>\n<meta property=\"og:url\" content=\"https:\/\/www.eren.ch\/barc\/2024\/11\/05\/festival-jeunesse-bref-2024\/\" \/>\n<meta property=\"og:site_name\" content=\"Paroisse r\u00e9form\u00e9e de La BARC\" \/>\n<meta property=\"article:publisher\" content=\"https:\/\/www.facebook.com\/eglise.EREN\" \/>\n<meta property=\"article:author\" content=\"https:\/\/www.facebook.com\/diane.friedli\" \/>\n<meta property=\"article:published_time\" content=\"2024-11-05T13:29:52+00:00\" \/>\n<meta property=\"article:modified_time\" content=\"2024-11-05T13:34:44+00:00\" \/>\n<meta property=\"og:image\" content=\"https:\/\/www.eren.ch\/barc\/wp-content\/uploads\/sites\/4\/2024\/11\/WhatsApp-Image-2024-11-02-at-13.20.411.jpeg\" \/>\n\t<meta property=\"og:image:width\" content=\"1600\" \/>\n\t<meta property=\"og:image:height\" content=\"900\" \/>\n\t<meta property=\"og:image:type\" content=\"image\/jpeg\" \/>\n<meta name=\"author\" content=\"Diane Friedli\" \/>\n<meta name=\"twitter:card\" content=\"summary_large_image\" \/>\n<meta name=\"twitter:creator\" content=\"@egliseeren\" \/>\n<meta name=\"twitter:site\" content=\"@egliseeren\" \/>\n<meta name=\"twitter:label1\" content=\"\u00c9crit par\" \/>\n\t<meta name=\"twitter:data1\" content=\"Diane Friedli\" \/>\n\t<meta name=\"twitter:label2\" content=\"Dur\u00e9e de lecture estim\u00e9e\" \/>\n\t<meta name=\"twitter:data2\" content=\"3 minutes\" \/>\n<script type=\"application\/ld+json\" class=\"yoast-schema-graph\">{\"@context\":\"https:\\\/\\\/schema.org\",\"@graph\":[{\"@type\":\"Article\",\"@id\":\"https:\\\/\\\/www.eren.ch\\\/barc\\\/2024\\\/11\\\/05\\\/festival-jeunesse-bref-2024\\\/#article\",\"isPartOf\":{\"@id\":\"https:\\\/\\\/www.eren.ch\\\/barc\\\/2024\\\/11\\\/05\\\/festival-jeunesse-bref-2024\\\/\"},\"author\":{\"name\":\"Diane Friedli\",\"@id\":\"https:\\\/\\\/www.eren.ch\\\/barc\\\/#\\\/schema\\\/person\\\/4cbf919d165245f3c00615964603c95e\"},\"headline\":\"Reflets du Festival jeunesse BREF 2024\",\"datePublished\":\"2024-11-05T13:29:52+00:00\",\"dateModified\":\"2024-11-05T13:34:44+00:00\",\"mainEntityOfPage\":{\"@id\":\"https:\\\/\\\/www.eren.ch\\\/barc\\\/2024\\\/11\\\/05\\\/festival-jeunesse-bref-2024\\\/\"},\"wordCount\":395,\"publisher\":{\"@id\":\"https:\\\/\\\/www.eren.ch\\\/barc\\\/#organization\"},\"image\":{\"@id\":\"https:\\\/\\\/www.eren.ch\\\/barc\\\/2024\\\/11\\\/05\\\/festival-jeunesse-bref-2024\\\/#primaryimage\"},\"thumbnailUrl\":\"https:\\\/\\\/www.eren.ch\\\/barc\\\/wp-content\\\/uploads\\\/sites\\\/4\\\/2024\\\/11\\\/WhatsApp-Image-2024-11-02-at-13.20.411.jpeg\",\"inLanguage\":\"fr-FR\"},{\"@type\":\"WebPage\",\"@id\":\"https:\\\/\\\/www.eren.ch\\\/barc\\\/2024\\\/11\\\/05\\\/festival-jeunesse-bref-2024\\\/\",\"url\":\"https:\\\/\\\/www.eren.ch\\\/barc\\\/2024\\\/11\\\/05\\\/festival-jeunesse-bref-2024\\\/\",\"name\":\"Reflets du Festival jeunesse BREF 2024 &#8226; Paroisse r\u00e9form\u00e9e de La BARC\",\"isPartOf\":{\"@id\":\"https:\\\/\\\/www.eren.ch\\\/barc\\\/#website\"},\"primaryImageOfPage\":{\"@id\":\"https:\\\/\\\/www.eren.ch\\\/barc\\\/2024\\\/11\\\/05\\\/festival-jeunesse-bref-2024\\\/#primaryimage\"},\"image\":{\"@id\":\"https:\\\/\\\/www.eren.ch\\\/barc\\\/2024\\\/11\\\/05\\\/festival-jeunesse-bref-2024\\\/#primaryimage\"},\"thumbnailUrl\":\"https:\\\/\\\/www.eren.ch\\\/barc\\\/wp-content\\\/uploads\\\/sites\\\/4\\\/2024\\\/11\\\/WhatsApp-Image-2024-11-02-at-13.20.411.jpeg\",\"datePublished\":\"2024-11-05T13:29:52+00:00\",\"dateModified\":\"2024-11-05T13:34:44+00:00\",\"description\":\"Le festival Battement r\u00e9form\u00e9 - BREF a r\u00e9uni le week-end dernier des centaines de jeunes issu\u00b7es des \u00c9glises romandes \u00e0 Morges. Une deuxi\u00e8me \u00e9dition apr\u00e8s\",\"breadcrumb\":{\"@id\":\"https:\\\/\\\/www.eren.ch\\\/barc\\\/2024\\\/11\\\/05\\\/festival-jeunesse-bref-2024\\\/#breadcrumb\"},\"inLanguage\":\"fr-FR\",\"potentialAction\":[{\"@type\":\"ReadAction\",\"target\":[\"https:\\\/\\\/www.eren.ch\\\/barc\\\/2024\\\/11\\\/05\\\/festival-jeunesse-bref-2024\\\/\"]}]},{\"@type\":\"ImageObject\",\"inLanguage\":\"fr-FR\",\"@id\":\"https:\\\/\\\/www.eren.ch\\\/barc\\\/2024\\\/11\\\/05\\\/festival-jeunesse-bref-2024\\\/#primaryimage\",\"url\":\"https:\\\/\\\/www.eren.ch\\\/barc\\\/wp-content\\\/uploads\\\/sites\\\/4\\\/2024\\\/11\\\/WhatsApp-Image-2024-11-02-at-13.20.411.jpeg\",\"contentUrl\":\"https:\\\/\\\/www.eren.ch\\\/barc\\\/wp-content\\\/uploads\\\/sites\\\/4\\\/2024\\\/11\\\/WhatsApp-Image-2024-11-02-at-13.20.411.jpeg\",\"width\":1600,\"height\":900},{\"@type\":\"BreadcrumbList\",\"@id\":\"https:\\\/\\\/www.eren.ch\\\/barc\\\/2024\\\/11\\\/05\\\/festival-jeunesse-bref-2024\\\/#breadcrumb\",\"itemListElement\":[{\"@type\":\"ListItem\",\"position\":1,\"name\":\"Accueil\",\"item\":\"https:\\\/\\\/www.eren.ch\\\/barc\\\/\"},{\"@type\":\"ListItem\",\"position\":2,\"name\":\"Reflets du Festival jeunesse BREF 2024\"}]},{\"@type\":\"WebSite\",\"@id\":\"https:\\\/\\\/www.eren.ch\\\/barc\\\/#website\",\"url\":\"https:\\\/\\\/www.eren.ch\\\/barc\\\/\",\"name\":\"Paroisse r\u00e9form\u00e9e de La BARC\",\"description\":\"B\u00f4le - Auvernier - Rochefort - Colombier\",\"publisher\":{\"@id\":\"https:\\\/\\\/www.eren.ch\\\/barc\\\/#organization\"},\"potentialAction\":[{\"@type\":\"SearchAction\",\"target\":{\"@type\":\"EntryPoint\",\"urlTemplate\":\"https:\\\/\\\/www.eren.ch\\\/barc\\\/?s={search_term_string}\"},\"query-input\":{\"@type\":\"PropertyValueSpecification\",\"valueRequired\":true,\"valueName\":\"search_term_string\"}}],\"inLanguage\":\"fr-FR\"},{\"@type\":\"Organization\",\"@id\":\"https:\\\/\\\/www.eren.ch\\\/barc\\\/#organization\",\"name\":\"Paroisse de La BARC\",\"url\":\"https:\\\/\\\/www.eren.ch\\\/barc\\\/\",\"logo\":{\"@type\":\"ImageObject\",\"inLanguage\":\"fr-FR\",\"@id\":\"https:\\\/\\\/www.eren.ch\\\/barc\\\/#\\\/schema\\\/logo\\\/image\\\/\",\"url\":\"https:\\\/\\\/www.eren.ch\\\/barc\\\/wp-content\\\/uploads\\\/sites\\\/4\\\/2020\\\/12\\\/logo-barc.png\",\"contentUrl\":\"https:\\\/\\\/www.eren.ch\\\/barc\\\/wp-content\\\/uploads\\\/sites\\\/4\\\/2020\\\/12\\\/logo-barc.png\",\"width\":240,\"height\":117,\"caption\":\"Paroisse de La BARC\"},\"image\":{\"@id\":\"https:\\\/\\\/www.eren.ch\\\/barc\\\/#\\\/schema\\\/logo\\\/image\\\/\"},\"sameAs\":[\"https:\\\/\\\/www.facebook.com\\\/eglise.EREN\",\"https:\\\/\\\/x.com\\\/egliseeren\",\"https:\\\/\\\/fr.wikipedia.org\\\/wiki\\\/\u00c9glise_r\u00e9form\u00e9e_\u00e9vang\u00e9lique_du_canton_de_Neuch\u00e2tel\"]},{\"@type\":\"Person\",\"@id\":\"https:\\\/\\\/www.eren.ch\\\/barc\\\/#\\\/schema\\\/person\\\/4cbf919d165245f3c00615964603c95e\",\"name\":\"Diane Friedli\",\"image\":{\"@type\":\"ImageObject\",\"inLanguage\":\"fr-FR\",\"@id\":\"https:\\\/\\\/secure.gravatar.com\\\/avatar\\\/f4174ee343655321c9dbd4d2c6ee9c77ede314be9a69b089058a09978eeae611?s=96&d=blank&r=g\",\"url\":\"https:\\\/\\\/secure.gravatar.com\\\/avatar\\\/f4174ee343655321c9dbd4d2c6ee9c77ede314be9a69b089058a09978eeae611?s=96&d=blank&r=g\",\"contentUrl\":\"https:\\\/\\\/secure.gravatar.com\\\/avatar\\\/f4174ee343655321c9dbd4d2c6ee9c77ede314be9a69b089058a09978eeae611?s=96&d=blank&r=g\",\"caption\":\"Diane Friedli\"},\"sameAs\":[\"https:\\\/\\\/dianefriedli.ch\\\/\",\"https:\\\/\\\/www.facebook.com\\\/diane.friedli\",\"https:\\\/\\\/www.youtube.com\\\/channel\\\/UCNrNBZYbsUHnqKGrrw3JSfw\",\"https:\\\/\\\/fr.wikipedia.org\\\/wiki\\\/\u00c9glise_r\u00e9form\u00e9e_\u00e9vanglique_du_canton_de_Neuch\u00e2tel\"],\"honorificPrefix\":\"Mme\",\"birthDate\":\"1980-10-28\",\"gender\":\"femme\",\"knowsAbout\":[\"th\u00e9ologie\",\"cat\u00e9ch\u00e8se\",\"vulgarisation th\u00e9ologique\",\"pr\u00e9dication\"],\"knowsLanguage\":[\"fran\u00e7ais\",\"allemand\",\"anglais\"],\"jobTitle\":\"pasteure\",\"worksFor\":\"EREN\",\"url\":\"https:\\\/\\\/www.eren.ch\\\/barc\\\/author\\\/dfriedli\\\/\"}]}<\/script>\n<!-- \/ Yoast SEO Premium plugin. -->","yoast_head_json":{"title":"Reflets du Festival jeunesse BREF 2024 &#8226; Paroisse r\u00e9form\u00e9e de La BARC","description":"Le festival Battement r\u00e9form\u00e9 - BREF a r\u00e9uni le week-end dernier des centaines de jeunes issu\u00b7es des \u00c9glises romandes \u00e0 Morges. Une deuxi\u00e8me \u00e9dition apr\u00e8s","robots":{"index":"index","follow":"follow","max-snippet":"max-snippet:-1","max-image-preview":"max-image-preview:large","max-video-preview":"max-video-preview:-1"},"canonical":"https:\/\/www.eren.ch\/barc\/2024\/11\/05\/festival-jeunesse-bref-2024\/","og_locale":"fr_FR","og_type":"article","og_title":"Reflets du Festival jeunesse BREF 2024","og_description":"Le festival Battement r\u00e9form\u00e9 - BREF a r\u00e9uni le week-end dernier des centaines de jeunes issu\u00b7es des \u00c9glises romandes \u00e0 Morges. Une deuxi\u00e8me \u00e9dition apr\u00e8s","og_url":"https:\/\/www.eren.ch\/barc\/2024\/11\/05\/festival-jeunesse-bref-2024\/","og_site_name":"Paroisse r\u00e9form\u00e9e de La BARC","article_publisher":"https:\/\/www.facebook.com\/eglise.EREN","article_author":"https:\/\/www.facebook.com\/diane.friedli","article_published_time":"2024-11-05T13:29:52+00:00","article_modified_time":"2024-11-05T13:34:44+00:00","og_image":[{"width":1600,"height":900,"url":"https:\/\/www.eren.ch\/barc\/wp-content\/uploads\/sites\/4\/2024\/11\/WhatsApp-Image-2024-11-02-at-13.20.411.jpeg","type":"image\/jpeg"}],"author":"Diane Friedli","twitter_card":"summary_large_image","twitter_creator":"@egliseeren","twitter_site":"@egliseeren","twitter_misc":{"\u00c9crit par":"Diane Friedli","Dur\u00e9e de lecture estim\u00e9e":"3 minutes"},"schema":{"@context":"https:\/\/schema.org","@graph":[{"@type":"Article","@id":"https:\/\/www.eren.ch\/barc\/2024\/11\/05\/festival-jeunesse-bref-2024\/#article","isPartOf":{"@id":"https:\/\/www.eren.ch\/barc\/2024\/11\/05\/festival-jeunesse-bref-2024\/"},"author":{"name":"Diane Friedli","@id":"https:\/\/www.eren.ch\/barc\/#\/schema\/person\/4cbf919d165245f3c00615964603c95e"},"headline":"Reflets du Festival jeunesse BREF 2024","datePublished":"2024-11-05T13:29:52+00:00","dateModified":"2024-11-05T13:34:44+00:00","mainEntityOfPage":{"@id":"https:\/\/www.eren.ch\/barc\/2024\/11\/05\/festival-jeunesse-bref-2024\/"},"wordCount":395,"publisher":{"@id":"https:\/\/www.eren.ch\/barc\/#organization"},"image":{"@id":"https:\/\/www.eren.ch\/barc\/2024\/11\/05\/festival-jeunesse-bref-2024\/#primaryimage"},"thumbnailUrl":"https:\/\/www.eren.ch\/barc\/wp-content\/uploads\/sites\/4\/2024\/11\/WhatsApp-Image-2024-11-02-at-13.20.411.jpeg","inLanguage":"fr-FR"},{"@type":"WebPage","@id":"https:\/\/www.eren.ch\/barc\/2024\/11\/05\/festival-jeunesse-bref-2024\/","url":"https:\/\/www.eren.ch\/barc\/2024\/11\/05\/festival-jeunesse-bref-2024\/","name":"Reflets du Festival jeunesse BREF 2024 &#8226; Paroisse r\u00e9form\u00e9e de La BARC","isPartOf":{"@id":"https:\/\/www.eren.ch\/barc\/#website"},"primaryImageOfPage":{"@id":"https:\/\/www.eren.ch\/barc\/2024\/11\/05\/festival-jeunesse-bref-2024\/#primaryimage"},"image":{"@id":"https:\/\/www.eren.ch\/barc\/2024\/11\/05\/festival-jeunesse-bref-2024\/#primaryimage"},"thumbnailUrl":"https:\/\/www.eren.ch\/barc\/wp-content\/uploads\/sites\/4\/2024\/11\/WhatsApp-Image-2024-11-02-at-13.20.411.jpeg","datePublished":"2024-11-05T13:29:52+00:00","dateModified":"2024-11-05T13:34:44+00:00","description":"Le festival Battement r\u00e9form\u00e9 - BREF a r\u00e9uni le week-end dernier des centaines de jeunes issu\u00b7es des \u00c9glises romandes \u00e0 Morges. Une deuxi\u00e8me \u00e9dition apr\u00e8s","breadcrumb":{"@id":"https:\/\/www.eren.ch\/barc\/2024\/11\/05\/festival-jeunesse-bref-2024\/#breadcrumb"},"inLanguage":"fr-FR","potentialAction":[{"@type":"ReadAction","target":["https:\/\/www.eren.ch\/barc\/2024\/11\/05\/festival-jeunesse-bref-2024\/"]}]},{"@type":"ImageObject","inLanguage":"fr-FR","@id":"https:\/\/www.eren.ch\/barc\/2024\/11\/05\/festival-jeunesse-bref-2024\/#primaryimage","url":"https:\/\/www.eren.ch\/barc\/wp-content\/uploads\/sites\/4\/2024\/11\/WhatsApp-Image-2024-11-02-at-13.20.411.jpeg","contentUrl":"https:\/\/www.eren.ch\/barc\/wp-content\/uploads\/sites\/4\/2024\/11\/WhatsApp-Image-2024-11-02-at-13.20.411.jpeg","width":1600,"height":900},{"@type":"BreadcrumbList","@id":"https:\/\/www.eren.ch\/barc\/2024\/11\/05\/festival-jeunesse-bref-2024\/#breadcrumb","itemListElement":[{"@type":"ListItem","position":1,"name":"Accueil","item":"https:\/\/www.eren.ch\/barc\/"},{"@type":"ListItem","position":2,"name":"Reflets du Festival jeunesse BREF 2024"}]},{"@type":"WebSite","@id":"https:\/\/www.eren.ch\/barc\/#website","url":"https:\/\/www.eren.ch\/barc\/","name":"Paroisse r\u00e9form\u00e9e de La BARC","description":"B\u00f4le - Auvernier - Rochefort - Colombier","publisher":{"@id":"https:\/\/www.eren.ch\/barc\/#organization"},"potentialAction":[{"@type":"SearchAction","target":{"@type":"EntryPoint","urlTemplate":"https:\/\/www.eren.ch\/barc\/?s={search_term_string}"},"query-input":{"@type":"PropertyValueSpecification","valueRequired":true,"valueName":"search_term_string"}}],"inLanguage":"fr-FR"},{"@type":"Organization","@id":"https:\/\/www.eren.ch\/barc\/#organization","name":"Paroisse de La BARC","url":"https:\/\/www.eren.ch\/barc\/","logo":{"@type":"ImageObject","inLanguage":"fr-FR","@id":"https:\/\/www.eren.ch\/barc\/#\/schema\/logo\/image\/","url":"https:\/\/www.eren.ch\/barc\/wp-content\/uploads\/sites\/4\/2020\/12\/logo-barc.png","contentUrl":"https:\/\/www.eren.ch\/barc\/wp-content\/uploads\/sites\/4\/2020\/12\/logo-barc.png","width":240,"height":117,"caption":"Paroisse de La BARC"},"image":{"@id":"https:\/\/www.eren.ch\/barc\/#\/schema\/logo\/image\/"},"sameAs":["https:\/\/www.facebook.com\/eglise.EREN","https:\/\/x.com\/egliseeren","https:\/\/fr.wikipedia.org\/wiki\/\u00c9glise_r\u00e9form\u00e9e_\u00e9vang\u00e9lique_du_canton_de_Neuch\u00e2tel"]},{"@type":"Person","@id":"https:\/\/www.eren.ch\/barc\/#\/schema\/person\/4cbf919d165245f3c00615964603c95e","name":"Diane Friedli","image":{"@type":"ImageObject","inLanguage":"fr-FR","@id":"https:\/\/secure.gravatar.com\/avatar\/f4174ee343655321c9dbd4d2c6ee9c77ede314be9a69b089058a09978eeae611?s=96&d=blank&r=g","url":"https:\/\/secure.gravatar.com\/avatar\/f4174ee343655321c9dbd4d2c6ee9c77ede314be9a69b089058a09978eeae611?s=96&d=blank&r=g","contentUrl":"https:\/\/secure.gravatar.com\/avatar\/f4174ee343655321c9dbd4d2c6ee9c77ede314be9a69b089058a09978eeae611?s=96&d=blank&r=g","caption":"Diane Friedli"},"sameAs":["https:\/\/dianefriedli.ch\/","https:\/\/www.facebook.com\/diane.friedli","https:\/\/www.youtube.com\/channel\/UCNrNBZYbsUHnqKGrrw3JSfw","https:\/\/fr.wikipedia.org\/wiki\/\u00c9glise_r\u00e9form\u00e9e_\u00e9vanglique_du_canton_de_Neuch\u00e2tel"],"honorificPrefix":"Mme","birthDate":"1980-10-28","gender":"femme","knowsAbout":["th\u00e9ologie","cat\u00e9ch\u00e8se","vulgarisation th\u00e9ologique","pr\u00e9dication"],"knowsLanguage":["fran\u00e7ais","allemand","anglais"],"jobTitle":"pasteure","worksFor":"EREN","url":"https:\/\/www.eren.ch\/barc\/author\/dfriedli\/"}]}},"_links":{"self":[{"href":"https:\/\/www.eren.ch\/barc\/wp-json\/wp\/v2\/posts\/4918","targetHints":{"allow":["GET"]}}],"collection":[{"href":"https:\/\/www.eren.ch\/barc\/wp-json\/wp\/v2\/posts"}],"about":[{"href":"https:\/\/www.eren.ch\/barc\/wp-json\/wp\/v2\/types\/post"}],"author":[{"embeddable":true,"href":"https:\/\/www.eren.ch\/barc\/wp-json\/wp\/v2\/users\/15"}],"replies":[{"embeddable":true,"href":"https:\/\/www.eren.ch\/barc\/wp-json\/wp\/v2\/comments?post=4918"}],"version-history":[{"count":3,"href":"https:\/\/www.eren.ch\/barc\/wp-json\/wp\/v2\/posts\/4918\/revisions"}],"predecessor-version":[{"id":4926,"href":"https:\/\/www.eren.ch\/barc\/wp-json\/wp\/v2\/posts\/4918\/revisions\/4926"}],"wp:featuredmedia":[{"embeddable":true,"href":"https:\/\/www.eren.ch\/barc\/wp-json\/wp\/v2\/media\/4923"}],"wp:attachment":[{"href":"https:\/\/www.eren.ch\/barc\/wp-json\/wp\/v2\/media?parent=4918"}],"wp:term":[{"taxonomy":"category","embeddable":true,"href":"https:\/\/www.eren.ch\/barc\/wp-json\/wp\/v2\/categories?post=4918"},{"taxonomy":"post_tag","embeddable":true,"href":"https:\/\/www.eren.ch\/barc\/wp-json\/wp\/v2\/tags?post=4918"}],"curies":[{"name":"wp","href":"https:\/\/api.w.org\/{rel}","templated":true}]}}