{"id":5392,"date":"2025-12-01T13:43:54","date_gmt":"2025-12-01T12:43:54","guid":{"rendered":"https:\/\/www.eren.ch\/barc\/?p=5392"},"modified":"2025-12-01T13:43:58","modified_gmt":"2025-12-01T12:43:58","slug":"lesprit-de-noel","status":"publish","type":"post","link":"https:\/\/www.eren.ch\/barc\/2025\/12\/01\/lesprit-de-noel\/","title":{"rendered":"L&rsquo;esprit de No\u00ebl"},"content":{"rendered":"\n<p>Nombreux sont ceux qui connaissent la chanson sans doute la plus connue des Moody Blues&nbsp;: \u00ab&nbsp;Nights in white satin&nbsp;\u00bb, \u00e9dit\u00e9e en 1967, et qui ont peut-\u00eatre m\u00eame dans\u00e9 sur cette m\u00e9lodie intemporelle&nbsp;! Nettement moins connu est le 15<sup>e<\/sup> et dernier album studio de ce groupe anglais, paru en 2003&nbsp;: \u00ab&nbsp;December&nbsp;\u00bb qui propose des m\u00e9lodies de saison, entre l\u2019arriv\u00e9e du froid, de la neige et la c\u00e9l\u00e9bration de No\u00ebl. Sur des sonorit\u00e9s de musique populaire symphonique, les Moody Blues nous entra\u00eenent vers un espoir de la paix sur terre, un monde meilleur et un paradis invisible, dans l\u2019esprit de No\u00ebl, avec la force que Dieu peut nous donner. N\u2019est-ce pas ce dont nous avons tous besoin, dans ce monde plus que jamais troubl\u00e9&nbsp;?<\/p>\n\n\n\n<p>Joyeux No\u00ebl \u00e0 chacun et \u00e0 chacune dans l\u2019esp\u00e9rance, la paix et la fraternit\u00e9&nbsp;!<\/p>\n\n\n\n<h2 class=\"wp-block-heading\" id=\"h-the-moody-blues-yes-i-believe\"><strong>The Moody Blues: \u201cYes, I believe\u201d<\/strong><\/h2>\n\n\n\n<figure class=\"wp-block-embed is-type-video is-provider-youtube wp-block-embed-youtube wp-embed-aspect-4-3 wp-has-aspect-ratio\"><div class=\"wp-block-embed__wrapper\">\n<iframe title=\"Yes I Believe\" width=\"840\" height=\"630\" src=\"https:\/\/www.youtube.com\/embed\/u_qs4BNBmK0?feature=oembed\" frameborder=\"0\" allow=\"accelerometer; autoplay; clipboard-write; encrypted-media; gyroscope; picture-in-picture; web-share\" referrerpolicy=\"strict-origin-when-cross-origin\" allowfullscreen><\/iframe>\n<\/div><\/figure>\n\n\n\n<p>L&rsquo;esprit de No\u00ebl est l&rsquo;esprit d&rsquo;amour<br><em>The spirit of Christmas is the spirit of love<\/em><br><br>Toujours l\u00e0 quand l&rsquo;innocence est partie<br><em>Still there when the innocence has gone<\/em><br><br>Mais nous sommes ensemble, nous rions et nous pleurons<br><em>But we have each other we laugh and we cry<\/em><br><br>Les soucis du monde continuent<br><em>The cares of the world still carry on<\/em><\/p>\n\n\n\n<p>Oui, je crois en un monde meilleur<br><em>Yes, I believe in a better world<\/em><br><br>Et comme nous tous, je prie<br><em>And like the rest of us I pray<\/em><br><br>Pour la paix sur cette terre et une vie meilleure<br><em>For peace on this earth and a better life<\/em><br><br>Avec chaque beau jour<br><em>With every beautiful day<\/em><\/p>\n\n\n\n<p>Une fois, j&rsquo;ai rencontr\u00e9 un saint homme qui m&rsquo;a montr\u00e9 le chemin<br><em>I once met a holy man who showed me the way<\/em><br><br>Le chemin vers la tranquillit\u00e9, enfin<br><em>The road to tranquility at last<\/em><br><br>Plus il \u00e9coutait, plus il voulait dire<br><em>The more he was listening, the more he would say<\/em><br><br>Avec les contes des jours du futur pass\u00e9s<br><em>With the tales of the days of future passed<\/em><\/p>\n\n\n\n<p>Il a dit : \u00ab\u00a0Oui, je crois en un monde meilleur<br><em>He said, \u00ab\u00a0Yes, I believe in a better world<\/em><br><br>Et comme nous tous, j&rsquo;essaye<br><em>And like the rest of us I try<\/em><br><br>Pour garder l&rsquo;espoir d&rsquo;une vie meilleure<br><em>To hold on to hope for a better life<\/em><br><br>Avec chaque jour qui passe\u00a0\u00bb<br><em>With every day that goes by\u00a0\u00bb<\/em><\/p>\n\n\n\n<p>Et si nous osons r\u00eaver d&rsquo;un paradis invisible<br><em>And if we dare to dream of paradise unseen<\/em><br><br>Cela pourrait devenir r\u00e9alit\u00e9 et si tu restes \u00e0 mes c\u00f4t\u00e9s<br><em>It might come true and if you stand by me<\/em><br><br>Je le jure de tout mon c\u0153ur, je serai \u00e0 tes c\u00f4t\u00e9s<br><em>I swear with all my heart, I&rsquo;ll stand by you<\/em><\/p>\n\n\n\n<p>Oui, je crois en un monde meilleur<br><em>Yes, I believe in a better world<\/em><br><br>Un monde o\u00f9 mes s\u0153urs peuvent \u00eatre libres<br><em>A world where my sisters can be free<\/em><br><br>Et j&rsquo;ai une place dans le c\u0153ur de mon fr\u00e8re<br><em>And I have a place in my brother&rsquo;s heart<\/em><br><br>Pour que tout le monde puisse voir<br><em>For everybody to see<\/em><\/p>\n\n\n\n<p>Je r\u00eave de mon destin, de mes journ\u00e9es au soleil<br><em>I dream of my destiny, my days in the sun<\/em><br><br>Vivre dans le jardin de notre amour<br><em>To live in the garden of our love<\/em><br><br>Je cherche du bonheur, je cherche mon \u00e2me<br><em>I search for some happiness, I search for my soul<\/em><br><br>Je prie pour un peu de force venant de Dieu d&rsquo;en haut<br><em>I pray for some strength from God above<\/em><\/p>\n\n\n\n<p>Oui, je crois en un monde meilleur<br><em>Yes, I believe in a better world<\/em><br><br>Et comme le reste d&rsquo;entre nous, je prie<br><em>And like the rest of us, I pray<\/em><br><br>Pour la paix sur cette terre et une vie meilleure<br><em>For peace on this earth and a better life<\/em><br><br>Avec chaque beau jour, avec chaque beau jour<br><em>With every beautiful day, with every beautiful day<\/em><\/p>\n\n\n\n<p>Source\u00a0:\u00a0<a href=\"https:\/\/lyrics.lyricfind.com\/\"><u>LyricFind<\/u><\/a><br>Parolier\u00a0: Justin Hayward<br>Paroles de Yes I Believe \u00a9 BMG Rights Management<\/p>\n","protected":false},"excerpt":{"rendered":"<p>Nombreux sont ceux qui connaissent la chanson sans doute la plus connue des Moody Blues&nbsp;: \u00ab&nbsp;Nights in white satin&nbsp;\u00bb, \u00e9dit\u00e9e en 1967, et qui ont peut-\u00eatre m\u00eame dans\u00e9 sur cette m\u00e9lodie intemporelle&nbsp;! Nettement moins connu est le 15e et dernier album studio de ce groupe anglais, paru en 2003&nbsp;: \u00ab&nbsp;December&nbsp;\u00bb qui propose des m\u00e9lodies de &hellip; <a href=\"https:\/\/www.eren.ch\/barc\/2025\/12\/01\/lesprit-de-noel\/\" class=\"more-link\">Continuer la lecture<span class=\"screen-reader-text\"> de &laquo;&nbsp;L&rsquo;esprit de No\u00ebl&nbsp;&raquo;<\/span><\/a><\/p>\n","protected":false},"author":38,"featured_media":5393,"comment_status":"closed","ping_status":"closed","sticky":false,"template":"","format":"standard","meta":{"footnotes":""},"categories":[2235],"tags":[],"class_list":["post-5392","post","type-post","status-publish","format-standard","has-post-thumbnail","hentry","category-decouvertes-musicales"],"yoast_head":"<!-- This site is optimized with the Yoast SEO Premium plugin v27.4 (Yoast SEO v27.4) - https:\/\/yoast.com\/product\/yoast-seo-premium-wordpress\/ -->\n<title>L&#039;esprit de No\u00ebl &#8226; Paroisse r\u00e9form\u00e9e de La BARC<\/title>\n<meta name=\"description\" content=\"Nombreux sont ceux qui connaissent la chanson sans doute la plus connue des Moody Blues&nbsp;: \u00ab&nbsp;Nights in white satin&nbsp;\u00bb, \u00e9dit\u00e9e en 1967, et qui\" \/>\n<meta name=\"robots\" content=\"index, follow, max-snippet:-1, max-image-preview:large, max-video-preview:-1\" \/>\n<link rel=\"canonical\" href=\"https:\/\/www.eren.ch\/barc\/2025\/12\/01\/lesprit-de-noel\/\" \/>\n<meta property=\"og:locale\" content=\"fr_FR\" \/>\n<meta property=\"og:type\" content=\"article\" \/>\n<meta property=\"og:title\" content=\"L&#039;esprit de No\u00ebl\" \/>\n<meta property=\"og:description\" content=\"Nombreux sont ceux qui connaissent la chanson sans doute la plus connue des Moody Blues&nbsp;: \u00ab&nbsp;Nights in white satin&nbsp;\u00bb, \u00e9dit\u00e9e en 1967, et qui\" \/>\n<meta property=\"og:url\" content=\"https:\/\/www.eren.ch\/barc\/2025\/12\/01\/lesprit-de-noel\/\" \/>\n<meta property=\"og:site_name\" content=\"Paroisse r\u00e9form\u00e9e de La BARC\" \/>\n<meta property=\"article:publisher\" content=\"https:\/\/www.facebook.com\/eglise.EREN\" \/>\n<meta property=\"article:author\" content=\"https:\/\/www.facebook.com\/francois.courvoisier.98\" \/>\n<meta property=\"article:published_time\" content=\"2025-12-01T12:43:54+00:00\" \/>\n<meta property=\"article:modified_time\" content=\"2025-12-01T12:43:58+00:00\" \/>\n<meta property=\"og:image\" content=\"https:\/\/www.eren.ch\/barc\/wp-content\/uploads\/sites\/4\/2025\/12\/woman-1127201_1280.jpg\" \/>\n\t<meta property=\"og:image:width\" content=\"1280\" \/>\n\t<meta property=\"og:image:height\" content=\"853\" \/>\n\t<meta property=\"og:image:type\" content=\"image\/jpeg\" \/>\n<meta name=\"author\" content=\"Fran\u00e7ois Courvoisier\" \/>\n<meta name=\"twitter:card\" content=\"summary_large_image\" \/>\n<meta name=\"twitter:creator\" content=\"@egliseeren\" \/>\n<meta name=\"twitter:site\" content=\"@egliseeren\" \/>\n<meta name=\"twitter:label1\" content=\"\u00c9crit par\" \/>\n\t<meta name=\"twitter:data1\" content=\"Fran\u00e7ois Courvoisier\" \/>\n\t<meta name=\"twitter:label2\" content=\"Dur\u00e9e de lecture estim\u00e9e\" \/>\n\t<meta name=\"twitter:data2\" content=\"4 minutes\" \/>\n<script type=\"application\/ld+json\" class=\"yoast-schema-graph\">{\"@context\":\"https:\\\/\\\/schema.org\",\"@graph\":[{\"@type\":\"Article\",\"@id\":\"https:\\\/\\\/www.eren.ch\\\/barc\\\/2025\\\/12\\\/01\\\/lesprit-de-noel\\\/#article\",\"isPartOf\":{\"@id\":\"https:\\\/\\\/www.eren.ch\\\/barc\\\/2025\\\/12\\\/01\\\/lesprit-de-noel\\\/\"},\"author\":{\"name\":\"Fran\u00e7ois Courvoisier\",\"@id\":\"https:\\\/\\\/www.eren.ch\\\/barc\\\/#\\\/schema\\\/person\\\/f9f8bcf2e589bbcce09ce0b93357b4e5\"},\"headline\":\"L&rsquo;esprit de No\u00ebl\",\"datePublished\":\"2025-12-01T12:43:54+00:00\",\"dateModified\":\"2025-12-01T12:43:58+00:00\",\"mainEntityOfPage\":{\"@id\":\"https:\\\/\\\/www.eren.ch\\\/barc\\\/2025\\\/12\\\/01\\\/lesprit-de-noel\\\/\"},\"wordCount\":718,\"publisher\":{\"@id\":\"https:\\\/\\\/www.eren.ch\\\/barc\\\/#organization\"},\"image\":{\"@id\":\"https:\\\/\\\/www.eren.ch\\\/barc\\\/2025\\\/12\\\/01\\\/lesprit-de-noel\\\/#primaryimage\"},\"thumbnailUrl\":\"https:\\\/\\\/www.eren.ch\\\/barc\\\/wp-content\\\/uploads\\\/sites\\\/4\\\/2025\\\/12\\\/woman-1127201_1280.jpg\",\"articleSection\":[\"D\u00e9couvertes musicales\"],\"inLanguage\":\"fr-FR\"},{\"@type\":\"WebPage\",\"@id\":\"https:\\\/\\\/www.eren.ch\\\/barc\\\/2025\\\/12\\\/01\\\/lesprit-de-noel\\\/\",\"url\":\"https:\\\/\\\/www.eren.ch\\\/barc\\\/2025\\\/12\\\/01\\\/lesprit-de-noel\\\/\",\"name\":\"L'esprit de No\u00ebl &#8226; Paroisse r\u00e9form\u00e9e de La BARC\",\"isPartOf\":{\"@id\":\"https:\\\/\\\/www.eren.ch\\\/barc\\\/#website\"},\"primaryImageOfPage\":{\"@id\":\"https:\\\/\\\/www.eren.ch\\\/barc\\\/2025\\\/12\\\/01\\\/lesprit-de-noel\\\/#primaryimage\"},\"image\":{\"@id\":\"https:\\\/\\\/www.eren.ch\\\/barc\\\/2025\\\/12\\\/01\\\/lesprit-de-noel\\\/#primaryimage\"},\"thumbnailUrl\":\"https:\\\/\\\/www.eren.ch\\\/barc\\\/wp-content\\\/uploads\\\/sites\\\/4\\\/2025\\\/12\\\/woman-1127201_1280.jpg\",\"datePublished\":\"2025-12-01T12:43:54+00:00\",\"dateModified\":\"2025-12-01T12:43:58+00:00\",\"description\":\"Nombreux sont ceux qui connaissent la chanson sans doute la plus connue des Moody Blues&nbsp;: \u00ab&nbsp;Nights in white satin&nbsp;\u00bb, \u00e9dit\u00e9e en 1967, et qui\",\"breadcrumb\":{\"@id\":\"https:\\\/\\\/www.eren.ch\\\/barc\\\/2025\\\/12\\\/01\\\/lesprit-de-noel\\\/#breadcrumb\"},\"inLanguage\":\"fr-FR\",\"potentialAction\":[{\"@type\":\"ReadAction\",\"target\":[\"https:\\\/\\\/www.eren.ch\\\/barc\\\/2025\\\/12\\\/01\\\/lesprit-de-noel\\\/\"]}]},{\"@type\":\"ImageObject\",\"inLanguage\":\"fr-FR\",\"@id\":\"https:\\\/\\\/www.eren.ch\\\/barc\\\/2025\\\/12\\\/01\\\/lesprit-de-noel\\\/#primaryimage\",\"url\":\"https:\\\/\\\/www.eren.ch\\\/barc\\\/wp-content\\\/uploads\\\/sites\\\/4\\\/2025\\\/12\\\/woman-1127201_1280.jpg\",\"contentUrl\":\"https:\\\/\\\/www.eren.ch\\\/barc\\\/wp-content\\\/uploads\\\/sites\\\/4\\\/2025\\\/12\\\/woman-1127201_1280.jpg\",\"width\":1280,\"height\":853},{\"@type\":\"BreadcrumbList\",\"@id\":\"https:\\\/\\\/www.eren.ch\\\/barc\\\/2025\\\/12\\\/01\\\/lesprit-de-noel\\\/#breadcrumb\",\"itemListElement\":[{\"@type\":\"ListItem\",\"position\":1,\"name\":\"Accueil\",\"item\":\"https:\\\/\\\/www.eren.ch\\\/barc\\\/\"},{\"@type\":\"ListItem\",\"position\":2,\"name\":\"L&rsquo;esprit de No\u00ebl\"}]},{\"@type\":\"WebSite\",\"@id\":\"https:\\\/\\\/www.eren.ch\\\/barc\\\/#website\",\"url\":\"https:\\\/\\\/www.eren.ch\\\/barc\\\/\",\"name\":\"Paroisse r\u00e9form\u00e9e de La BARC\",\"description\":\"B\u00f4le - Auvernier - Rochefort - Colombier\",\"publisher\":{\"@id\":\"https:\\\/\\\/www.eren.ch\\\/barc\\\/#organization\"},\"potentialAction\":[{\"@type\":\"SearchAction\",\"target\":{\"@type\":\"EntryPoint\",\"urlTemplate\":\"https:\\\/\\\/www.eren.ch\\\/barc\\\/?s={search_term_string}\"},\"query-input\":{\"@type\":\"PropertyValueSpecification\",\"valueRequired\":true,\"valueName\":\"search_term_string\"}}],\"inLanguage\":\"fr-FR\"},{\"@type\":\"Organization\",\"@id\":\"https:\\\/\\\/www.eren.ch\\\/barc\\\/#organization\",\"name\":\"Paroisse de La BARC\",\"url\":\"https:\\\/\\\/www.eren.ch\\\/barc\\\/\",\"logo\":{\"@type\":\"ImageObject\",\"inLanguage\":\"fr-FR\",\"@id\":\"https:\\\/\\\/www.eren.ch\\\/barc\\\/#\\\/schema\\\/logo\\\/image\\\/\",\"url\":\"https:\\\/\\\/www.eren.ch\\\/barc\\\/wp-content\\\/uploads\\\/sites\\\/4\\\/2020\\\/12\\\/logo-barc.png\",\"contentUrl\":\"https:\\\/\\\/www.eren.ch\\\/barc\\\/wp-content\\\/uploads\\\/sites\\\/4\\\/2020\\\/12\\\/logo-barc.png\",\"width\":240,\"height\":117,\"caption\":\"Paroisse de La BARC\"},\"image\":{\"@id\":\"https:\\\/\\\/www.eren.ch\\\/barc\\\/#\\\/schema\\\/logo\\\/image\\\/\"},\"sameAs\":[\"https:\\\/\\\/www.facebook.com\\\/eglise.EREN\",\"https:\\\/\\\/x.com\\\/egliseeren\",\"https:\\\/\\\/fr.wikipedia.org\\\/wiki\\\/\u00c9glise_r\u00e9form\u00e9e_\u00e9vang\u00e9lique_du_canton_de_Neuch\u00e2tel\"]},{\"@type\":\"Person\",\"@id\":\"https:\\\/\\\/www.eren.ch\\\/barc\\\/#\\\/schema\\\/person\\\/f9f8bcf2e589bbcce09ce0b93357b4e5\",\"name\":\"Fran\u00e7ois Courvoisier\",\"image\":{\"@type\":\"ImageObject\",\"inLanguage\":\"fr-FR\",\"@id\":\"https:\\\/\\\/secure.gravatar.com\\\/avatar\\\/bf37234963e83e7efdd63733177a9097bc0c31e7e151f9aa934f18a7c276b9ba?s=96&d=blank&r=g\",\"url\":\"https:\\\/\\\/secure.gravatar.com\\\/avatar\\\/bf37234963e83e7efdd63733177a9097bc0c31e7e151f9aa934f18a7c276b9ba?s=96&d=blank&r=g\",\"contentUrl\":\"https:\\\/\\\/secure.gravatar.com\\\/avatar\\\/bf37234963e83e7efdd63733177a9097bc0c31e7e151f9aa934f18a7c276b9ba?s=96&d=blank&r=g\",\"caption\":\"Fran\u00e7ois Courvoisier\"},\"sameAs\":[\"https:\\\/\\\/www.gepfor.ch\\\/\",\"https:\\\/\\\/www.facebook.com\\\/francois.courvoisier.98\",\"https:\\\/\\\/ch.linkedin.com\\\/in\\\/franois-h-courvoisier-1a423b\"],\"url\":\"https:\\\/\\\/www.eren.ch\\\/barc\\\/author\\\/fcourvoisier\\\/\"}]}<\/script>\n<!-- \/ Yoast SEO Premium plugin. -->","yoast_head_json":{"title":"L'esprit de No\u00ebl &#8226; Paroisse r\u00e9form\u00e9e de La BARC","description":"Nombreux sont ceux qui connaissent la chanson sans doute la plus connue des Moody Blues&nbsp;: \u00ab&nbsp;Nights in white satin&nbsp;\u00bb, \u00e9dit\u00e9e en 1967, et qui","robots":{"index":"index","follow":"follow","max-snippet":"max-snippet:-1","max-image-preview":"max-image-preview:large","max-video-preview":"max-video-preview:-1"},"canonical":"https:\/\/www.eren.ch\/barc\/2025\/12\/01\/lesprit-de-noel\/","og_locale":"fr_FR","og_type":"article","og_title":"L'esprit de No\u00ebl","og_description":"Nombreux sont ceux qui connaissent la chanson sans doute la plus connue des Moody Blues&nbsp;: \u00ab&nbsp;Nights in white satin&nbsp;\u00bb, \u00e9dit\u00e9e en 1967, et qui","og_url":"https:\/\/www.eren.ch\/barc\/2025\/12\/01\/lesprit-de-noel\/","og_site_name":"Paroisse r\u00e9form\u00e9e de La BARC","article_publisher":"https:\/\/www.facebook.com\/eglise.EREN","article_author":"https:\/\/www.facebook.com\/francois.courvoisier.98","article_published_time":"2025-12-01T12:43:54+00:00","article_modified_time":"2025-12-01T12:43:58+00:00","og_image":[{"width":1280,"height":853,"url":"https:\/\/www.eren.ch\/barc\/wp-content\/uploads\/sites\/4\/2025\/12\/woman-1127201_1280.jpg","type":"image\/jpeg"}],"author":"Fran\u00e7ois Courvoisier","twitter_card":"summary_large_image","twitter_creator":"@egliseeren","twitter_site":"@egliseeren","twitter_misc":{"\u00c9crit par":"Fran\u00e7ois Courvoisier","Dur\u00e9e de lecture estim\u00e9e":"4 minutes"},"schema":{"@context":"https:\/\/schema.org","@graph":[{"@type":"Article","@id":"https:\/\/www.eren.ch\/barc\/2025\/12\/01\/lesprit-de-noel\/#article","isPartOf":{"@id":"https:\/\/www.eren.ch\/barc\/2025\/12\/01\/lesprit-de-noel\/"},"author":{"name":"Fran\u00e7ois Courvoisier","@id":"https:\/\/www.eren.ch\/barc\/#\/schema\/person\/f9f8bcf2e589bbcce09ce0b93357b4e5"},"headline":"L&rsquo;esprit de No\u00ebl","datePublished":"2025-12-01T12:43:54+00:00","dateModified":"2025-12-01T12:43:58+00:00","mainEntityOfPage":{"@id":"https:\/\/www.eren.ch\/barc\/2025\/12\/01\/lesprit-de-noel\/"},"wordCount":718,"publisher":{"@id":"https:\/\/www.eren.ch\/barc\/#organization"},"image":{"@id":"https:\/\/www.eren.ch\/barc\/2025\/12\/01\/lesprit-de-noel\/#primaryimage"},"thumbnailUrl":"https:\/\/www.eren.ch\/barc\/wp-content\/uploads\/sites\/4\/2025\/12\/woman-1127201_1280.jpg","articleSection":["D\u00e9couvertes musicales"],"inLanguage":"fr-FR"},{"@type":"WebPage","@id":"https:\/\/www.eren.ch\/barc\/2025\/12\/01\/lesprit-de-noel\/","url":"https:\/\/www.eren.ch\/barc\/2025\/12\/01\/lesprit-de-noel\/","name":"L'esprit de No\u00ebl &#8226; Paroisse r\u00e9form\u00e9e de La BARC","isPartOf":{"@id":"https:\/\/www.eren.ch\/barc\/#website"},"primaryImageOfPage":{"@id":"https:\/\/www.eren.ch\/barc\/2025\/12\/01\/lesprit-de-noel\/#primaryimage"},"image":{"@id":"https:\/\/www.eren.ch\/barc\/2025\/12\/01\/lesprit-de-noel\/#primaryimage"},"thumbnailUrl":"https:\/\/www.eren.ch\/barc\/wp-content\/uploads\/sites\/4\/2025\/12\/woman-1127201_1280.jpg","datePublished":"2025-12-01T12:43:54+00:00","dateModified":"2025-12-01T12:43:58+00:00","description":"Nombreux sont ceux qui connaissent la chanson sans doute la plus connue des Moody Blues&nbsp;: \u00ab&nbsp;Nights in white satin&nbsp;\u00bb, \u00e9dit\u00e9e en 1967, et qui","breadcrumb":{"@id":"https:\/\/www.eren.ch\/barc\/2025\/12\/01\/lesprit-de-noel\/#breadcrumb"},"inLanguage":"fr-FR","potentialAction":[{"@type":"ReadAction","target":["https:\/\/www.eren.ch\/barc\/2025\/12\/01\/lesprit-de-noel\/"]}]},{"@type":"ImageObject","inLanguage":"fr-FR","@id":"https:\/\/www.eren.ch\/barc\/2025\/12\/01\/lesprit-de-noel\/#primaryimage","url":"https:\/\/www.eren.ch\/barc\/wp-content\/uploads\/sites\/4\/2025\/12\/woman-1127201_1280.jpg","contentUrl":"https:\/\/www.eren.ch\/barc\/wp-content\/uploads\/sites\/4\/2025\/12\/woman-1127201_1280.jpg","width":1280,"height":853},{"@type":"BreadcrumbList","@id":"https:\/\/www.eren.ch\/barc\/2025\/12\/01\/lesprit-de-noel\/#breadcrumb","itemListElement":[{"@type":"ListItem","position":1,"name":"Accueil","item":"https:\/\/www.eren.ch\/barc\/"},{"@type":"ListItem","position":2,"name":"L&rsquo;esprit de No\u00ebl"}]},{"@type":"WebSite","@id":"https:\/\/www.eren.ch\/barc\/#website","url":"https:\/\/www.eren.ch\/barc\/","name":"Paroisse r\u00e9form\u00e9e de La BARC","description":"B\u00f4le - Auvernier - Rochefort - Colombier","publisher":{"@id":"https:\/\/www.eren.ch\/barc\/#organization"},"potentialAction":[{"@type":"SearchAction","target":{"@type":"EntryPoint","urlTemplate":"https:\/\/www.eren.ch\/barc\/?s={search_term_string}"},"query-input":{"@type":"PropertyValueSpecification","valueRequired":true,"valueName":"search_term_string"}}],"inLanguage":"fr-FR"},{"@type":"Organization","@id":"https:\/\/www.eren.ch\/barc\/#organization","name":"Paroisse de La BARC","url":"https:\/\/www.eren.ch\/barc\/","logo":{"@type":"ImageObject","inLanguage":"fr-FR","@id":"https:\/\/www.eren.ch\/barc\/#\/schema\/logo\/image\/","url":"https:\/\/www.eren.ch\/barc\/wp-content\/uploads\/sites\/4\/2020\/12\/logo-barc.png","contentUrl":"https:\/\/www.eren.ch\/barc\/wp-content\/uploads\/sites\/4\/2020\/12\/logo-barc.png","width":240,"height":117,"caption":"Paroisse de La BARC"},"image":{"@id":"https:\/\/www.eren.ch\/barc\/#\/schema\/logo\/image\/"},"sameAs":["https:\/\/www.facebook.com\/eglise.EREN","https:\/\/x.com\/egliseeren","https:\/\/fr.wikipedia.org\/wiki\/\u00c9glise_r\u00e9form\u00e9e_\u00e9vang\u00e9lique_du_canton_de_Neuch\u00e2tel"]},{"@type":"Person","@id":"https:\/\/www.eren.ch\/barc\/#\/schema\/person\/f9f8bcf2e589bbcce09ce0b93357b4e5","name":"Fran\u00e7ois Courvoisier","image":{"@type":"ImageObject","inLanguage":"fr-FR","@id":"https:\/\/secure.gravatar.com\/avatar\/bf37234963e83e7efdd63733177a9097bc0c31e7e151f9aa934f18a7c276b9ba?s=96&d=blank&r=g","url":"https:\/\/secure.gravatar.com\/avatar\/bf37234963e83e7efdd63733177a9097bc0c31e7e151f9aa934f18a7c276b9ba?s=96&d=blank&r=g","contentUrl":"https:\/\/secure.gravatar.com\/avatar\/bf37234963e83e7efdd63733177a9097bc0c31e7e151f9aa934f18a7c276b9ba?s=96&d=blank&r=g","caption":"Fran\u00e7ois Courvoisier"},"sameAs":["https:\/\/www.gepfor.ch\/","https:\/\/www.facebook.com\/francois.courvoisier.98","https:\/\/ch.linkedin.com\/in\/franois-h-courvoisier-1a423b"],"url":"https:\/\/www.eren.ch\/barc\/author\/fcourvoisier\/"}]}},"_links":{"self":[{"href":"https:\/\/www.eren.ch\/barc\/wp-json\/wp\/v2\/posts\/5392","targetHints":{"allow":["GET"]}}],"collection":[{"href":"https:\/\/www.eren.ch\/barc\/wp-json\/wp\/v2\/posts"}],"about":[{"href":"https:\/\/www.eren.ch\/barc\/wp-json\/wp\/v2\/types\/post"}],"author":[{"embeddable":true,"href":"https:\/\/www.eren.ch\/barc\/wp-json\/wp\/v2\/users\/38"}],"replies":[{"embeddable":true,"href":"https:\/\/www.eren.ch\/barc\/wp-json\/wp\/v2\/comments?post=5392"}],"version-history":[{"count":1,"href":"https:\/\/www.eren.ch\/barc\/wp-json\/wp\/v2\/posts\/5392\/revisions"}],"predecessor-version":[{"id":5394,"href":"https:\/\/www.eren.ch\/barc\/wp-json\/wp\/v2\/posts\/5392\/revisions\/5394"}],"wp:featuredmedia":[{"embeddable":true,"href":"https:\/\/www.eren.ch\/barc\/wp-json\/wp\/v2\/media\/5393"}],"wp:attachment":[{"href":"https:\/\/www.eren.ch\/barc\/wp-json\/wp\/v2\/media?parent=5392"}],"wp:term":[{"taxonomy":"category","embeddable":true,"href":"https:\/\/www.eren.ch\/barc\/wp-json\/wp\/v2\/categories?post=5392"},{"taxonomy":"post_tag","embeddable":true,"href":"https:\/\/www.eren.ch\/barc\/wp-json\/wp\/v2\/tags?post=5392"}],"curies":[{"name":"wp","href":"https:\/\/api.w.org\/{rel}","templated":true}]}}