{"id":5399,"date":"2025-12-04T15:53:29","date_gmt":"2025-12-04T14:53:29","guid":{"rendered":"https:\/\/www.eren.ch\/barc\/?p=5399"},"modified":"2025-12-04T16:04:04","modified_gmt":"2025-12-04T15:04:04","slug":"seigneur-viens","status":"publish","type":"post","link":"https:\/\/www.eren.ch\/barc\/2025\/12\/04\/seigneur-viens\/","title":{"rendered":"Seigneur, viens!"},"content":{"rendered":"<p style=\"text-align: right\"><em>Message apport\u00e9 dans le cadre de la c\u00e9l\u00e9bration \u0153cum\u00e9nique d&rsquo;Entr\u00e9e dans l&rsquo;Avent. A l&rsquo;\u00e9glise catholique de Colombier, le 30 novembre 2025<\/em><\/p>\n<p>&nbsp;<\/p>\n<blockquote>\n<p class=\"verse chapter-2\"><span id=\"fr-LSG-18887\" class=\"text Isa-64-1\">Oh! si tu d\u00e9chirais les cieux, et si tu descendais, Les montagnes s&rsquo;\u00e9branleraient devant toi,<\/span><\/p>\n<p class=\"verse\"><span id=\"fr-LSG-18888\" class=\"text Isa-64-2\"><sup class=\"versenum\">2 <\/sup>Comme s&rsquo;allume un feu de bois sec, Comme s&rsquo;\u00e9vapore l&rsquo;eau qui bouillonne; Tes ennemis conna\u00eetraient ton nom, Et les nations trembleraient devant toi.<\/span><\/p>\n<p class=\"verse\"><span id=\"fr-LSG-18889\" class=\"text Isa-64-3\"><sup class=\"versenum\">3 <\/sup>Lorsque tu fis des prodiges que nous n&rsquo;attendions pas, Tu descendis, et les montagnes s&rsquo;\u00e9branl\u00e8rent devant toi.<\/span><\/p>\n<p class=\"verse\"><span id=\"fr-LSG-18890\" class=\"text Isa-64-4\"><sup class=\"versenum\">4 <\/sup>Jamais on n&rsquo;a appris ni entendu dire, Et jamais l&rsquo;oeil n&rsquo;a vu qu&rsquo;un autre dieu que toi F\u00eet de telles choses pour ceux qui se confient en lui.<\/span><\/p>\n<p class=\"verse\"><span id=\"fr-LSG-18891\" class=\"text Isa-64-5\"><sup class=\"versenum\">5 <\/sup>Tu vas au-devant de celui qui pratique avec joie la justice, De ceux qui marchent dans tes voies et se souviennent de toi. Mais tu as \u00e9t\u00e9 irrit\u00e9, parce que nous avons p\u00e9ch\u00e9; Et nous en souffrons longtemps jusqu&rsquo;\u00e0 ce que nous soyons sauv\u00e9s.<\/span><\/p>\n<p class=\"verse\"><span id=\"fr-LSG-18892\" class=\"text Isa-64-6\"><sup class=\"versenum\">6 <\/sup>Nous sommes tous comme des impurs, Et toute notre justice est comme un v\u00eatement souill\u00e9; Nous sommes tous fl\u00e9tris comme une feuille, Et nos crimes nous emportent comme le vent.<\/span><\/p>\n<p class=\"verse\"><span id=\"fr-LSG-18893\" class=\"text Isa-64-7\"><sup class=\"versenum\">7 <\/sup>Il n&rsquo;y a personne qui invoque ton nom, Qui se r\u00e9veille pour s&rsquo;attacher \u00e0 toi: Aussi nous as-tu cach\u00e9 ta face, Et nous laisses-tu p\u00e9rir par l&rsquo;effet de nos crimes.<\/span><\/p>\n<p class=\"verse\"><span id=\"fr-LSG-18894\" class=\"text Isa-64-8\"><sup class=\"versenum\">8 <\/sup>Cependant, \u00f4 \u00c9ternel, tu es notre p\u00e8re; Nous sommes l&rsquo;argile, et c&rsquo;est toi qui nous as form\u00e9s, Nous sommes tous l&rsquo;ouvrage de tes mains.<\/span><\/p>\n<p class=\"verse\"><span id=\"fr-LSG-18895\" class=\"text Isa-64-9\"><sup class=\"versenum\">9 <\/sup>Ne t&rsquo;irrite pas \u00e0 l&rsquo;extr\u00eame, \u00f4 \u00c9ternel, Et ne te souviens pas \u00e0 toujours du crime; Regarde donc, nous sommes tous ton peuple.<\/span><\/p>\n<p style=\"text-align: right\">Esa\u00efe 64, 1 \u00e0 9<\/p>\n<\/blockquote>\n<p>&nbsp;<\/p>\n<blockquote>\n<p class=\"verse\"><span id=\"fr-LSG-24742\" class=\"text Mark-13-24\"><sup class=\"versenum\">24\u00a0<\/sup>Mais dans ces jours, apr\u00e8s cette d\u00e9tresse, le soleil s&rsquo;obscurcira, la lune ne donnera plus sa lumi\u00e8re,<\/span><\/p>\n<p class=\"verse\"><span id=\"fr-LSG-24743\" class=\"text Mark-13-25\"><sup class=\"versenum\">25\u00a0<\/sup>les \u00e9toiles tomberont du ciel, et les puissances qui sont dans les cieux seront \u00e9branl\u00e9es.<\/span><\/p>\n<p class=\"verse\"><span id=\"fr-LSG-24744\" class=\"text Mark-13-26\"><sup class=\"versenum\">26\u00a0<\/sup>Alors on verra le Fils de l&rsquo;homme venant sur les nu\u00e9es avec une grande puissance et avec gloire.<\/span><\/p>\n<p class=\"verse\"><span id=\"fr-LSG-24745\" class=\"text Mark-13-27\"><sup class=\"versenum\">27\u00a0<\/sup>Alors il enverra les anges, et il rassemblera les \u00e9lus des quatre vents, de l&rsquo;extr\u00e9mit\u00e9 de la terre jusqu&rsquo;\u00e0 l&rsquo;extr\u00e9mit\u00e9 du ciel.<\/span><\/p>\n<p class=\"verse\"><span id=\"fr-LSG-24746\" class=\"text Mark-13-28\"><sup class=\"versenum\">28\u00a0<\/sup>Instruisez-vous par une comparaison tir\u00e9e du figuier. D\u00e8s que ses branches deviennent tendres, et que les feuilles poussent, vous connaissez que l&rsquo;\u00e9t\u00e9 est proche.<\/span><\/p>\n<p class=\"verse\"><span id=\"fr-LSG-24747\" class=\"text Mark-13-29\"><sup class=\"versenum\">29\u00a0<\/sup>De m\u00eame, quand vous verrez ces choses arriver, sachez que le Fils de l&rsquo;homme est proche, \u00e0 la porte.<\/span><\/p>\n<p class=\"verse\"><span id=\"fr-LSG-24748\" class=\"text Mark-13-30\"><sup class=\"versenum\">30\u00a0<\/sup>Je vous le dis en v\u00e9rit\u00e9, cette g\u00e9n\u00e9ration ne passera point, que tout cela n&rsquo;arrive.<\/span><\/p>\n<p class=\"verse\"><span id=\"fr-LSG-24749\" class=\"text Mark-13-31\"><sup class=\"versenum\">31\u00a0<\/sup>Le ciel et la terre passeront, mais mes paroles ne passeront point.<\/span><\/p>\n<p class=\"verse\"><span id=\"fr-LSG-24750\" class=\"text Mark-13-32\"><sup class=\"versenum\">32\u00a0<\/sup>Pour ce qui est du jour ou de l&rsquo;heure, personne ne le sait, ni les anges dans le ciel, ni le Fils, mais le P\u00e8re seul.<\/span><\/p>\n<p class=\"verse\"><span id=\"fr-LSG-24751\" class=\"text Mark-13-33\"><sup class=\"versenum\">33\u00a0<\/sup>Prenez garde, veillez et priez; car vous ne savez quand ce temps viendra.<\/span><\/p>\n<p class=\"verse\"><span id=\"fr-LSG-24752\" class=\"text Mark-13-34\"><sup class=\"versenum\">34\u00a0<\/sup>Il en sera comme d&rsquo;un homme qui, partant pour un voyage, laisse sa maison, remet l&rsquo;autorit\u00e9 \u00e0 ses serviteurs, indique \u00e0 chacun sa t\u00e2che, et ordonne au portier de veiller.<\/span><\/p>\n<p class=\"verse\"><span id=\"fr-LSG-24753\" class=\"text Mark-13-35\"><sup class=\"versenum\">35\u00a0<\/sup>Veillez donc, car vous ne savez quand viendra le ma\u00eetre de la maison, ou le soir, ou au milieu de la nuit, ou au chant du coq, ou le matin;<\/span><\/p>\n<p class=\"verse\"><span id=\"fr-LSG-24754\" class=\"text Mark-13-36\"><sup class=\"versenum\">36\u00a0<\/sup>craignez qu&rsquo;il ne vous trouve endormis, \u00e0 son arriv\u00e9e soudaine.<\/span><\/p>\n<p class=\"verse\"><span id=\"fr-LSG-24755\" class=\"text Mark-13-37\"><sup class=\"versenum\">37\u00a0<\/sup>Ce que je vous dis, je le dis \u00e0 tous: Veillez.<\/span><\/p>\n<p style=\"text-align: right\">Marc 13, 24 \u00e0 37<\/p>\n<\/blockquote>\n<p style=\"font-weight: 400\">Chers Amis,<\/p>\n<p style=\"font-weight: 400\">Nous voici r\u00e9unis pour entrer ensemble dans l\u2019Avent. Et ce \u201censemble\u201d est pr\u00e9cieux car l\u2019Avent est un temps d\u2019attente, et l\u2019attente partag\u00e9e renforce l\u2019esp\u00e9rance.<br \/>\nL\u2019Avent c\u2019est un temps de veille, un temps o\u00f9 nous tournons notre regard vers Celui qui vient, et nous le faisons comme une seule famille, m\u00eame si nos traditions, nos rites et nos expressions th\u00e9ologiques peuvent \u00eatre vari\u00e9s.<\/p>\n<p style=\"font-weight: 400\">Ce matin, la Parole de Dieu que nous venons d\u2019entendre nous met en route.<br \/>\nElle nous fait entendre la pri\u00e8re ardente du proph\u00e8te \u00c9sa\u00efe, elle nous fait \u00e9couter l\u2019appel vibrant de J\u00e9sus.<br \/>\nEt enfin elle nous invite, ensemble, \u00e0 nous tenir dans l\u2019esp\u00e9rance.<\/p>\n<p style=\"font-weight: 400\">Le premier texte, celui du proph\u00e8te Esa\u00efe nous surprend peut-\u00eatre. L\u2019Avent s\u2019ouvre\u2026 par un cri.<br \/>\n\u00ab\u00a0<strong>Ah ! si tu d\u00e9chirais les cieux et si tu descendais !<\/strong>\u00a0\u00bb<\/p>\n<p style=\"font-weight: 400\">Et ce cri n\u2019est pas une pri\u00e8re paisible.<br \/>\nC\u2019est une pri\u00e8re o\u00f9 l\u2019homme se tourne vers Dieu avec tout ce qu\u2019il vit, tout ce qu\u2019il ressent. Car \u00c9sa\u00efe porte le poids des souffrances d\u2019un peuple condamn\u00e9e \u00e0 l\u2019exil, qui a v\u00e9cu la d\u00e9portation avec tout ce que cela signifie et que nous pouvons encore aujourd\u2019hui reconna\u00eetre dans l\u2019existence des peuples de notre monde jet\u00e9s sur les routes. A son retour, ce peuple est encore marqu\u00e9 par la fatigue, les ruines, la d\u00e9sillusion et lorsqu\u2019il retrouve la terre promise, tout n\u2019est pas comme il l\u2019esp\u00e9rait.<\/p>\n<p style=\"font-weight: 400\">Alors \u00c9sa\u00efe fait ce que fait la foi quand elle est \u00e9corch\u00e9e : il appelle Dieu.<br \/>\nIl appelle un Dieu qu\u2019il croit vivant, un Dieu qui peut \u201cd\u00e9chirer les cieux\u201d et rejoindre la terre. Un Dieu qui ne reste pas indiff\u00e9rent aux souffrances des hommes.<\/p>\n<p style=\"font-weight: 400\">Ce cri, je crois, fait \u00e9cho \u00e0 nos propres voix.<br \/>\nNos communaut\u00e9s, nos \u00c9glises, nos familles et nos vies personnelles connaissent parfois l\u2019\u00e9preuve, la confusion, le doute et peinent parfois \u00e0 retrouver l\u2019\u00e9quilibre d\u2019une marche assur\u00e9e.<br \/>\nPuis nous voyons les tensions du monde, les injustices, les violences, la pr\u00e9carit\u00e9, les divisions. Nos journaux et nos \u00e9crans en regorgent. Alors la pri\u00e8re d\u2019\u00c9sa\u00efe peut devenir la n\u00f4tre :<br \/>\n<em>\u201cSeigneur, viens. Nous avons besoin de toi. Descends vers nous.\u201d<\/em><\/p>\n<p style=\"font-weight: 400\">Ce qui me semble encore int\u00e9ressant ici, c\u2019est que la Bible ne nous invite pas \u00e0 cacher nos fragilit\u00e9s, nos peurs ou encore nos col\u00e8res.\u00a0 Elle nous invite \u00e0 les pr\u00e9senter \u00e0 Dieu.<br \/>\nEt pour moi, c\u2019est d\u00e9j\u00e0 une forme d\u2019esp\u00e9rance.<\/p>\n<p style=\"font-weight: 400\">Dans l\u2019\u00c9vangile de Marc que nous a lu Yvette, J\u00e9sus r\u00e9p\u00e8te ce mot plusieurs fois :\u00a0<strong>\u201cVeillez.\u201d<\/strong> Et dans sa bouche, cette injonction\u00a0: \u00ab\u00a0veillez\u00a0\u00bb, signifie vivre pleinement\u00a0<strong>aujourd\u2019hui<\/strong>, en sachant que Dieu vient.<\/p>\n<p style=\"font-weight: 400\">Il ne s\u2019agit pas de veiller par crainte, ni de scruter avec anxi\u00e9t\u00e9 les signes du temps pour deviner le jour et l\u2019heure de Dieu. Il ne s\u2019agit pas de nous \u00e9tirer comme un \u00e9lastique pour tenter de discerner derri\u00e8re l\u2019horizon ce qui pourrait bien advenir. Non, il s\u2019agit d\u2019\u00eatre pr\u00e9sent \u00e0 ce qui se vit aujourd\u2019hui, en nous et autour de nous.<\/p>\n<p style=\"font-weight: 400\">Dans l\u2019invitation de J\u00e9sus \u00e0 veiller, on peut lire l\u2019invitation \u00e0 maintenir en soi une ouverture, une disponibilit\u00e9 int\u00e9rieure. C\u2019est garder une lampe allum\u00e9e, m\u00eame petite, m\u00eame fragile.<br \/>\nC\u2019est vivre chaque jour comme un cadeau, comme une responsabilit\u00e9, comme une promesse.<\/p>\n<p style=\"font-weight: 400\">Cette vigilance \u00e0 laquelle nous invite le Christ, nous pouvons la vivre ensemble. Et lorsque nous la partageons cette vigilance, elle nous est plus facile. C\u2019est ce que nous faisons ce matin et ce que nous poursuivrons tout \u00e0 l\u2019heure au repas.<br \/>\nL\u2019appel \u00e0 la vigilance devient alors un appel \u00e0 la fraternit\u00e9 :<\/p>\n<p style=\"font-weight: 400\">Nous sommes invit\u00e9s par le Christ \u00e0 veiller les uns sur les autres, \u00e0 veiller sur l\u2019unit\u00e9 entre nous, sur la dignit\u00e9 des plus fragiles, sur la paix dans nos villes et nos pays, sur nos paroles, nos gestes, nos choix.<\/p>\n<p style=\"font-weight: 400\">Lorsque J\u00e9sus invite ses disciples \u00e0 veiller, lorsqu\u2019il NOUS invite \u00e0 veiller, il nous pr\u00e9pare \u00e0 comprendre que Dieu est plus proche que nous ne l\u2019imaginons. Que sa venue n\u2019est pas une menace, mais une bonne nouvelle. La bonne nouvelle que la nuit n\u2019aura jamais le dernier mot.<\/p>\n<p style=\"font-weight: 400\">Ce temps de l\u2019Avent dans lequel nous entrons ensemble aujourd\u2019hui nous rappelle quelque chose que toutes nos traditions chr\u00e9tiennes reconnaissent :<br \/>\n<strong>Nous vivons un entre deux.<\/strong> Il y a eu la premi\u00e8re venue, du Christ, humble, dans la chair et la fragilit\u00e9 d\u2019un nouveau-n\u00e9 \u00e0 Bethl\u00e9em. Et il y aura son retour, dans la gloire, lorsque Dieu sera \u201ctout en tous\u201d. Mais il y a aussi cet entre-deux, temps dans lequel s&rsquo;inscrit notre existence. Et dans ce temps, sa venue y est quotidienne dans nos vies et nos communaut\u00e9s, par son Esprit.<\/p>\n<p style=\"font-weight: 400\">Ainsi, cette triple venue nous unit car toutes et tous, nous confessons que Christ est venu, nous croyons qu\u2019il vient chaque jour et nous esp\u00e9rons qu\u2019il reviendra.<\/p>\n<p style=\"font-weight: 400\">L\u00e0 o\u00f9 nos sensibilit\u00e9s peuvent varier \u2014 dans les rites, les formes, les traditions \u2014 l\u2019Avent nous ram\u00e8ne au centre : l\u2019esp\u00e9rance du Christ.<\/p>\n<p style=\"font-weight: 400\">Dans un monde souvent d\u00e9chir\u00e9, travers\u00e9 par les conflits et les inqui\u00e9tudes, l\u2019Avent nous invite \u00e0 porter ensemble la flamme d\u2019une esp\u00e9rance qui ne trompe pas.<br \/>\nNon pas une esp\u00e9rance na\u00efve, mais une esp\u00e9rance qui est ancr\u00e9e dans la fid\u00e9lit\u00e9 de Dieu maintes et maintes fois r\u00e9affirm\u00e9e.<br \/>\nUne esp\u00e9rance qui sait voir, dans la nuit, les premi\u00e8res lueurs du jour.<\/p>\n<p style=\"font-weight: 400\">Oui, l\u2019Avent commence dans la nuit.<br \/>\nLes jours sont courts, la lumi\u00e8re semble faible. Mais inlassablement, chaque ann\u00e9e, cette lumi\u00e8re revient.<br \/>\nEt elle revient pour nous apprendre que m\u00eame la plus petite flamme peut \u00e9clairer un chemin.<br \/>\nM\u00eame une petite communaut\u00e9 peut porter une grande esp\u00e9rance.<br \/>\nM\u00eame des \u00c9glises diverses peuvent faire jaillir une lumi\u00e8re forte lorsqu\u2019elles se rassemblent.<\/p>\n<p style=\"font-weight: 400\">Aujourd\u2019hui, dans notre c\u00e9l\u00e9bration \u0153cum\u00e9nique d\u2019entr\u00e9e dans l\u2019Avent, cette lumi\u00e8re a une force particuli\u00e8re :<br \/>\nelle dit que le Christ n\u2019appartient \u00e0 aucune \u00c9glise en particulier, mais que toutes les \u00c9glises appartiennent au Christ.<\/p>\n<p style=\"font-weight: 400\">L\u2019Avent nous invite \u00e0 \u00eatre, ensemble, des porteurs de lumi\u00e8re. Nous ne pouvons pas sauver le monde par nous-m\u00eames. Mais nous pouvons, ensemble, \u00e9clairer sa nuit.<\/p>\n<p style=\"font-weight: 400\">Chers amis,<\/p>\n<p style=\"font-weight: 400\">En entrant dans l\u2019Avent, nous faisons un geste simple et magnifique :<br \/>\nnous tournons notre c\u0153ur vers Dieu et nous lui disons ensemble :<\/p>\n<p style=\"font-weight: 400\">\u201c Seigneur, viens !\u201d<\/p>\n<p style=\"font-weight: 400\">Entrons dans l\u2019Avent comme un peuple en chemin,<br \/>\nun peuple qui veille,<br \/>\nun peuple qui esp\u00e8re,<br \/>\nun peuple qui attend la lumi\u00e8re du Christ.<\/p>\n<p style=\"font-weight: 400\">Amen.<\/p>\n","protected":false},"excerpt":{"rendered":"<p>Message apport\u00e9 dans le cadre de la c\u00e9l\u00e9bration \u0153cum\u00e9nique d&rsquo;Entr\u00e9e dans l&rsquo;Avent. A l&rsquo;\u00e9glise catholique de Colombier, le 30 novembre 2025 &nbsp; Oh! si tu d\u00e9chirais les cieux, et si tu descendais, Les montagnes s&rsquo;\u00e9branleraient devant toi, 2 Comme s&rsquo;allume un feu de bois sec, Comme s&rsquo;\u00e9vapore l&rsquo;eau qui bouillonne; Tes ennemis conna\u00eetraient ton nom, &hellip; <a href=\"https:\/\/www.eren.ch\/barc\/2025\/12\/04\/seigneur-viens\/\" class=\"more-link\">Continuer la lecture<span class=\"screen-reader-text\"> de &laquo;&nbsp;Seigneur, viens!&nbsp;&raquo;<\/span><\/a><\/p>\n","protected":false},"author":19,"featured_media":5400,"comment_status":"closed","ping_status":"closed","sticky":false,"template":"","format":"standard","meta":{"footnotes":""},"categories":[2204],"tags":[],"class_list":["post-5399","post","type-post","status-publish","format-standard","has-post-thumbnail","hentry","category-cultes"],"yoast_head":"<!-- This site is optimized with the Yoast SEO Premium plugin v27.4 (Yoast SEO v27.4) - https:\/\/yoast.com\/product\/yoast-seo-premium-wordpress\/ -->\n<title>Seigneur, viens! &#8226; Paroisse r\u00e9form\u00e9e de La BARC<\/title>\n<meta name=\"description\" content=\"Message apport\u00e9 dans le cadre de la c\u00e9l\u00e9bration \u0153cum\u00e9nique d&#039;Entr\u00e9e dans l&#039;Avent. A l&#039;\u00e9glise catholique de Colombier, le 30 novembre 2025 &nbsp; Oh! si tu\" \/>\n<meta name=\"robots\" content=\"index, follow, max-snippet:-1, max-image-preview:large, max-video-preview:-1\" \/>\n<link rel=\"canonical\" href=\"https:\/\/www.eren.ch\/barc\/2025\/12\/04\/seigneur-viens\/\" \/>\n<meta property=\"og:locale\" content=\"fr_FR\" \/>\n<meta property=\"og:type\" content=\"article\" \/>\n<meta property=\"og:title\" content=\"Seigneur, viens!\" \/>\n<meta property=\"og:description\" content=\"Message apport\u00e9 dans le cadre de la c\u00e9l\u00e9bration \u0153cum\u00e9nique d&#039;Entr\u00e9e dans l&#039;Avent. A l&#039;\u00e9glise catholique de Colombier, le 30 novembre 2025 &nbsp; Oh! si tu\" \/>\n<meta property=\"og:url\" content=\"https:\/\/www.eren.ch\/barc\/2025\/12\/04\/seigneur-viens\/\" \/>\n<meta property=\"og:site_name\" content=\"Paroisse r\u00e9form\u00e9e de La BARC\" \/>\n<meta property=\"article:publisher\" content=\"https:\/\/www.facebook.com\/eglise.EREN\" \/>\n<meta property=\"article:published_time\" content=\"2025-12-04T14:53:29+00:00\" \/>\n<meta property=\"article:modified_time\" content=\"2025-12-04T15:04:04+00:00\" \/>\n<meta property=\"og:image\" content=\"https:\/\/www.eren.ch\/barc\/wp-content\/uploads\/sites\/4\/2025\/12\/Capture-decran-2025-12-04-a-15.52.10.png\" \/>\n\t<meta property=\"og:image:width\" content=\"892\" \/>\n\t<meta property=\"og:image:height\" content=\"700\" \/>\n\t<meta property=\"og:image:type\" content=\"image\/png\" \/>\n<meta name=\"author\" content=\"B\u00e9n\u00e9dicte Gritti\" \/>\n<meta name=\"twitter:card\" content=\"summary_large_image\" \/>\n<meta name=\"twitter:creator\" content=\"@egliseeren\" \/>\n<meta name=\"twitter:site\" content=\"@egliseeren\" \/>\n<meta name=\"twitter:label1\" content=\"\u00c9crit par\" \/>\n\t<meta name=\"twitter:data1\" content=\"B\u00e9n\u00e9dicte Gritti\" \/>\n\t<meta name=\"twitter:label2\" content=\"Dur\u00e9e de lecture estim\u00e9e\" \/>\n\t<meta name=\"twitter:data2\" content=\"6 minutes\" \/>\n<script type=\"application\/ld+json\" class=\"yoast-schema-graph\">{\"@context\":\"https:\\\/\\\/schema.org\",\"@graph\":[{\"@type\":\"Article\",\"@id\":\"https:\\\/\\\/www.eren.ch\\\/barc\\\/2025\\\/12\\\/04\\\/seigneur-viens\\\/#article\",\"isPartOf\":{\"@id\":\"https:\\\/\\\/www.eren.ch\\\/barc\\\/2025\\\/12\\\/04\\\/seigneur-viens\\\/\"},\"author\":{\"name\":\"B\u00e9n\u00e9dicte Gritti\",\"@id\":\"https:\\\/\\\/www.eren.ch\\\/barc\\\/#\\\/schema\\\/person\\\/a6cf60fe8c2de024e153662c25c88e9c\"},\"headline\":\"Seigneur, viens!\",\"datePublished\":\"2025-12-04T14:53:29+00:00\",\"dateModified\":\"2025-12-04T15:04:04+00:00\",\"mainEntityOfPage\":{\"@id\":\"https:\\\/\\\/www.eren.ch\\\/barc\\\/2025\\\/12\\\/04\\\/seigneur-viens\\\/\"},\"wordCount\":1755,\"publisher\":{\"@id\":\"https:\\\/\\\/www.eren.ch\\\/barc\\\/#organization\"},\"image\":{\"@id\":\"https:\\\/\\\/www.eren.ch\\\/barc\\\/2025\\\/12\\\/04\\\/seigneur-viens\\\/#primaryimage\"},\"thumbnailUrl\":\"https:\\\/\\\/www.eren.ch\\\/barc\\\/wp-content\\\/uploads\\\/sites\\\/4\\\/2025\\\/12\\\/Capture-decran-2025-12-04-a-15.52.10.png\",\"articleSection\":[\"Cultes et pr\u00e9dications\"],\"inLanguage\":\"fr-FR\"},{\"@type\":\"WebPage\",\"@id\":\"https:\\\/\\\/www.eren.ch\\\/barc\\\/2025\\\/12\\\/04\\\/seigneur-viens\\\/\",\"url\":\"https:\\\/\\\/www.eren.ch\\\/barc\\\/2025\\\/12\\\/04\\\/seigneur-viens\\\/\",\"name\":\"Seigneur, viens! &#8226; Paroisse r\u00e9form\u00e9e de La BARC\",\"isPartOf\":{\"@id\":\"https:\\\/\\\/www.eren.ch\\\/barc\\\/#website\"},\"primaryImageOfPage\":{\"@id\":\"https:\\\/\\\/www.eren.ch\\\/barc\\\/2025\\\/12\\\/04\\\/seigneur-viens\\\/#primaryimage\"},\"image\":{\"@id\":\"https:\\\/\\\/www.eren.ch\\\/barc\\\/2025\\\/12\\\/04\\\/seigneur-viens\\\/#primaryimage\"},\"thumbnailUrl\":\"https:\\\/\\\/www.eren.ch\\\/barc\\\/wp-content\\\/uploads\\\/sites\\\/4\\\/2025\\\/12\\\/Capture-decran-2025-12-04-a-15.52.10.png\",\"datePublished\":\"2025-12-04T14:53:29+00:00\",\"dateModified\":\"2025-12-04T15:04:04+00:00\",\"description\":\"Message apport\u00e9 dans le cadre de la c\u00e9l\u00e9bration \u0153cum\u00e9nique d'Entr\u00e9e dans l'Avent. A l'\u00e9glise catholique de Colombier, le 30 novembre 2025 &nbsp; Oh! si tu\",\"breadcrumb\":{\"@id\":\"https:\\\/\\\/www.eren.ch\\\/barc\\\/2025\\\/12\\\/04\\\/seigneur-viens\\\/#breadcrumb\"},\"inLanguage\":\"fr-FR\",\"potentialAction\":[{\"@type\":\"ReadAction\",\"target\":[\"https:\\\/\\\/www.eren.ch\\\/barc\\\/2025\\\/12\\\/04\\\/seigneur-viens\\\/\"]}]},{\"@type\":\"ImageObject\",\"inLanguage\":\"fr-FR\",\"@id\":\"https:\\\/\\\/www.eren.ch\\\/barc\\\/2025\\\/12\\\/04\\\/seigneur-viens\\\/#primaryimage\",\"url\":\"https:\\\/\\\/www.eren.ch\\\/barc\\\/wp-content\\\/uploads\\\/sites\\\/4\\\/2025\\\/12\\\/Capture-decran-2025-12-04-a-15.52.10.png\",\"contentUrl\":\"https:\\\/\\\/www.eren.ch\\\/barc\\\/wp-content\\\/uploads\\\/sites\\\/4\\\/2025\\\/12\\\/Capture-decran-2025-12-04-a-15.52.10.png\",\"width\":892,\"height\":700},{\"@type\":\"BreadcrumbList\",\"@id\":\"https:\\\/\\\/www.eren.ch\\\/barc\\\/2025\\\/12\\\/04\\\/seigneur-viens\\\/#breadcrumb\",\"itemListElement\":[{\"@type\":\"ListItem\",\"position\":1,\"name\":\"Accueil\",\"item\":\"https:\\\/\\\/www.eren.ch\\\/barc\\\/\"},{\"@type\":\"ListItem\",\"position\":2,\"name\":\"Seigneur, viens!\"}]},{\"@type\":\"WebSite\",\"@id\":\"https:\\\/\\\/www.eren.ch\\\/barc\\\/#website\",\"url\":\"https:\\\/\\\/www.eren.ch\\\/barc\\\/\",\"name\":\"Paroisse r\u00e9form\u00e9e de La BARC\",\"description\":\"B\u00f4le - Auvernier - Rochefort - Colombier\",\"publisher\":{\"@id\":\"https:\\\/\\\/www.eren.ch\\\/barc\\\/#organization\"},\"potentialAction\":[{\"@type\":\"SearchAction\",\"target\":{\"@type\":\"EntryPoint\",\"urlTemplate\":\"https:\\\/\\\/www.eren.ch\\\/barc\\\/?s={search_term_string}\"},\"query-input\":{\"@type\":\"PropertyValueSpecification\",\"valueRequired\":true,\"valueName\":\"search_term_string\"}}],\"inLanguage\":\"fr-FR\"},{\"@type\":\"Organization\",\"@id\":\"https:\\\/\\\/www.eren.ch\\\/barc\\\/#organization\",\"name\":\"Paroisse de La BARC\",\"url\":\"https:\\\/\\\/www.eren.ch\\\/barc\\\/\",\"logo\":{\"@type\":\"ImageObject\",\"inLanguage\":\"fr-FR\",\"@id\":\"https:\\\/\\\/www.eren.ch\\\/barc\\\/#\\\/schema\\\/logo\\\/image\\\/\",\"url\":\"https:\\\/\\\/www.eren.ch\\\/barc\\\/wp-content\\\/uploads\\\/sites\\\/4\\\/2020\\\/12\\\/logo-barc.png\",\"contentUrl\":\"https:\\\/\\\/www.eren.ch\\\/barc\\\/wp-content\\\/uploads\\\/sites\\\/4\\\/2020\\\/12\\\/logo-barc.png\",\"width\":240,\"height\":117,\"caption\":\"Paroisse de La BARC\"},\"image\":{\"@id\":\"https:\\\/\\\/www.eren.ch\\\/barc\\\/#\\\/schema\\\/logo\\\/image\\\/\"},\"sameAs\":[\"https:\\\/\\\/www.facebook.com\\\/eglise.EREN\",\"https:\\\/\\\/x.com\\\/egliseeren\",\"https:\\\/\\\/fr.wikipedia.org\\\/wiki\\\/\u00c9glise_r\u00e9form\u00e9e_\u00e9vang\u00e9lique_du_canton_de_Neuch\u00e2tel\"]},{\"@type\":\"Person\",\"@id\":\"https:\\\/\\\/www.eren.ch\\\/barc\\\/#\\\/schema\\\/person\\\/a6cf60fe8c2de024e153662c25c88e9c\",\"name\":\"B\u00e9n\u00e9dicte Gritti\",\"image\":{\"@type\":\"ImageObject\",\"inLanguage\":\"fr-FR\",\"@id\":\"https:\\\/\\\/secure.gravatar.com\\\/avatar\\\/55468d7d80d345c1d6613c21d2de7154f4584ae4420406052af2093fc7f7c5b3?s=96&d=blank&r=g\",\"url\":\"https:\\\/\\\/secure.gravatar.com\\\/avatar\\\/55468d7d80d345c1d6613c21d2de7154f4584ae4420406052af2093fc7f7c5b3?s=96&d=blank&r=g\",\"contentUrl\":\"https:\\\/\\\/secure.gravatar.com\\\/avatar\\\/55468d7d80d345c1d6613c21d2de7154f4584ae4420406052af2093fc7f7c5b3?s=96&d=blank&r=g\",\"caption\":\"B\u00e9n\u00e9dicte Gritti\"},\"url\":\"https:\\\/\\\/www.eren.ch\\\/barc\\\/author\\\/bgritti\\\/\"}]}<\/script>\n<!-- \/ Yoast SEO Premium plugin. -->","yoast_head_json":{"title":"Seigneur, viens! &#8226; Paroisse r\u00e9form\u00e9e de La BARC","description":"Message apport\u00e9 dans le cadre de la c\u00e9l\u00e9bration \u0153cum\u00e9nique d'Entr\u00e9e dans l'Avent. A l'\u00e9glise catholique de Colombier, le 30 novembre 2025 &nbsp; Oh! si tu","robots":{"index":"index","follow":"follow","max-snippet":"max-snippet:-1","max-image-preview":"max-image-preview:large","max-video-preview":"max-video-preview:-1"},"canonical":"https:\/\/www.eren.ch\/barc\/2025\/12\/04\/seigneur-viens\/","og_locale":"fr_FR","og_type":"article","og_title":"Seigneur, viens!","og_description":"Message apport\u00e9 dans le cadre de la c\u00e9l\u00e9bration \u0153cum\u00e9nique d'Entr\u00e9e dans l'Avent. A l'\u00e9glise catholique de Colombier, le 30 novembre 2025 &nbsp; Oh! si tu","og_url":"https:\/\/www.eren.ch\/barc\/2025\/12\/04\/seigneur-viens\/","og_site_name":"Paroisse r\u00e9form\u00e9e de La BARC","article_publisher":"https:\/\/www.facebook.com\/eglise.EREN","article_published_time":"2025-12-04T14:53:29+00:00","article_modified_time":"2025-12-04T15:04:04+00:00","og_image":[{"width":892,"height":700,"url":"https:\/\/www.eren.ch\/barc\/wp-content\/uploads\/sites\/4\/2025\/12\/Capture-decran-2025-12-04-a-15.52.10.png","type":"image\/png"}],"author":"B\u00e9n\u00e9dicte Gritti","twitter_card":"summary_large_image","twitter_creator":"@egliseeren","twitter_site":"@egliseeren","twitter_misc":{"\u00c9crit par":"B\u00e9n\u00e9dicte Gritti","Dur\u00e9e de lecture estim\u00e9e":"6 minutes"},"schema":{"@context":"https:\/\/schema.org","@graph":[{"@type":"Article","@id":"https:\/\/www.eren.ch\/barc\/2025\/12\/04\/seigneur-viens\/#article","isPartOf":{"@id":"https:\/\/www.eren.ch\/barc\/2025\/12\/04\/seigneur-viens\/"},"author":{"name":"B\u00e9n\u00e9dicte Gritti","@id":"https:\/\/www.eren.ch\/barc\/#\/schema\/person\/a6cf60fe8c2de024e153662c25c88e9c"},"headline":"Seigneur, viens!","datePublished":"2025-12-04T14:53:29+00:00","dateModified":"2025-12-04T15:04:04+00:00","mainEntityOfPage":{"@id":"https:\/\/www.eren.ch\/barc\/2025\/12\/04\/seigneur-viens\/"},"wordCount":1755,"publisher":{"@id":"https:\/\/www.eren.ch\/barc\/#organization"},"image":{"@id":"https:\/\/www.eren.ch\/barc\/2025\/12\/04\/seigneur-viens\/#primaryimage"},"thumbnailUrl":"https:\/\/www.eren.ch\/barc\/wp-content\/uploads\/sites\/4\/2025\/12\/Capture-decran-2025-12-04-a-15.52.10.png","articleSection":["Cultes et pr\u00e9dications"],"inLanguage":"fr-FR"},{"@type":"WebPage","@id":"https:\/\/www.eren.ch\/barc\/2025\/12\/04\/seigneur-viens\/","url":"https:\/\/www.eren.ch\/barc\/2025\/12\/04\/seigneur-viens\/","name":"Seigneur, viens! &#8226; Paroisse r\u00e9form\u00e9e de La BARC","isPartOf":{"@id":"https:\/\/www.eren.ch\/barc\/#website"},"primaryImageOfPage":{"@id":"https:\/\/www.eren.ch\/barc\/2025\/12\/04\/seigneur-viens\/#primaryimage"},"image":{"@id":"https:\/\/www.eren.ch\/barc\/2025\/12\/04\/seigneur-viens\/#primaryimage"},"thumbnailUrl":"https:\/\/www.eren.ch\/barc\/wp-content\/uploads\/sites\/4\/2025\/12\/Capture-decran-2025-12-04-a-15.52.10.png","datePublished":"2025-12-04T14:53:29+00:00","dateModified":"2025-12-04T15:04:04+00:00","description":"Message apport\u00e9 dans le cadre de la c\u00e9l\u00e9bration \u0153cum\u00e9nique d'Entr\u00e9e dans l'Avent. A l'\u00e9glise catholique de Colombier, le 30 novembre 2025 &nbsp; Oh! si tu","breadcrumb":{"@id":"https:\/\/www.eren.ch\/barc\/2025\/12\/04\/seigneur-viens\/#breadcrumb"},"inLanguage":"fr-FR","potentialAction":[{"@type":"ReadAction","target":["https:\/\/www.eren.ch\/barc\/2025\/12\/04\/seigneur-viens\/"]}]},{"@type":"ImageObject","inLanguage":"fr-FR","@id":"https:\/\/www.eren.ch\/barc\/2025\/12\/04\/seigneur-viens\/#primaryimage","url":"https:\/\/www.eren.ch\/barc\/wp-content\/uploads\/sites\/4\/2025\/12\/Capture-decran-2025-12-04-a-15.52.10.png","contentUrl":"https:\/\/www.eren.ch\/barc\/wp-content\/uploads\/sites\/4\/2025\/12\/Capture-decran-2025-12-04-a-15.52.10.png","width":892,"height":700},{"@type":"BreadcrumbList","@id":"https:\/\/www.eren.ch\/barc\/2025\/12\/04\/seigneur-viens\/#breadcrumb","itemListElement":[{"@type":"ListItem","position":1,"name":"Accueil","item":"https:\/\/www.eren.ch\/barc\/"},{"@type":"ListItem","position":2,"name":"Seigneur, viens!"}]},{"@type":"WebSite","@id":"https:\/\/www.eren.ch\/barc\/#website","url":"https:\/\/www.eren.ch\/barc\/","name":"Paroisse r\u00e9form\u00e9e de La BARC","description":"B\u00f4le - Auvernier - Rochefort - Colombier","publisher":{"@id":"https:\/\/www.eren.ch\/barc\/#organization"},"potentialAction":[{"@type":"SearchAction","target":{"@type":"EntryPoint","urlTemplate":"https:\/\/www.eren.ch\/barc\/?s={search_term_string}"},"query-input":{"@type":"PropertyValueSpecification","valueRequired":true,"valueName":"search_term_string"}}],"inLanguage":"fr-FR"},{"@type":"Organization","@id":"https:\/\/www.eren.ch\/barc\/#organization","name":"Paroisse de La BARC","url":"https:\/\/www.eren.ch\/barc\/","logo":{"@type":"ImageObject","inLanguage":"fr-FR","@id":"https:\/\/www.eren.ch\/barc\/#\/schema\/logo\/image\/","url":"https:\/\/www.eren.ch\/barc\/wp-content\/uploads\/sites\/4\/2020\/12\/logo-barc.png","contentUrl":"https:\/\/www.eren.ch\/barc\/wp-content\/uploads\/sites\/4\/2020\/12\/logo-barc.png","width":240,"height":117,"caption":"Paroisse de La BARC"},"image":{"@id":"https:\/\/www.eren.ch\/barc\/#\/schema\/logo\/image\/"},"sameAs":["https:\/\/www.facebook.com\/eglise.EREN","https:\/\/x.com\/egliseeren","https:\/\/fr.wikipedia.org\/wiki\/\u00c9glise_r\u00e9form\u00e9e_\u00e9vang\u00e9lique_du_canton_de_Neuch\u00e2tel"]},{"@type":"Person","@id":"https:\/\/www.eren.ch\/barc\/#\/schema\/person\/a6cf60fe8c2de024e153662c25c88e9c","name":"B\u00e9n\u00e9dicte Gritti","image":{"@type":"ImageObject","inLanguage":"fr-FR","@id":"https:\/\/secure.gravatar.com\/avatar\/55468d7d80d345c1d6613c21d2de7154f4584ae4420406052af2093fc7f7c5b3?s=96&d=blank&r=g","url":"https:\/\/secure.gravatar.com\/avatar\/55468d7d80d345c1d6613c21d2de7154f4584ae4420406052af2093fc7f7c5b3?s=96&d=blank&r=g","contentUrl":"https:\/\/secure.gravatar.com\/avatar\/55468d7d80d345c1d6613c21d2de7154f4584ae4420406052af2093fc7f7c5b3?s=96&d=blank&r=g","caption":"B\u00e9n\u00e9dicte Gritti"},"url":"https:\/\/www.eren.ch\/barc\/author\/bgritti\/"}]}},"_links":{"self":[{"href":"https:\/\/www.eren.ch\/barc\/wp-json\/wp\/v2\/posts\/5399","targetHints":{"allow":["GET"]}}],"collection":[{"href":"https:\/\/www.eren.ch\/barc\/wp-json\/wp\/v2\/posts"}],"about":[{"href":"https:\/\/www.eren.ch\/barc\/wp-json\/wp\/v2\/types\/post"}],"author":[{"embeddable":true,"href":"https:\/\/www.eren.ch\/barc\/wp-json\/wp\/v2\/users\/19"}],"replies":[{"embeddable":true,"href":"https:\/\/www.eren.ch\/barc\/wp-json\/wp\/v2\/comments?post=5399"}],"version-history":[{"count":2,"href":"https:\/\/www.eren.ch\/barc\/wp-json\/wp\/v2\/posts\/5399\/revisions"}],"predecessor-version":[{"id":5403,"href":"https:\/\/www.eren.ch\/barc\/wp-json\/wp\/v2\/posts\/5399\/revisions\/5403"}],"wp:featuredmedia":[{"embeddable":true,"href":"https:\/\/www.eren.ch\/barc\/wp-json\/wp\/v2\/media\/5400"}],"wp:attachment":[{"href":"https:\/\/www.eren.ch\/barc\/wp-json\/wp\/v2\/media?parent=5399"}],"wp:term":[{"taxonomy":"category","embeddable":true,"href":"https:\/\/www.eren.ch\/barc\/wp-json\/wp\/v2\/categories?post=5399"},{"taxonomy":"post_tag","embeddable":true,"href":"https:\/\/www.eren.ch\/barc\/wp-json\/wp\/v2\/tags?post=5399"}],"curies":[{"name":"wp","href":"https:\/\/api.w.org\/{rel}","templated":true}]}}