{"id":3522,"date":"2025-11-28T08:00:00","date_gmt":"2025-11-28T07:00:00","guid":{"rendered":"https:\/\/www.eren.ch\/cote\/?p=3522"},"modified":"2026-02-21T07:07:12","modified_gmt":"2026-02-21T06:07:12","slug":"soiree-the-chosen","status":"publish","type":"post","link":"https:\/\/www.eren.ch\/cote\/soiree-the-chosen\/","title":{"rendered":"(pass\u00e9) Soir\u00e9e \u00ab\u00a0The Chosen\u00a0\u00bb, visionner ensemble la s\u00e9rie"},"content":{"rendered":"\n<p>\u00ab\u00a0The Chosen\u00a0\u00bb (en fran\u00e7ais, \u00ab\u00a0Les \u00c9lus\u00a0\u00bb) est une s\u00e9rie t\u00e9l\u00e9vis\u00e9e am\u00e9ricaine qui retrace la vie de J\u00e9sus-Christ. Quatre soir\u00e9es sont propos\u00e9es pour visionner ensemble la troisi\u00e8me saison de cette s\u00e9rie-\u00e9v\u00e9nement sur un grand \u00e9cran install\u00e9 dans la grande salle de la <a href=\"https:\/\/www.eren.ch\/cote\/maison-de-paroisse-de-peseux\/\">maison de paroisse de Peseux<\/a>. Bienvenue \u00e0 tous et toutes !<\/p>\n\n\n\n<p class=\"has-text-align-center\"><strong>Mercredis 28 janvier, et 4, 11 et 18 f\u00e9vrier, de 19h \u00e0 21h<br>\u00e0 la maison de paroisse de Peseux (rue des Granges 8)<\/strong><\/p>\n\n\n\n<figure class=\"wp-block-image size-large\"><img decoding=\"async\" width=\"1024\" height=\"540\" src=\"https:\/\/www.eren.ch\/cote\/wp-content\/uploads\/sites\/5\/2025\/01\/Capture-decran-2025-12-26-a-16.58.55-1024x540.png\" alt=\"\" class=\"wp-image-4147\" srcset=\"https:\/\/www.eren.ch\/cote\/wp-content\/uploads\/sites\/5\/2025\/01\/Capture-decran-2025-12-26-a-16.58.55-1024x540.png 1024w, https:\/\/www.eren.ch\/cote\/wp-content\/uploads\/sites\/5\/2025\/01\/Capture-decran-2025-12-26-a-16.58.55-300x158.png 300w, https:\/\/www.eren.ch\/cote\/wp-content\/uploads\/sites\/5\/2025\/01\/Capture-decran-2025-12-26-a-16.58.55-768x405.png 768w, https:\/\/www.eren.ch\/cote\/wp-content\/uploads\/sites\/5\/2025\/01\/Capture-decran-2025-12-26-a-16.58.55-1536x810.png 1536w, https:\/\/www.eren.ch\/cote\/wp-content\/uploads\/sites\/5\/2025\/01\/Capture-decran-2025-12-26-a-16.58.55-1200x633.png 1200w, https:\/\/www.eren.ch\/cote\/wp-content\/uploads\/sites\/5\/2025\/01\/Capture-decran-2025-12-26-a-16.58.55.png 1988w\" sizes=\"(max-width: 709px) 85vw, (max-width: 909px) 67vw, (max-width: 1362px) 62vw, 840px\" \/><\/figure>\n\n\n\n<p><\/p>\n","protected":false},"excerpt":{"rendered":"<p>\u00ab\u00a0The Chosen\u00a0\u00bb (en fran\u00e7ais, \u00ab\u00a0Les \u00c9lus\u00a0\u00bb) est une s\u00e9rie t\u00e9l\u00e9vis\u00e9e am\u00e9ricaine qui retrace la vie de J\u00e9sus-Christ. Quatre soir\u00e9es sont propos\u00e9es pour visionner ensemble la troisi\u00e8me saison de cette s\u00e9rie-\u00e9v\u00e9nement sur un grand \u00e9cran install\u00e9 dans la grande salle de la maison de paroisse de Peseux. Bienvenue \u00e0 tous et toutes ! Mercredis 28 janvier, &hellip; <a href=\"https:\/\/www.eren.ch\/cote\/soiree-the-chosen\/\" class=\"more-link\">Continuer la lecture<span class=\"screen-reader-text\"> de &laquo;&nbsp;(pass\u00e9) Soir\u00e9e \u00ab\u00a0The Chosen\u00a0\u00bb, visionner ensemble la s\u00e9rie&nbsp;&raquo;<\/span><\/a><\/p>\n","protected":false},"author":6,"featured_media":0,"comment_status":"closed","ping_status":"closed","sticky":false,"template":"","format":"standard","meta":{"footnotes":""},"categories":[4],"tags":[],"class_list":["post-3522","post","type-post","status-publish","format-standard","hentry","category-actualites"],"yoast_head":"<!-- This site is optimized with the Yoast SEO Premium plugin v27.4 (Yoast SEO v27.4) - https:\/\/yoast.com\/product\/yoast-seo-premium-wordpress\/ -->\n<title>(pass\u00e9) Soir\u00e9e &quot;The Chosen&quot;, visionner ensemble la s\u00e9rie - Paroisse de la C\u00f4te<\/title>\n<meta name=\"description\" content=\"&quot;The Chosen&quot; (en fran\u00e7ais, &quot;Les \u00c9lus&quot;) est une s\u00e9rie t\u00e9l\u00e9vis\u00e9e am\u00e9ricaine qui retrace la vie de J\u00e9sus-Christ. Quatre soir\u00e9es sont propos\u00e9es pour visionner\" \/>\n<meta name=\"robots\" content=\"index, follow, max-snippet:-1, max-image-preview:large, max-video-preview:-1\" \/>\n<link rel=\"canonical\" href=\"https:\/\/www.eren.ch\/cote\/soiree-the-chosen\/\" \/>\n<meta property=\"og:locale\" content=\"fr_FR\" \/>\n<meta property=\"og:type\" content=\"article\" \/>\n<meta property=\"og:title\" content=\"(pass\u00e9) Soir\u00e9e &quot;The Chosen&quot;, visionner ensemble la s\u00e9rie\" \/>\n<meta property=\"og:description\" content=\"&quot;The Chosen&quot; (en fran\u00e7ais, &quot;Les \u00c9lus&quot;) est une s\u00e9rie t\u00e9l\u00e9vis\u00e9e am\u00e9ricaine qui retrace la vie de J\u00e9sus-Christ. Quatre soir\u00e9es sont propos\u00e9es pour visionner\" \/>\n<meta property=\"og:url\" content=\"https:\/\/www.eren.ch\/cote\/soiree-the-chosen\/\" \/>\n<meta property=\"og:site_name\" content=\"Paroisse de la C\u00f4te\" \/>\n<meta property=\"article:publisher\" content=\"https:\/\/www.facebook.com\/eglise.EREN\" \/>\n<meta property=\"article:published_time\" content=\"2025-11-28T07:00:00+00:00\" \/>\n<meta property=\"article:modified_time\" content=\"2026-02-21T06:07:12+00:00\" \/>\n<meta property=\"og:image\" content=\"https:\/\/www.eren.ch\/cote\/wp-content\/uploads\/sites\/5\/2025\/01\/Capture-decran-2025-12-26-a-16.58.55-1024x540.png\" \/>\n\t<meta property=\"og:image:width\" content=\"1024\" \/>\n\t<meta property=\"og:image:height\" content=\"540\" \/>\n\t<meta property=\"og:image:type\" content=\"image\/png\" \/>\n<meta name=\"author\" content=\"Hyonou Paik\" \/>\n<meta name=\"twitter:card\" content=\"summary_large_image\" \/>\n<meta name=\"twitter:creator\" content=\"@EgliseEREN\" \/>\n<meta name=\"twitter:site\" content=\"@EgliseEREN\" \/>\n<meta name=\"twitter:label1\" content=\"\u00c9crit par\" \/>\n\t<meta name=\"twitter:data1\" content=\"Hyonou Paik\" \/>\n\t<meta name=\"twitter:label2\" content=\"Dur\u00e9e de lecture estim\u00e9e\" \/>\n\t<meta name=\"twitter:data2\" content=\"1 minute\" \/>\n<script type=\"application\/ld+json\" class=\"yoast-schema-graph\">{\"@context\":\"https:\\\/\\\/schema.org\",\"@graph\":[{\"@type\":\"Article\",\"@id\":\"https:\\\/\\\/www.eren.ch\\\/cote\\\/soiree-the-chosen\\\/#article\",\"isPartOf\":{\"@id\":\"https:\\\/\\\/www.eren.ch\\\/cote\\\/soiree-the-chosen\\\/\"},\"author\":{\"name\":\"Hyonou Paik\",\"@id\":\"https:\\\/\\\/www.eren.ch\\\/cote\\\/#\\\/schema\\\/person\\\/17bb5d37a61e4d0d9a5eca957e1ab061\"},\"headline\":\"(pass\u00e9) Soir\u00e9e \u00ab\u00a0The Chosen\u00a0\u00bb, visionner ensemble la s\u00e9rie\",\"datePublished\":\"2025-11-28T07:00:00+00:00\",\"dateModified\":\"2026-02-21T06:07:12+00:00\",\"mainEntityOfPage\":{\"@id\":\"https:\\\/\\\/www.eren.ch\\\/cote\\\/soiree-the-chosen\\\/\"},\"wordCount\":91,\"publisher\":{\"@id\":\"https:\\\/\\\/www.eren.ch\\\/cote\\\/#organization\"},\"image\":{\"@id\":\"https:\\\/\\\/www.eren.ch\\\/cote\\\/soiree-the-chosen\\\/#primaryimage\"},\"thumbnailUrl\":\"https:\\\/\\\/www.eren.ch\\\/cote\\\/wp-content\\\/uploads\\\/sites\\\/5\\\/2025\\\/01\\\/Capture-decran-2025-12-26-a-16.58.55-1024x540.png\",\"articleSection\":[\"Actualit\u00e9s\"],\"inLanguage\":\"fr-FR\"},{\"@type\":\"WebPage\",\"@id\":\"https:\\\/\\\/www.eren.ch\\\/cote\\\/soiree-the-chosen\\\/\",\"url\":\"https:\\\/\\\/www.eren.ch\\\/cote\\\/soiree-the-chosen\\\/\",\"name\":\"(pass\u00e9) Soir\u00e9e \\\"The Chosen\\\", visionner ensemble la s\u00e9rie - Paroisse de la C\u00f4te\",\"isPartOf\":{\"@id\":\"https:\\\/\\\/www.eren.ch\\\/cote\\\/#website\"},\"primaryImageOfPage\":{\"@id\":\"https:\\\/\\\/www.eren.ch\\\/cote\\\/soiree-the-chosen\\\/#primaryimage\"},\"image\":{\"@id\":\"https:\\\/\\\/www.eren.ch\\\/cote\\\/soiree-the-chosen\\\/#primaryimage\"},\"thumbnailUrl\":\"https:\\\/\\\/www.eren.ch\\\/cote\\\/wp-content\\\/uploads\\\/sites\\\/5\\\/2025\\\/01\\\/Capture-decran-2025-12-26-a-16.58.55-1024x540.png\",\"datePublished\":\"2025-11-28T07:00:00+00:00\",\"dateModified\":\"2026-02-21T06:07:12+00:00\",\"description\":\"\\\"The Chosen\\\" (en fran\u00e7ais, \\\"Les \u00c9lus\\\") est une s\u00e9rie t\u00e9l\u00e9vis\u00e9e am\u00e9ricaine qui retrace la vie de J\u00e9sus-Christ. Quatre soir\u00e9es sont propos\u00e9es pour visionner\",\"breadcrumb\":{\"@id\":\"https:\\\/\\\/www.eren.ch\\\/cote\\\/soiree-the-chosen\\\/#breadcrumb\"},\"inLanguage\":\"fr-FR\",\"potentialAction\":[{\"@type\":\"ReadAction\",\"target\":[\"https:\\\/\\\/www.eren.ch\\\/cote\\\/soiree-the-chosen\\\/\"]}]},{\"@type\":\"ImageObject\",\"inLanguage\":\"fr-FR\",\"@id\":\"https:\\\/\\\/www.eren.ch\\\/cote\\\/soiree-the-chosen\\\/#primaryimage\",\"url\":\"https:\\\/\\\/www.eren.ch\\\/cote\\\/wp-content\\\/uploads\\\/sites\\\/5\\\/2025\\\/01\\\/Capture-decran-2025-12-26-a-16.58.55.png\",\"contentUrl\":\"https:\\\/\\\/www.eren.ch\\\/cote\\\/wp-content\\\/uploads\\\/sites\\\/5\\\/2025\\\/01\\\/Capture-decran-2025-12-26-a-16.58.55.png\",\"width\":1988,\"height\":1048},{\"@type\":\"BreadcrumbList\",\"@id\":\"https:\\\/\\\/www.eren.ch\\\/cote\\\/soiree-the-chosen\\\/#breadcrumb\",\"itemListElement\":[{\"@type\":\"ListItem\",\"position\":1,\"name\":\"Accueil\",\"item\":\"https:\\\/\\\/www.eren.ch\\\/cote\\\/\"},{\"@type\":\"ListItem\",\"position\":2,\"name\":\"(pass\u00e9) Soir\u00e9e \u00ab\u00a0The Chosen\u00a0\u00bb, visionner ensemble la s\u00e9rie\"}]},{\"@type\":\"WebSite\",\"@id\":\"https:\\\/\\\/www.eren.ch\\\/cote\\\/#website\",\"url\":\"https:\\\/\\\/www.eren.ch\\\/cote\\\/\",\"name\":\"Paroisse de la C\u00f4te\",\"description\":\"La pr\u00e9sence protestante reconnue \u00e0 Peseux et Corcelles-Cormondr\u00e8che\",\"publisher\":{\"@id\":\"https:\\\/\\\/www.eren.ch\\\/cote\\\/#organization\"},\"potentialAction\":[{\"@type\":\"SearchAction\",\"target\":{\"@type\":\"EntryPoint\",\"urlTemplate\":\"https:\\\/\\\/www.eren.ch\\\/cote\\\/?s={search_term_string}\"},\"query-input\":{\"@type\":\"PropertyValueSpecification\",\"valueRequired\":true,\"valueName\":\"search_term_string\"}}],\"inLanguage\":\"fr-FR\"},{\"@type\":\"Organization\",\"@id\":\"https:\\\/\\\/www.eren.ch\\\/cote\\\/#organization\",\"name\":\"Paroisse de La C\u00f4te\",\"url\":\"https:\\\/\\\/www.eren.ch\\\/cote\\\/\",\"logo\":{\"@type\":\"ImageObject\",\"inLanguage\":\"fr-FR\",\"@id\":\"https:\\\/\\\/www.eren.ch\\\/cote\\\/#\\\/schema\\\/logo\\\/image\\\/\",\"url\":\"https:\\\/\\\/www.eren.ch\\\/cote\\\/wp-content\\\/uploads\\\/sites\\\/5\\\/2019\\\/10\\\/logo-eren-carre.jpg\",\"contentUrl\":\"https:\\\/\\\/www.eren.ch\\\/cote\\\/wp-content\\\/uploads\\\/sites\\\/5\\\/2019\\\/10\\\/logo-eren-carre.jpg\",\"width\":512,\"height\":512,\"caption\":\"Paroisse de La C\u00f4te\"},\"image\":{\"@id\":\"https:\\\/\\\/www.eren.ch\\\/cote\\\/#\\\/schema\\\/logo\\\/image\\\/\"},\"sameAs\":[\"https:\\\/\\\/www.facebook.com\\\/eglise.EREN\",\"https:\\\/\\\/x.com\\\/EgliseEREN\",\"https:\\\/\\\/fr.wikipedia.org\\\/wiki\\\/\u00c9glise_r\u00e9form\u00e9e_\u00e9vang\u00e9lique_du_canton_de_Neuch\u00e2tel\"]},{\"@type\":\"Person\",\"@id\":\"https:\\\/\\\/www.eren.ch\\\/cote\\\/#\\\/schema\\\/person\\\/17bb5d37a61e4d0d9a5eca957e1ab061\",\"name\":\"Hyonou Paik\",\"image\":{\"@type\":\"ImageObject\",\"inLanguage\":\"fr-FR\",\"@id\":\"https:\\\/\\\/secure.gravatar.com\\\/avatar\\\/a4f79282244992058446eadb73490016939e53e9919ac01aa975800a876eb098?s=96&d=mm&r=g\",\"url\":\"https:\\\/\\\/secure.gravatar.com\\\/avatar\\\/a4f79282244992058446eadb73490016939e53e9919ac01aa975800a876eb098?s=96&d=mm&r=g\",\"contentUrl\":\"https:\\\/\\\/secure.gravatar.com\\\/avatar\\\/a4f79282244992058446eadb73490016939e53e9919ac01aa975800a876eb098?s=96&d=mm&r=g\",\"caption\":\"Hyonou Paik\"},\"url\":\"https:\\\/\\\/www.eren.ch\\\/cote\\\/author\\\/hpaik\\\/\"}]}<\/script>\n<!-- \/ Yoast SEO Premium plugin. -->","yoast_head_json":{"title":"(pass\u00e9) Soir\u00e9e \"The Chosen\", visionner ensemble la s\u00e9rie - Paroisse de la C\u00f4te","description":"\"The Chosen\" (en fran\u00e7ais, \"Les \u00c9lus\") est une s\u00e9rie t\u00e9l\u00e9vis\u00e9e am\u00e9ricaine qui retrace la vie de J\u00e9sus-Christ. Quatre soir\u00e9es sont propos\u00e9es pour visionner","robots":{"index":"index","follow":"follow","max-snippet":"max-snippet:-1","max-image-preview":"max-image-preview:large","max-video-preview":"max-video-preview:-1"},"canonical":"https:\/\/www.eren.ch\/cote\/soiree-the-chosen\/","og_locale":"fr_FR","og_type":"article","og_title":"(pass\u00e9) Soir\u00e9e \"The Chosen\", visionner ensemble la s\u00e9rie","og_description":"\"The Chosen\" (en fran\u00e7ais, \"Les \u00c9lus\") est une s\u00e9rie t\u00e9l\u00e9vis\u00e9e am\u00e9ricaine qui retrace la vie de J\u00e9sus-Christ. Quatre soir\u00e9es sont propos\u00e9es pour visionner","og_url":"https:\/\/www.eren.ch\/cote\/soiree-the-chosen\/","og_site_name":"Paroisse de la C\u00f4te","article_publisher":"https:\/\/www.facebook.com\/eglise.EREN","article_published_time":"2025-11-28T07:00:00+00:00","article_modified_time":"2026-02-21T06:07:12+00:00","og_image":[{"width":1024,"height":540,"url":"https:\/\/www.eren.ch\/cote\/wp-content\/uploads\/sites\/5\/2025\/01\/Capture-decran-2025-12-26-a-16.58.55-1024x540.png","type":"image\/png"}],"author":"Hyonou Paik","twitter_card":"summary_large_image","twitter_creator":"@EgliseEREN","twitter_site":"@EgliseEREN","twitter_misc":{"\u00c9crit par":"Hyonou Paik","Dur\u00e9e de lecture estim\u00e9e":"1 minute"},"schema":{"@context":"https:\/\/schema.org","@graph":[{"@type":"Article","@id":"https:\/\/www.eren.ch\/cote\/soiree-the-chosen\/#article","isPartOf":{"@id":"https:\/\/www.eren.ch\/cote\/soiree-the-chosen\/"},"author":{"name":"Hyonou Paik","@id":"https:\/\/www.eren.ch\/cote\/#\/schema\/person\/17bb5d37a61e4d0d9a5eca957e1ab061"},"headline":"(pass\u00e9) Soir\u00e9e \u00ab\u00a0The Chosen\u00a0\u00bb, visionner ensemble la s\u00e9rie","datePublished":"2025-11-28T07:00:00+00:00","dateModified":"2026-02-21T06:07:12+00:00","mainEntityOfPage":{"@id":"https:\/\/www.eren.ch\/cote\/soiree-the-chosen\/"},"wordCount":91,"publisher":{"@id":"https:\/\/www.eren.ch\/cote\/#organization"},"image":{"@id":"https:\/\/www.eren.ch\/cote\/soiree-the-chosen\/#primaryimage"},"thumbnailUrl":"https:\/\/www.eren.ch\/cote\/wp-content\/uploads\/sites\/5\/2025\/01\/Capture-decran-2025-12-26-a-16.58.55-1024x540.png","articleSection":["Actualit\u00e9s"],"inLanguage":"fr-FR"},{"@type":"WebPage","@id":"https:\/\/www.eren.ch\/cote\/soiree-the-chosen\/","url":"https:\/\/www.eren.ch\/cote\/soiree-the-chosen\/","name":"(pass\u00e9) Soir\u00e9e \"The Chosen\", visionner ensemble la s\u00e9rie - Paroisse de la C\u00f4te","isPartOf":{"@id":"https:\/\/www.eren.ch\/cote\/#website"},"primaryImageOfPage":{"@id":"https:\/\/www.eren.ch\/cote\/soiree-the-chosen\/#primaryimage"},"image":{"@id":"https:\/\/www.eren.ch\/cote\/soiree-the-chosen\/#primaryimage"},"thumbnailUrl":"https:\/\/www.eren.ch\/cote\/wp-content\/uploads\/sites\/5\/2025\/01\/Capture-decran-2025-12-26-a-16.58.55-1024x540.png","datePublished":"2025-11-28T07:00:00+00:00","dateModified":"2026-02-21T06:07:12+00:00","description":"\"The Chosen\" (en fran\u00e7ais, \"Les \u00c9lus\") est une s\u00e9rie t\u00e9l\u00e9vis\u00e9e am\u00e9ricaine qui retrace la vie de J\u00e9sus-Christ. Quatre soir\u00e9es sont propos\u00e9es pour visionner","breadcrumb":{"@id":"https:\/\/www.eren.ch\/cote\/soiree-the-chosen\/#breadcrumb"},"inLanguage":"fr-FR","potentialAction":[{"@type":"ReadAction","target":["https:\/\/www.eren.ch\/cote\/soiree-the-chosen\/"]}]},{"@type":"ImageObject","inLanguage":"fr-FR","@id":"https:\/\/www.eren.ch\/cote\/soiree-the-chosen\/#primaryimage","url":"https:\/\/www.eren.ch\/cote\/wp-content\/uploads\/sites\/5\/2025\/01\/Capture-decran-2025-12-26-a-16.58.55.png","contentUrl":"https:\/\/www.eren.ch\/cote\/wp-content\/uploads\/sites\/5\/2025\/01\/Capture-decran-2025-12-26-a-16.58.55.png","width":1988,"height":1048},{"@type":"BreadcrumbList","@id":"https:\/\/www.eren.ch\/cote\/soiree-the-chosen\/#breadcrumb","itemListElement":[{"@type":"ListItem","position":1,"name":"Accueil","item":"https:\/\/www.eren.ch\/cote\/"},{"@type":"ListItem","position":2,"name":"(pass\u00e9) Soir\u00e9e \u00ab\u00a0The Chosen\u00a0\u00bb, visionner ensemble la s\u00e9rie"}]},{"@type":"WebSite","@id":"https:\/\/www.eren.ch\/cote\/#website","url":"https:\/\/www.eren.ch\/cote\/","name":"Paroisse de la C\u00f4te","description":"La pr\u00e9sence protestante reconnue \u00e0 Peseux et Corcelles-Cormondr\u00e8che","publisher":{"@id":"https:\/\/www.eren.ch\/cote\/#organization"},"potentialAction":[{"@type":"SearchAction","target":{"@type":"EntryPoint","urlTemplate":"https:\/\/www.eren.ch\/cote\/?s={search_term_string}"},"query-input":{"@type":"PropertyValueSpecification","valueRequired":true,"valueName":"search_term_string"}}],"inLanguage":"fr-FR"},{"@type":"Organization","@id":"https:\/\/www.eren.ch\/cote\/#organization","name":"Paroisse de La C\u00f4te","url":"https:\/\/www.eren.ch\/cote\/","logo":{"@type":"ImageObject","inLanguage":"fr-FR","@id":"https:\/\/www.eren.ch\/cote\/#\/schema\/logo\/image\/","url":"https:\/\/www.eren.ch\/cote\/wp-content\/uploads\/sites\/5\/2019\/10\/logo-eren-carre.jpg","contentUrl":"https:\/\/www.eren.ch\/cote\/wp-content\/uploads\/sites\/5\/2019\/10\/logo-eren-carre.jpg","width":512,"height":512,"caption":"Paroisse de La C\u00f4te"},"image":{"@id":"https:\/\/www.eren.ch\/cote\/#\/schema\/logo\/image\/"},"sameAs":["https:\/\/www.facebook.com\/eglise.EREN","https:\/\/x.com\/EgliseEREN","https:\/\/fr.wikipedia.org\/wiki\/\u00c9glise_r\u00e9form\u00e9e_\u00e9vang\u00e9lique_du_canton_de_Neuch\u00e2tel"]},{"@type":"Person","@id":"https:\/\/www.eren.ch\/cote\/#\/schema\/person\/17bb5d37a61e4d0d9a5eca957e1ab061","name":"Hyonou Paik","image":{"@type":"ImageObject","inLanguage":"fr-FR","@id":"https:\/\/secure.gravatar.com\/avatar\/a4f79282244992058446eadb73490016939e53e9919ac01aa975800a876eb098?s=96&d=mm&r=g","url":"https:\/\/secure.gravatar.com\/avatar\/a4f79282244992058446eadb73490016939e53e9919ac01aa975800a876eb098?s=96&d=mm&r=g","contentUrl":"https:\/\/secure.gravatar.com\/avatar\/a4f79282244992058446eadb73490016939e53e9919ac01aa975800a876eb098?s=96&d=mm&r=g","caption":"Hyonou Paik"},"url":"https:\/\/www.eren.ch\/cote\/author\/hpaik\/"}]}},"_links":{"self":[{"href":"https:\/\/www.eren.ch\/cote\/wp-json\/wp\/v2\/posts\/3522","targetHints":{"allow":["GET"]}}],"collection":[{"href":"https:\/\/www.eren.ch\/cote\/wp-json\/wp\/v2\/posts"}],"about":[{"href":"https:\/\/www.eren.ch\/cote\/wp-json\/wp\/v2\/types\/post"}],"author":[{"embeddable":true,"href":"https:\/\/www.eren.ch\/cote\/wp-json\/wp\/v2\/users\/6"}],"replies":[{"embeddable":true,"href":"https:\/\/www.eren.ch\/cote\/wp-json\/wp\/v2\/comments?post=3522"}],"version-history":[{"count":0,"href":"https:\/\/www.eren.ch\/cote\/wp-json\/wp\/v2\/posts\/3522\/revisions"}],"wp:attachment":[{"href":"https:\/\/www.eren.ch\/cote\/wp-json\/wp\/v2\/media?parent=3522"}],"wp:term":[{"taxonomy":"category","embeddable":true,"href":"https:\/\/www.eren.ch\/cote\/wp-json\/wp\/v2\/categories?post=3522"},{"taxonomy":"post_tag","embeddable":true,"href":"https:\/\/www.eren.ch\/cote\/wp-json\/wp\/v2\/tags?post=3522"}],"curies":[{"name":"wp","href":"https:\/\/api.w.org\/{rel}","templated":true}]}}