{"id":158,"date":"2015-11-16T12:02:53","date_gmt":"2015-11-16T11:02:53","guid":{"rendered":"https:\/\/www.eren.ch\/documentation\/?p=158"},"modified":"2016-11-01T20:00:58","modified_gmt":"2016-11-01T19:00:58","slug":"photos-de-la-ceremonie-de-consecration-2015","status":"publish","type":"post","link":"https:\/\/www.eren.ch\/documentation\/2015\/11\/16\/photos-de-la-ceremonie-de-consecration-2015\/","title":{"rendered":"Photos de la c\u00e9r\u00e9monie de cons\u00e9cration 2015"},"content":{"rendered":"<p>Photos: Guillaume Noguera<\/p>\n<div id='gallery-1' class='gallery galleryid-158 gallery-columns-4 gallery-size-thumbnail'><figure class='gallery-item'>\n\t\t\t<div class='gallery-icon landscape'>\n\t\t\t\t<a href='https:\/\/www.eren.ch\/documentation\/wp-content\/uploads\/sites\/2\/2015\/11\/consecration-2015-001.jpg'><img loading=\"lazy\" decoding=\"async\" width=\"150\" height=\"150\" src=\"https:\/\/www.eren.ch\/documentation\/wp-content\/uploads\/sites\/2\/2015\/11\/consecration-2015-001-150x150.jpg\" class=\"attachment-thumbnail size-thumbnail\" alt=\"\" \/><\/a>\n\t\t\t<\/div><\/figure><figure class='gallery-item'>\n\t\t\t<div class='gallery-icon landscape'>\n\t\t\t\t<a href='https:\/\/www.eren.ch\/documentation\/wp-content\/uploads\/sites\/2\/2015\/11\/consecration-2015-002.jpg'><img loading=\"lazy\" decoding=\"async\" width=\"150\" height=\"150\" src=\"https:\/\/www.eren.ch\/documentation\/wp-content\/uploads\/sites\/2\/2015\/11\/consecration-2015-002-150x150.jpg\" class=\"attachment-thumbnail size-thumbnail\" alt=\"\" \/><\/a>\n\t\t\t<\/div><\/figure><figure class='gallery-item'>\n\t\t\t<div class='gallery-icon landscape'>\n\t\t\t\t<a href='https:\/\/www.eren.ch\/documentation\/wp-content\/uploads\/sites\/2\/2015\/11\/consecration-2015-003.jpg'><img loading=\"lazy\" decoding=\"async\" width=\"150\" height=\"150\" src=\"https:\/\/www.eren.ch\/documentation\/wp-content\/uploads\/sites\/2\/2015\/11\/consecration-2015-003-150x150.jpg\" class=\"attachment-thumbnail size-thumbnail\" alt=\"\" \/><\/a>\n\t\t\t<\/div><\/figure><figure class='gallery-item'>\n\t\t\t<div class='gallery-icon landscape'>\n\t\t\t\t<a href='https:\/\/www.eren.ch\/documentation\/wp-content\/uploads\/sites\/2\/2015\/11\/consecration-2015-004.jpg'><img loading=\"lazy\" decoding=\"async\" width=\"150\" height=\"150\" src=\"https:\/\/www.eren.ch\/documentation\/wp-content\/uploads\/sites\/2\/2015\/11\/consecration-2015-004-150x150.jpg\" class=\"attachment-thumbnail size-thumbnail\" alt=\"\" \/><\/a>\n\t\t\t<\/div><\/figure><figure class='gallery-item'>\n\t\t\t<div class='gallery-icon landscape'>\n\t\t\t\t<a href='https:\/\/www.eren.ch\/documentation\/wp-content\/uploads\/sites\/2\/2015\/11\/consecration-2015-005.jpg'><img loading=\"lazy\" decoding=\"async\" width=\"150\" height=\"150\" src=\"https:\/\/www.eren.ch\/documentation\/wp-content\/uploads\/sites\/2\/2015\/11\/consecration-2015-005-150x150.jpg\" class=\"attachment-thumbnail size-thumbnail\" alt=\"\" \/><\/a>\n\t\t\t<\/div><\/figure><figure class='gallery-item'>\n\t\t\t<div class='gallery-icon landscape'>\n\t\t\t\t<a href='https:\/\/www.eren.ch\/documentation\/wp-content\/uploads\/sites\/2\/2015\/11\/consecration-2015-006.jpg'><img loading=\"lazy\" decoding=\"async\" width=\"150\" height=\"150\" src=\"https:\/\/www.eren.ch\/documentation\/wp-content\/uploads\/sites\/2\/2015\/11\/consecration-2015-006-150x150.jpg\" class=\"attachment-thumbnail size-thumbnail\" alt=\"\" \/><\/a>\n\t\t\t<\/div><\/figure><figure class='gallery-item'>\n\t\t\t<div class='gallery-icon landscape'>\n\t\t\t\t<a href='https:\/\/www.eren.ch\/documentation\/wp-content\/uploads\/sites\/2\/2015\/11\/consecration-2015-007.jpg'><img loading=\"lazy\" decoding=\"async\" width=\"150\" height=\"150\" src=\"https:\/\/www.eren.ch\/documentation\/wp-content\/uploads\/sites\/2\/2015\/11\/consecration-2015-007-150x150.jpg\" class=\"attachment-thumbnail size-thumbnail\" alt=\"\" \/><\/a>\n\t\t\t<\/div><\/figure><figure class='gallery-item'>\n\t\t\t<div class='gallery-icon landscape'>\n\t\t\t\t<a href='https:\/\/www.eren.ch\/documentation\/wp-content\/uploads\/sites\/2\/2015\/11\/consecration-2015-008.jpg'><img loading=\"lazy\" decoding=\"async\" width=\"150\" height=\"150\" src=\"https:\/\/www.eren.ch\/documentation\/wp-content\/uploads\/sites\/2\/2015\/11\/consecration-2015-008-150x150.jpg\" class=\"attachment-thumbnail size-thumbnail\" alt=\"\" \/><\/a>\n\t\t\t<\/div><\/figure><figure class='gallery-item'>\n\t\t\t<div class='gallery-icon landscape'>\n\t\t\t\t<a href='https:\/\/www.eren.ch\/documentation\/wp-content\/uploads\/sites\/2\/2015\/11\/consecration-2015-011.jpg'><img loading=\"lazy\" decoding=\"async\" width=\"150\" height=\"150\" src=\"https:\/\/www.eren.ch\/documentation\/wp-content\/uploads\/sites\/2\/2015\/11\/consecration-2015-011-150x150.jpg\" class=\"attachment-thumbnail size-thumbnail\" alt=\"\" \/><\/a>\n\t\t\t<\/div><\/figure><figure class='gallery-item'>\n\t\t\t<div class='gallery-icon landscape'>\n\t\t\t\t<a href='https:\/\/www.eren.ch\/documentation\/wp-content\/uploads\/sites\/2\/2015\/11\/consecration-2015-012.jpg'><img loading=\"lazy\" decoding=\"async\" width=\"150\" height=\"150\" src=\"https:\/\/www.eren.ch\/documentation\/wp-content\/uploads\/sites\/2\/2015\/11\/consecration-2015-012-150x150.jpg\" class=\"attachment-thumbnail size-thumbnail\" alt=\"\" \/><\/a>\n\t\t\t<\/div><\/figure><figure class='gallery-item'>\n\t\t\t<div class='gallery-icon landscape'>\n\t\t\t\t<a href='https:\/\/www.eren.ch\/documentation\/wp-content\/uploads\/sites\/2\/2015\/11\/consecration-2015-013.jpg'><img loading=\"lazy\" decoding=\"async\" width=\"150\" height=\"150\" src=\"https:\/\/www.eren.ch\/documentation\/wp-content\/uploads\/sites\/2\/2015\/11\/consecration-2015-013-150x150.jpg\" class=\"attachment-thumbnail size-thumbnail\" alt=\"\" \/><\/a>\n\t\t\t<\/div><\/figure><figure class='gallery-item'>\n\t\t\t<div class='gallery-icon portrait'>\n\t\t\t\t<a href='https:\/\/www.eren.ch\/documentation\/wp-content\/uploads\/sites\/2\/2015\/11\/consecration-2015-014.jpg'><img loading=\"lazy\" decoding=\"async\" width=\"150\" height=\"150\" src=\"https:\/\/www.eren.ch\/documentation\/wp-content\/uploads\/sites\/2\/2015\/11\/consecration-2015-014-150x150.jpg\" class=\"attachment-thumbnail size-thumbnail\" alt=\"\" \/><\/a>\n\t\t\t<\/div><\/figure><figure class='gallery-item'>\n\t\t\t<div class='gallery-icon portrait'>\n\t\t\t\t<a href='https:\/\/www.eren.ch\/documentation\/wp-content\/uploads\/sites\/2\/2015\/11\/consecration-2015-015.jpg'><img loading=\"lazy\" decoding=\"async\" width=\"150\" height=\"150\" src=\"https:\/\/www.eren.ch\/documentation\/wp-content\/uploads\/sites\/2\/2015\/11\/consecration-2015-015-150x150.jpg\" class=\"attachment-thumbnail size-thumbnail\" alt=\"\" \/><\/a>\n\t\t\t<\/div><\/figure><figure class='gallery-item'>\n\t\t\t<div class='gallery-icon landscape'>\n\t\t\t\t<a href='https:\/\/www.eren.ch\/documentation\/wp-content\/uploads\/sites\/2\/2015\/11\/consecration-2015-016.jpg'><img loading=\"lazy\" decoding=\"async\" width=\"150\" height=\"150\" src=\"https:\/\/www.eren.ch\/documentation\/wp-content\/uploads\/sites\/2\/2015\/11\/consecration-2015-016-150x150.jpg\" class=\"attachment-thumbnail size-thumbnail\" alt=\"\" \/><\/a>\n\t\t\t<\/div><\/figure><figure class='gallery-item'>\n\t\t\t<div class='gallery-icon landscape'>\n\t\t\t\t<a href='https:\/\/www.eren.ch\/documentation\/wp-content\/uploads\/sites\/2\/2015\/11\/consecration-2015-017.jpg'><img loading=\"lazy\" decoding=\"async\" width=\"150\" height=\"150\" src=\"https:\/\/www.eren.ch\/documentation\/wp-content\/uploads\/sites\/2\/2015\/11\/consecration-2015-017-150x150.jpg\" class=\"attachment-thumbnail size-thumbnail\" alt=\"\" \/><\/a>\n\t\t\t<\/div><\/figure><figure class='gallery-item'>\n\t\t\t<div class='gallery-icon landscape'>\n\t\t\t\t<a href='https:\/\/www.eren.ch\/documentation\/wp-content\/uploads\/sites\/2\/2015\/11\/consecration-2015-018.jpg'><img loading=\"lazy\" decoding=\"async\" width=\"150\" height=\"150\" src=\"https:\/\/www.eren.ch\/documentation\/wp-content\/uploads\/sites\/2\/2015\/11\/consecration-2015-018-150x150.jpg\" class=\"attachment-thumbnail size-thumbnail\" alt=\"\" \/><\/a>\n\t\t\t<\/div><\/figure><figure class='gallery-item'>\n\t\t\t<div class='gallery-icon landscape'>\n\t\t\t\t<a href='https:\/\/www.eren.ch\/documentation\/wp-content\/uploads\/sites\/2\/2015\/11\/consecration-2015-019.jpg'><img loading=\"lazy\" decoding=\"async\" width=\"150\" height=\"150\" src=\"https:\/\/www.eren.ch\/documentation\/wp-content\/uploads\/sites\/2\/2015\/11\/consecration-2015-019-150x150.jpg\" class=\"attachment-thumbnail size-thumbnail\" alt=\"\" \/><\/a>\n\t\t\t<\/div><\/figure><figure class='gallery-item'>\n\t\t\t<div class='gallery-icon landscape'>\n\t\t\t\t<a href='https:\/\/www.eren.ch\/documentation\/wp-content\/uploads\/sites\/2\/2015\/11\/consecration-2015-020.jpg'><img loading=\"lazy\" decoding=\"async\" width=\"150\" height=\"150\" src=\"https:\/\/www.eren.ch\/documentation\/wp-content\/uploads\/sites\/2\/2015\/11\/consecration-2015-020-150x150.jpg\" class=\"attachment-thumbnail size-thumbnail\" alt=\"\" \/><\/a>\n\t\t\t<\/div><\/figure><figure class='gallery-item'>\n\t\t\t<div class='gallery-icon landscape'>\n\t\t\t\t<a href='https:\/\/www.eren.ch\/documentation\/wp-content\/uploads\/sites\/2\/2015\/11\/consecration-2015-021.jpg'><img loading=\"lazy\" decoding=\"async\" width=\"150\" height=\"150\" src=\"https:\/\/www.eren.ch\/documentation\/wp-content\/uploads\/sites\/2\/2015\/11\/consecration-2015-021-150x150.jpg\" class=\"attachment-thumbnail size-thumbnail\" alt=\"\" \/><\/a>\n\t\t\t<\/div><\/figure><figure class='gallery-item'>\n\t\t\t<div class='gallery-icon landscape'>\n\t\t\t\t<a href='https:\/\/www.eren.ch\/documentation\/wp-content\/uploads\/sites\/2\/2015\/11\/consecration-2015-022.jpg'><img loading=\"lazy\" decoding=\"async\" width=\"150\" height=\"150\" src=\"https:\/\/www.eren.ch\/documentation\/wp-content\/uploads\/sites\/2\/2015\/11\/consecration-2015-022-150x150.jpg\" class=\"attachment-thumbnail size-thumbnail\" alt=\"\" \/><\/a>\n\t\t\t<\/div><\/figure><figure class='gallery-item'>\n\t\t\t<div class='gallery-icon landscape'>\n\t\t\t\t<a href='https:\/\/www.eren.ch\/documentation\/wp-content\/uploads\/sites\/2\/2015\/11\/consecration-2015-023.jpg'><img loading=\"lazy\" decoding=\"async\" width=\"150\" height=\"150\" src=\"https:\/\/www.eren.ch\/documentation\/wp-content\/uploads\/sites\/2\/2015\/11\/consecration-2015-023-150x150.jpg\" class=\"attachment-thumbnail size-thumbnail\" alt=\"\" \/><\/a>\n\t\t\t<\/div><\/figure><figure class='gallery-item'>\n\t\t\t<div class='gallery-icon landscape'>\n\t\t\t\t<a href='https:\/\/www.eren.ch\/documentation\/wp-content\/uploads\/sites\/2\/2015\/11\/consecration-2015-024.jpg'><img loading=\"lazy\" decoding=\"async\" width=\"150\" height=\"150\" src=\"https:\/\/www.eren.ch\/documentation\/wp-content\/uploads\/sites\/2\/2015\/11\/consecration-2015-024-150x150.jpg\" class=\"attachment-thumbnail size-thumbnail\" alt=\"\" \/><\/a>\n\t\t\t<\/div><\/figure><figure class='gallery-item'>\n\t\t\t<div class='gallery-icon landscape'>\n\t\t\t\t<a href='https:\/\/www.eren.ch\/documentation\/wp-content\/uploads\/sites\/2\/2015\/11\/consecration-2015-025.jpg'><img loading=\"lazy\" decoding=\"async\" width=\"150\" height=\"150\" src=\"https:\/\/www.eren.ch\/documentation\/wp-content\/uploads\/sites\/2\/2015\/11\/consecration-2015-025-150x150.jpg\" class=\"attachment-thumbnail size-thumbnail\" alt=\"\" \/><\/a>\n\t\t\t<\/div><\/figure><figure class='gallery-item'>\n\t\t\t<div class='gallery-icon landscape'>\n\t\t\t\t<a href='https:\/\/www.eren.ch\/documentation\/wp-content\/uploads\/sites\/2\/2015\/11\/consecration-2015-026.jpg'><img loading=\"lazy\" decoding=\"async\" width=\"150\" height=\"150\" src=\"https:\/\/www.eren.ch\/documentation\/wp-content\/uploads\/sites\/2\/2015\/11\/consecration-2015-026-150x150.jpg\" class=\"attachment-thumbnail size-thumbnail\" alt=\"\" \/><\/a>\n\t\t\t<\/div><\/figure><figure class='gallery-item'>\n\t\t\t<div class='gallery-icon landscape'>\n\t\t\t\t<a href='https:\/\/www.eren.ch\/documentation\/wp-content\/uploads\/sites\/2\/2015\/11\/consecration-2015-027.jpg'><img loading=\"lazy\" decoding=\"async\" width=\"150\" height=\"150\" src=\"https:\/\/www.eren.ch\/documentation\/wp-content\/uploads\/sites\/2\/2015\/11\/consecration-2015-027-150x150.jpg\" class=\"attachment-thumbnail size-thumbnail\" alt=\"\" \/><\/a>\n\t\t\t<\/div><\/figure><figure class='gallery-item'>\n\t\t\t<div class='gallery-icon landscape'>\n\t\t\t\t<a href='https:\/\/www.eren.ch\/documentation\/wp-content\/uploads\/sites\/2\/2015\/11\/consecration-2015-028.jpg'><img loading=\"lazy\" decoding=\"async\" width=\"150\" height=\"150\" src=\"https:\/\/www.eren.ch\/documentation\/wp-content\/uploads\/sites\/2\/2015\/11\/consecration-2015-028-150x150.jpg\" class=\"attachment-thumbnail size-thumbnail\" alt=\"\" \/><\/a>\n\t\t\t<\/div><\/figure><figure class='gallery-item'>\n\t\t\t<div class='gallery-icon landscape'>\n\t\t\t\t<a href='https:\/\/www.eren.ch\/documentation\/wp-content\/uploads\/sites\/2\/2015\/11\/consecration-2015-029.jpg'><img loading=\"lazy\" decoding=\"async\" width=\"150\" height=\"150\" src=\"https:\/\/www.eren.ch\/documentation\/wp-content\/uploads\/sites\/2\/2015\/11\/consecration-2015-029-150x150.jpg\" class=\"attachment-thumbnail size-thumbnail\" alt=\"\" \/><\/a>\n\t\t\t<\/div><\/figure><figure class='gallery-item'>\n\t\t\t<div class='gallery-icon landscape'>\n\t\t\t\t<a href='https:\/\/www.eren.ch\/documentation\/wp-content\/uploads\/sites\/2\/2015\/11\/consecration-2015-030.jpg'><img loading=\"lazy\" decoding=\"async\" width=\"150\" height=\"150\" src=\"https:\/\/www.eren.ch\/documentation\/wp-content\/uploads\/sites\/2\/2015\/11\/consecration-2015-030-150x150.jpg\" class=\"attachment-thumbnail size-thumbnail\" alt=\"\" \/><\/a>\n\t\t\t<\/div><\/figure><figure class='gallery-item'>\n\t\t\t<div class='gallery-icon portrait'>\n\t\t\t\t<a href='https:\/\/www.eren.ch\/documentation\/wp-content\/uploads\/sites\/2\/2015\/11\/consecration-2015-031.jpg'><img loading=\"lazy\" decoding=\"async\" width=\"150\" height=\"150\" src=\"https:\/\/www.eren.ch\/documentation\/wp-content\/uploads\/sites\/2\/2015\/11\/consecration-2015-031-150x150.jpg\" class=\"attachment-thumbnail size-thumbnail\" alt=\"\" \/><\/a>\n\t\t\t<\/div><\/figure><figure class='gallery-item'>\n\t\t\t<div class='gallery-icon portrait'>\n\t\t\t\t<a href='https:\/\/www.eren.ch\/documentation\/wp-content\/uploads\/sites\/2\/2015\/11\/consecration-2015-032.jpg'><img loading=\"lazy\" decoding=\"async\" width=\"150\" height=\"150\" src=\"https:\/\/www.eren.ch\/documentation\/wp-content\/uploads\/sites\/2\/2015\/11\/consecration-2015-032-150x150.jpg\" class=\"attachment-thumbnail size-thumbnail\" alt=\"\" \/><\/a>\n\t\t\t<\/div><\/figure><figure class='gallery-item'>\n\t\t\t<div class='gallery-icon landscape'>\n\t\t\t\t<a href='https:\/\/www.eren.ch\/documentation\/wp-content\/uploads\/sites\/2\/2015\/11\/consecration-2015-033.jpg'><img loading=\"lazy\" decoding=\"async\" width=\"150\" height=\"150\" src=\"https:\/\/www.eren.ch\/documentation\/wp-content\/uploads\/sites\/2\/2015\/11\/consecration-2015-033-150x150.jpg\" class=\"attachment-thumbnail size-thumbnail\" alt=\"\" \/><\/a>\n\t\t\t<\/div><\/figure><figure class='gallery-item'>\n\t\t\t<div class='gallery-icon landscape'>\n\t\t\t\t<a href='https:\/\/www.eren.ch\/documentation\/wp-content\/uploads\/sites\/2\/2015\/11\/consecration-2015-034.jpg'><img loading=\"lazy\" decoding=\"async\" width=\"150\" height=\"150\" src=\"https:\/\/www.eren.ch\/documentation\/wp-content\/uploads\/sites\/2\/2015\/11\/consecration-2015-034-150x150.jpg\" class=\"attachment-thumbnail size-thumbnail\" alt=\"\" \/><\/a>\n\t\t\t<\/div><\/figure><figure class='gallery-item'>\n\t\t\t<div class='gallery-icon landscape'>\n\t\t\t\t<a href='https:\/\/www.eren.ch\/documentation\/wp-content\/uploads\/sites\/2\/2015\/11\/consecration-2015-035.jpg'><img loading=\"lazy\" decoding=\"async\" width=\"150\" height=\"150\" src=\"https:\/\/www.eren.ch\/documentation\/wp-content\/uploads\/sites\/2\/2015\/11\/consecration-2015-035-150x150.jpg\" class=\"attachment-thumbnail size-thumbnail\" alt=\"\" \/><\/a>\n\t\t\t<\/div><\/figure><figure class='gallery-item'>\n\t\t\t<div class='gallery-icon landscape'>\n\t\t\t\t<a href='https:\/\/www.eren.ch\/documentation\/wp-content\/uploads\/sites\/2\/2015\/11\/consecration-2015-036.jpg'><img loading=\"lazy\" decoding=\"async\" width=\"150\" height=\"150\" src=\"https:\/\/www.eren.ch\/documentation\/wp-content\/uploads\/sites\/2\/2015\/11\/consecration-2015-036-150x150.jpg\" class=\"attachment-thumbnail size-thumbnail\" alt=\"\" \/><\/a>\n\t\t\t<\/div><\/figure><figure class='gallery-item'>\n\t\t\t<div class='gallery-icon portrait'>\n\t\t\t\t<a href='https:\/\/www.eren.ch\/documentation\/wp-content\/uploads\/sites\/2\/2015\/11\/consecration-2015-037.jpg'><img loading=\"lazy\" decoding=\"async\" width=\"150\" height=\"150\" src=\"https:\/\/www.eren.ch\/documentation\/wp-content\/uploads\/sites\/2\/2015\/11\/consecration-2015-037-150x150.jpg\" class=\"attachment-thumbnail size-thumbnail\" alt=\"\" \/><\/a>\n\t\t\t<\/div><\/figure><figure class='gallery-item'>\n\t\t\t<div class='gallery-icon portrait'>\n\t\t\t\t<a href='https:\/\/www.eren.ch\/documentation\/wp-content\/uploads\/sites\/2\/2015\/11\/consecration-2015-038.jpg'><img loading=\"lazy\" decoding=\"async\" width=\"150\" height=\"150\" src=\"https:\/\/www.eren.ch\/documentation\/wp-content\/uploads\/sites\/2\/2015\/11\/consecration-2015-038-150x150.jpg\" class=\"attachment-thumbnail size-thumbnail\" alt=\"\" \/><\/a>\n\t\t\t<\/div><\/figure><figure class='gallery-item'>\n\t\t\t<div class='gallery-icon landscape'>\n\t\t\t\t<a href='https:\/\/www.eren.ch\/documentation\/wp-content\/uploads\/sites\/2\/2015\/11\/consecration-2015-039.jpg'><img loading=\"lazy\" decoding=\"async\" width=\"150\" height=\"150\" src=\"https:\/\/www.eren.ch\/documentation\/wp-content\/uploads\/sites\/2\/2015\/11\/consecration-2015-039-150x150.jpg\" class=\"attachment-thumbnail size-thumbnail\" alt=\"\" \/><\/a>\n\t\t\t<\/div><\/figure><figure class='gallery-item'>\n\t\t\t<div class='gallery-icon landscape'>\n\t\t\t\t<a href='https:\/\/www.eren.ch\/documentation\/wp-content\/uploads\/sites\/2\/2015\/11\/consecration-2015-040.jpg'><img loading=\"lazy\" decoding=\"async\" width=\"150\" height=\"150\" src=\"https:\/\/www.eren.ch\/documentation\/wp-content\/uploads\/sites\/2\/2015\/11\/consecration-2015-040-150x150.jpg\" class=\"attachment-thumbnail size-thumbnail\" alt=\"\" \/><\/a>\n\t\t\t<\/div><\/figure><figure class='gallery-item'>\n\t\t\t<div class='gallery-icon landscape'>\n\t\t\t\t<a href='https:\/\/www.eren.ch\/documentation\/wp-content\/uploads\/sites\/2\/2015\/11\/consecration-2015-041.jpg'><img loading=\"lazy\" decoding=\"async\" width=\"150\" height=\"150\" src=\"https:\/\/www.eren.ch\/documentation\/wp-content\/uploads\/sites\/2\/2015\/11\/consecration-2015-041-150x150.jpg\" class=\"attachment-thumbnail size-thumbnail\" alt=\"\" \/><\/a>\n\t\t\t<\/div><\/figure><figure class='gallery-item'>\n\t\t\t<div class='gallery-icon portrait'>\n\t\t\t\t<a href='https:\/\/www.eren.ch\/documentation\/wp-content\/uploads\/sites\/2\/2015\/11\/consecration-2015-042.jpg'><img loading=\"lazy\" decoding=\"async\" width=\"150\" height=\"150\" src=\"https:\/\/www.eren.ch\/documentation\/wp-content\/uploads\/sites\/2\/2015\/11\/consecration-2015-042-150x150.jpg\" class=\"attachment-thumbnail size-thumbnail\" alt=\"\" \/><\/a>\n\t\t\t<\/div><\/figure><figure class='gallery-item'>\n\t\t\t<div class='gallery-icon portrait'>\n\t\t\t\t<a href='https:\/\/www.eren.ch\/documentation\/wp-content\/uploads\/sites\/2\/2015\/11\/consecration-2015-043.jpg'><img loading=\"lazy\" decoding=\"async\" width=\"150\" height=\"150\" src=\"https:\/\/www.eren.ch\/documentation\/wp-content\/uploads\/sites\/2\/2015\/11\/consecration-2015-043-150x150.jpg\" class=\"attachment-thumbnail size-thumbnail\" alt=\"\" \/><\/a>\n\t\t\t<\/div><\/figure><figure class='gallery-item'>\n\t\t\t<div class='gallery-icon portrait'>\n\t\t\t\t<a href='https:\/\/www.eren.ch\/documentation\/wp-content\/uploads\/sites\/2\/2015\/11\/consecration-2015-044.jpg'><img loading=\"lazy\" decoding=\"async\" width=\"150\" height=\"150\" src=\"https:\/\/www.eren.ch\/documentation\/wp-content\/uploads\/sites\/2\/2015\/11\/consecration-2015-044-150x150.jpg\" class=\"attachment-thumbnail size-thumbnail\" alt=\"\" \/><\/a>\n\t\t\t<\/div><\/figure><figure class='gallery-item'>\n\t\t\t<div class='gallery-icon landscape'>\n\t\t\t\t<a href='https:\/\/www.eren.ch\/documentation\/wp-content\/uploads\/sites\/2\/2015\/11\/consecration-2015-045.jpg'><img loading=\"lazy\" decoding=\"async\" width=\"150\" height=\"150\" src=\"https:\/\/www.eren.ch\/documentation\/wp-content\/uploads\/sites\/2\/2015\/11\/consecration-2015-045-150x150.jpg\" class=\"attachment-thumbnail size-thumbnail\" alt=\"\" \/><\/a>\n\t\t\t<\/div><\/figure><figure class='gallery-item'>\n\t\t\t<div class='gallery-icon portrait'>\n\t\t\t\t<a href='https:\/\/www.eren.ch\/documentation\/wp-content\/uploads\/sites\/2\/2015\/11\/consecration-2015-046.jpg'><img loading=\"lazy\" decoding=\"async\" width=\"150\" height=\"150\" src=\"https:\/\/www.eren.ch\/documentation\/wp-content\/uploads\/sites\/2\/2015\/11\/consecration-2015-046-150x150.jpg\" class=\"attachment-thumbnail size-thumbnail\" alt=\"\" \/><\/a>\n\t\t\t<\/div><\/figure><figure class='gallery-item'>\n\t\t\t<div class='gallery-icon portrait'>\n\t\t\t\t<a href='https:\/\/www.eren.ch\/documentation\/wp-content\/uploads\/sites\/2\/2015\/11\/consecration-2015-047.jpg'><img loading=\"lazy\" decoding=\"async\" width=\"150\" height=\"150\" src=\"https:\/\/www.eren.ch\/documentation\/wp-content\/uploads\/sites\/2\/2015\/11\/consecration-2015-047-150x150.jpg\" class=\"attachment-thumbnail size-thumbnail\" alt=\"\" \/><\/a>\n\t\t\t<\/div><\/figure><figure class='gallery-item'>\n\t\t\t<div class='gallery-icon portrait'>\n\t\t\t\t<a href='https:\/\/www.eren.ch\/documentation\/wp-content\/uploads\/sites\/2\/2015\/11\/consecration-2015-048.jpg'><img loading=\"lazy\" decoding=\"async\" width=\"150\" height=\"150\" src=\"https:\/\/www.eren.ch\/documentation\/wp-content\/uploads\/sites\/2\/2015\/11\/consecration-2015-048-150x150.jpg\" class=\"attachment-thumbnail size-thumbnail\" alt=\"\" \/><\/a>\n\t\t\t<\/div><\/figure><figure class='gallery-item'>\n\t\t\t<div class='gallery-icon portrait'>\n\t\t\t\t<a href='https:\/\/www.eren.ch\/documentation\/wp-content\/uploads\/sites\/2\/2015\/11\/consecration-2015-049.jpg'><img loading=\"lazy\" decoding=\"async\" width=\"150\" height=\"150\" src=\"https:\/\/www.eren.ch\/documentation\/wp-content\/uploads\/sites\/2\/2015\/11\/consecration-2015-049-150x150.jpg\" class=\"attachment-thumbnail size-thumbnail\" alt=\"\" \/><\/a>\n\t\t\t<\/div><\/figure><figure class='gallery-item'>\n\t\t\t<div class='gallery-icon portrait'>\n\t\t\t\t<a href='https:\/\/www.eren.ch\/documentation\/wp-content\/uploads\/sites\/2\/2015\/11\/consecration-2015-050.jpg'><img loading=\"lazy\" decoding=\"async\" width=\"150\" height=\"150\" src=\"https:\/\/www.eren.ch\/documentation\/wp-content\/uploads\/sites\/2\/2015\/11\/consecration-2015-050-150x150.jpg\" class=\"attachment-thumbnail size-thumbnail\" alt=\"\" \/><\/a>\n\t\t\t<\/div><\/figure><figure class='gallery-item'>\n\t\t\t<div class='gallery-icon landscape'>\n\t\t\t\t<a href='https:\/\/www.eren.ch\/documentation\/wp-content\/uploads\/sites\/2\/2015\/11\/consecration-2015-051.jpg'><img loading=\"lazy\" decoding=\"async\" width=\"150\" height=\"150\" src=\"https:\/\/www.eren.ch\/documentation\/wp-content\/uploads\/sites\/2\/2015\/11\/consecration-2015-051-150x150.jpg\" class=\"attachment-thumbnail size-thumbnail\" alt=\"\" \/><\/a>\n\t\t\t<\/div><\/figure><figure class='gallery-item'>\n\t\t\t<div class='gallery-icon landscape'>\n\t\t\t\t<a href='https:\/\/www.eren.ch\/documentation\/wp-content\/uploads\/sites\/2\/2015\/11\/consecration-2015-052.jpg'><img loading=\"lazy\" decoding=\"async\" width=\"150\" height=\"150\" src=\"https:\/\/www.eren.ch\/documentation\/wp-content\/uploads\/sites\/2\/2015\/11\/consecration-2015-052-150x150.jpg\" class=\"attachment-thumbnail size-thumbnail\" alt=\"\" \/><\/a>\n\t\t\t<\/div><\/figure><figure class='gallery-item'>\n\t\t\t<div class='gallery-icon landscape'>\n\t\t\t\t<a href='https:\/\/www.eren.ch\/documentation\/wp-content\/uploads\/sites\/2\/2015\/11\/consecration-2015-053.jpg'><img loading=\"lazy\" decoding=\"async\" width=\"150\" height=\"150\" src=\"https:\/\/www.eren.ch\/documentation\/wp-content\/uploads\/sites\/2\/2015\/11\/consecration-2015-053-150x150.jpg\" class=\"attachment-thumbnail size-thumbnail\" alt=\"\" \/><\/a>\n\t\t\t<\/div><\/figure><figure class='gallery-item'>\n\t\t\t<div class='gallery-icon landscape'>\n\t\t\t\t<a href='https:\/\/www.eren.ch\/documentation\/wp-content\/uploads\/sites\/2\/2015\/11\/consecration-2015-054.jpg'><img loading=\"lazy\" decoding=\"async\" width=\"150\" height=\"150\" src=\"https:\/\/www.eren.ch\/documentation\/wp-content\/uploads\/sites\/2\/2015\/11\/consecration-2015-054-150x150.jpg\" class=\"attachment-thumbnail size-thumbnail\" alt=\"\" \/><\/a>\n\t\t\t<\/div><\/figure><figure class='gallery-item'>\n\t\t\t<div class='gallery-icon landscape'>\n\t\t\t\t<a href='https:\/\/www.eren.ch\/documentation\/wp-content\/uploads\/sites\/2\/2015\/11\/consecration-2015-055.jpg'><img loading=\"lazy\" decoding=\"async\" width=\"150\" height=\"150\" src=\"https:\/\/www.eren.ch\/documentation\/wp-content\/uploads\/sites\/2\/2015\/11\/consecration-2015-055-150x150.jpg\" class=\"attachment-thumbnail size-thumbnail\" alt=\"\" \/><\/a>\n\t\t\t<\/div><\/figure><figure class='gallery-item'>\n\t\t\t<div class='gallery-icon portrait'>\n\t\t\t\t<a href='https:\/\/www.eren.ch\/documentation\/wp-content\/uploads\/sites\/2\/2015\/11\/consecration-2015-056.jpg'><img loading=\"lazy\" decoding=\"async\" width=\"150\" height=\"150\" src=\"https:\/\/www.eren.ch\/documentation\/wp-content\/uploads\/sites\/2\/2015\/11\/consecration-2015-056-150x150.jpg\" class=\"attachment-thumbnail size-thumbnail\" alt=\"\" \/><\/a>\n\t\t\t<\/div><\/figure><figure class='gallery-item'>\n\t\t\t<div class='gallery-icon landscape'>\n\t\t\t\t<a href='https:\/\/www.eren.ch\/documentation\/wp-content\/uploads\/sites\/2\/2015\/11\/consecration-2015-057.jpg'><img loading=\"lazy\" decoding=\"async\" width=\"150\" height=\"150\" src=\"https:\/\/www.eren.ch\/documentation\/wp-content\/uploads\/sites\/2\/2015\/11\/consecration-2015-057-150x150.jpg\" class=\"attachment-thumbnail size-thumbnail\" alt=\"\" \/><\/a>\n\t\t\t<\/div><\/figure><figure class='gallery-item'>\n\t\t\t<div class='gallery-icon landscape'>\n\t\t\t\t<a href='https:\/\/www.eren.ch\/documentation\/wp-content\/uploads\/sites\/2\/2015\/11\/consecration-2015-058.jpg'><img loading=\"lazy\" decoding=\"async\" width=\"150\" height=\"150\" src=\"https:\/\/www.eren.ch\/documentation\/wp-content\/uploads\/sites\/2\/2015\/11\/consecration-2015-058-150x150.jpg\" class=\"attachment-thumbnail size-thumbnail\" alt=\"\" \/><\/a>\n\t\t\t<\/div><\/figure><figure class='gallery-item'>\n\t\t\t<div class='gallery-icon portrait'>\n\t\t\t\t<a href='https:\/\/www.eren.ch\/documentation\/wp-content\/uploads\/sites\/2\/2015\/11\/consecration-2015-059.jpg'><img loading=\"lazy\" decoding=\"async\" width=\"150\" height=\"150\" src=\"https:\/\/www.eren.ch\/documentation\/wp-content\/uploads\/sites\/2\/2015\/11\/consecration-2015-059-150x150.jpg\" class=\"attachment-thumbnail size-thumbnail\" alt=\"\" \/><\/a>\n\t\t\t<\/div><\/figure><figure class='gallery-item'>\n\t\t\t<div class='gallery-icon landscape'>\n\t\t\t\t<a href='https:\/\/www.eren.ch\/documentation\/wp-content\/uploads\/sites\/2\/2015\/11\/consecration-2015-060.jpg'><img loading=\"lazy\" decoding=\"async\" width=\"150\" height=\"150\" src=\"https:\/\/www.eren.ch\/documentation\/wp-content\/uploads\/sites\/2\/2015\/11\/consecration-2015-060-150x150.jpg\" class=\"attachment-thumbnail size-thumbnail\" alt=\"\" \/><\/a>\n\t\t\t<\/div><\/figure><figure class='gallery-item'>\n\t\t\t<div class='gallery-icon landscape'>\n\t\t\t\t<a href='https:\/\/www.eren.ch\/documentation\/wp-content\/uploads\/sites\/2\/2015\/11\/consecration-2015-061.jpg'><img loading=\"lazy\" decoding=\"async\" width=\"150\" height=\"150\" src=\"https:\/\/www.eren.ch\/documentation\/wp-content\/uploads\/sites\/2\/2015\/11\/consecration-2015-061-150x150.jpg\" class=\"attachment-thumbnail size-thumbnail\" alt=\"\" \/><\/a>\n\t\t\t<\/div><\/figure><figure class='gallery-item'>\n\t\t\t<div class='gallery-icon portrait'>\n\t\t\t\t<a href='https:\/\/www.eren.ch\/documentation\/wp-content\/uploads\/sites\/2\/2015\/11\/consecration-2015-062.jpg'><img loading=\"lazy\" decoding=\"async\" width=\"150\" height=\"150\" src=\"https:\/\/www.eren.ch\/documentation\/wp-content\/uploads\/sites\/2\/2015\/11\/consecration-2015-062-150x150.jpg\" class=\"attachment-thumbnail size-thumbnail\" alt=\"\" \/><\/a>\n\t\t\t<\/div><\/figure><figure class='gallery-item'>\n\t\t\t<div class='gallery-icon landscape'>\n\t\t\t\t<a href='https:\/\/www.eren.ch\/documentation\/wp-content\/uploads\/sites\/2\/2015\/11\/consecration-2015-063.jpg'><img loading=\"lazy\" decoding=\"async\" width=\"150\" height=\"150\" src=\"https:\/\/www.eren.ch\/documentation\/wp-content\/uploads\/sites\/2\/2015\/11\/consecration-2015-063-150x150.jpg\" class=\"attachment-thumbnail size-thumbnail\" alt=\"\" \/><\/a>\n\t\t\t<\/div><\/figure><figure class='gallery-item'>\n\t\t\t<div class='gallery-icon landscape'>\n\t\t\t\t<a href='https:\/\/www.eren.ch\/documentation\/wp-content\/uploads\/sites\/2\/2015\/11\/consecration-2015-064.jpg'><img loading=\"lazy\" decoding=\"async\" width=\"150\" height=\"150\" src=\"https:\/\/www.eren.ch\/documentation\/wp-content\/uploads\/sites\/2\/2015\/11\/consecration-2015-064-150x150.jpg\" class=\"attachment-thumbnail size-thumbnail\" alt=\"\" \/><\/a>\n\t\t\t<\/div><\/figure><figure class='gallery-item'>\n\t\t\t<div class='gallery-icon landscape'>\n\t\t\t\t<a href='https:\/\/www.eren.ch\/documentation\/wp-content\/uploads\/sites\/2\/2015\/11\/consecration-2015-065.jpg'><img loading=\"lazy\" decoding=\"async\" width=\"150\" height=\"150\" src=\"https:\/\/www.eren.ch\/documentation\/wp-content\/uploads\/sites\/2\/2015\/11\/consecration-2015-065-150x150.jpg\" class=\"attachment-thumbnail size-thumbnail\" alt=\"\" \/><\/a>\n\t\t\t<\/div><\/figure><figure class='gallery-item'>\n\t\t\t<div class='gallery-icon portrait'>\n\t\t\t\t<a href='https:\/\/www.eren.ch\/documentation\/wp-content\/uploads\/sites\/2\/2015\/11\/consecration-2015-066.jpg'><img loading=\"lazy\" decoding=\"async\" width=\"150\" height=\"150\" src=\"https:\/\/www.eren.ch\/documentation\/wp-content\/uploads\/sites\/2\/2015\/11\/consecration-2015-066-150x150.jpg\" class=\"attachment-thumbnail size-thumbnail\" alt=\"\" \/><\/a>\n\t\t\t<\/div><\/figure><figure class='gallery-item'>\n\t\t\t<div class='gallery-icon landscape'>\n\t\t\t\t<a href='https:\/\/www.eren.ch\/documentation\/wp-content\/uploads\/sites\/2\/2015\/11\/consecration-2015-067.jpg'><img loading=\"lazy\" decoding=\"async\" width=\"150\" height=\"150\" src=\"https:\/\/www.eren.ch\/documentation\/wp-content\/uploads\/sites\/2\/2015\/11\/consecration-2015-067-150x150.jpg\" class=\"attachment-thumbnail size-thumbnail\" alt=\"\" \/><\/a>\n\t\t\t<\/div><\/figure><figure class='gallery-item'>\n\t\t\t<div class='gallery-icon landscape'>\n\t\t\t\t<a href='https:\/\/www.eren.ch\/documentation\/wp-content\/uploads\/sites\/2\/2015\/11\/consecration-2015-068.jpg'><img loading=\"lazy\" decoding=\"async\" width=\"150\" height=\"150\" src=\"https:\/\/www.eren.ch\/documentation\/wp-content\/uploads\/sites\/2\/2015\/11\/consecration-2015-068-150x150.jpg\" class=\"attachment-thumbnail size-thumbnail\" alt=\"\" \/><\/a>\n\t\t\t<\/div><\/figure><figure class='gallery-item'>\n\t\t\t<div class='gallery-icon landscape'>\n\t\t\t\t<a href='https:\/\/www.eren.ch\/documentation\/wp-content\/uploads\/sites\/2\/2015\/11\/consecration-2015-069.jpg'><img loading=\"lazy\" decoding=\"async\" width=\"150\" height=\"150\" src=\"https:\/\/www.eren.ch\/documentation\/wp-content\/uploads\/sites\/2\/2015\/11\/consecration-2015-069-150x150.jpg\" class=\"attachment-thumbnail size-thumbnail\" alt=\"\" \/><\/a>\n\t\t\t<\/div><\/figure><figure class='gallery-item'>\n\t\t\t<div class='gallery-icon landscape'>\n\t\t\t\t<a href='https:\/\/www.eren.ch\/documentation\/wp-content\/uploads\/sites\/2\/2015\/11\/consecration-2015-070.jpg'><img loading=\"lazy\" decoding=\"async\" width=\"150\" height=\"150\" src=\"https:\/\/www.eren.ch\/documentation\/wp-content\/uploads\/sites\/2\/2015\/11\/consecration-2015-070-150x150.jpg\" class=\"attachment-thumbnail size-thumbnail\" alt=\"\" \/><\/a>\n\t\t\t<\/div><\/figure><figure class='gallery-item'>\n\t\t\t<div class='gallery-icon landscape'>\n\t\t\t\t<a href='https:\/\/www.eren.ch\/documentation\/wp-content\/uploads\/sites\/2\/2015\/11\/consecration-2015-071.jpg'><img loading=\"lazy\" decoding=\"async\" width=\"150\" height=\"150\" src=\"https:\/\/www.eren.ch\/documentation\/wp-content\/uploads\/sites\/2\/2015\/11\/consecration-2015-071-150x150.jpg\" class=\"attachment-thumbnail size-thumbnail\" alt=\"\" \/><\/a>\n\t\t\t<\/div><\/figure><figure class='gallery-item'>\n\t\t\t<div class='gallery-icon landscape'>\n\t\t\t\t<a href='https:\/\/www.eren.ch\/documentation\/wp-content\/uploads\/sites\/2\/2015\/11\/consecration-2015-072.jpg'><img loading=\"lazy\" decoding=\"async\" width=\"150\" height=\"150\" src=\"https:\/\/www.eren.ch\/documentation\/wp-content\/uploads\/sites\/2\/2015\/11\/consecration-2015-072-150x150.jpg\" class=\"attachment-thumbnail size-thumbnail\" alt=\"\" \/><\/a>\n\t\t\t<\/div><\/figure><figure class='gallery-item'>\n\t\t\t<div class='gallery-icon landscape'>\n\t\t\t\t<a href='https:\/\/www.eren.ch\/documentation\/wp-content\/uploads\/sites\/2\/2015\/11\/consecration-2015-073.jpg'><img loading=\"lazy\" decoding=\"async\" width=\"150\" height=\"150\" src=\"https:\/\/www.eren.ch\/documentation\/wp-content\/uploads\/sites\/2\/2015\/11\/consecration-2015-073-150x150.jpg\" class=\"attachment-thumbnail size-thumbnail\" alt=\"\" \/><\/a>\n\t\t\t<\/div><\/figure><figure class='gallery-item'>\n\t\t\t<div class='gallery-icon landscape'>\n\t\t\t\t<a href='https:\/\/www.eren.ch\/documentation\/wp-content\/uploads\/sites\/2\/2015\/11\/consecration-2015-074.jpg'><img loading=\"lazy\" decoding=\"async\" width=\"150\" height=\"150\" src=\"https:\/\/www.eren.ch\/documentation\/wp-content\/uploads\/sites\/2\/2015\/11\/consecration-2015-074-150x150.jpg\" class=\"attachment-thumbnail size-thumbnail\" alt=\"\" \/><\/a>\n\t\t\t<\/div><\/figure><figure class='gallery-item'>\n\t\t\t<div class='gallery-icon landscape'>\n\t\t\t\t<a href='https:\/\/www.eren.ch\/documentation\/wp-content\/uploads\/sites\/2\/2015\/11\/consecration-2015-075.jpg'><img loading=\"lazy\" decoding=\"async\" width=\"150\" height=\"150\" src=\"https:\/\/www.eren.ch\/documentation\/wp-content\/uploads\/sites\/2\/2015\/11\/consecration-2015-075-150x150.jpg\" class=\"attachment-thumbnail size-thumbnail\" alt=\"\" \/><\/a>\n\t\t\t<\/div><\/figure><figure class='gallery-item'>\n\t\t\t<div class='gallery-icon portrait'>\n\t\t\t\t<a href='https:\/\/www.eren.ch\/documentation\/wp-content\/uploads\/sites\/2\/2015\/11\/consecration-2015-076.jpg'><img loading=\"lazy\" decoding=\"async\" width=\"150\" height=\"150\" src=\"https:\/\/www.eren.ch\/documentation\/wp-content\/uploads\/sites\/2\/2015\/11\/consecration-2015-076-150x150.jpg\" class=\"attachment-thumbnail size-thumbnail\" alt=\"\" \/><\/a>\n\t\t\t<\/div><\/figure><figure class='gallery-item'>\n\t\t\t<div class='gallery-icon landscape'>\n\t\t\t\t<a href='https:\/\/www.eren.ch\/documentation\/wp-content\/uploads\/sites\/2\/2015\/11\/consecration-2015-077.jpg'><img loading=\"lazy\" decoding=\"async\" width=\"150\" height=\"150\" src=\"https:\/\/www.eren.ch\/documentation\/wp-content\/uploads\/sites\/2\/2015\/11\/consecration-2015-077-150x150.jpg\" class=\"attachment-thumbnail size-thumbnail\" alt=\"\" \/><\/a>\n\t\t\t<\/div><\/figure><figure class='gallery-item'>\n\t\t\t<div class='gallery-icon portrait'>\n\t\t\t\t<a href='https:\/\/www.eren.ch\/documentation\/wp-content\/uploads\/sites\/2\/2015\/11\/consecration-2015-078.jpg'><img loading=\"lazy\" decoding=\"async\" width=\"150\" height=\"150\" src=\"https:\/\/www.eren.ch\/documentation\/wp-content\/uploads\/sites\/2\/2015\/11\/consecration-2015-078-150x150.jpg\" class=\"attachment-thumbnail size-thumbnail\" alt=\"\" \/><\/a>\n\t\t\t<\/div><\/figure><figure class='gallery-item'>\n\t\t\t<div class='gallery-icon portrait'>\n\t\t\t\t<a href='https:\/\/www.eren.ch\/documentation\/wp-content\/uploads\/sites\/2\/2015\/11\/consecration-2015-079.jpg'><img loading=\"lazy\" decoding=\"async\" width=\"150\" height=\"150\" src=\"https:\/\/www.eren.ch\/documentation\/wp-content\/uploads\/sites\/2\/2015\/11\/consecration-2015-079-150x150.jpg\" class=\"attachment-thumbnail size-thumbnail\" alt=\"\" \/><\/a>\n\t\t\t<\/div><\/figure><figure class='gallery-item'>\n\t\t\t<div class='gallery-icon portrait'>\n\t\t\t\t<a href='https:\/\/www.eren.ch\/documentation\/wp-content\/uploads\/sites\/2\/2015\/11\/consecration-2015-080.jpg'><img loading=\"lazy\" decoding=\"async\" width=\"150\" height=\"150\" src=\"https:\/\/www.eren.ch\/documentation\/wp-content\/uploads\/sites\/2\/2015\/11\/consecration-2015-080-150x150.jpg\" class=\"attachment-thumbnail size-thumbnail\" alt=\"\" \/><\/a>\n\t\t\t<\/div><\/figure><figure class='gallery-item'>\n\t\t\t<div class='gallery-icon portrait'>\n\t\t\t\t<a href='https:\/\/www.eren.ch\/documentation\/wp-content\/uploads\/sites\/2\/2015\/11\/consecration-2015-081.jpg'><img loading=\"lazy\" decoding=\"async\" width=\"150\" height=\"150\" src=\"https:\/\/www.eren.ch\/documentation\/wp-content\/uploads\/sites\/2\/2015\/11\/consecration-2015-081-150x150.jpg\" class=\"attachment-thumbnail size-thumbnail\" alt=\"\" \/><\/a>\n\t\t\t<\/div><\/figure><figure class='gallery-item'>\n\t\t\t<div class='gallery-icon portrait'>\n\t\t\t\t<a href='https:\/\/www.eren.ch\/documentation\/wp-content\/uploads\/sites\/2\/2015\/11\/consecration-2015-082.jpg'><img loading=\"lazy\" decoding=\"async\" width=\"150\" height=\"150\" src=\"https:\/\/www.eren.ch\/documentation\/wp-content\/uploads\/sites\/2\/2015\/11\/consecration-2015-082-150x150.jpg\" class=\"attachment-thumbnail size-thumbnail\" alt=\"\" \/><\/a>\n\t\t\t<\/div><\/figure><figure class='gallery-item'>\n\t\t\t<div class='gallery-icon portrait'>\n\t\t\t\t<a href='https:\/\/www.eren.ch\/documentation\/wp-content\/uploads\/sites\/2\/2015\/11\/consecration-2015-083.jpg'><img loading=\"lazy\" decoding=\"async\" width=\"150\" height=\"150\" src=\"https:\/\/www.eren.ch\/documentation\/wp-content\/uploads\/sites\/2\/2015\/11\/consecration-2015-083-150x150.jpg\" class=\"attachment-thumbnail size-thumbnail\" alt=\"\" \/><\/a>\n\t\t\t<\/div><\/figure><figure class='gallery-item'>\n\t\t\t<div class='gallery-icon landscape'>\n\t\t\t\t<a href='https:\/\/www.eren.ch\/documentation\/wp-content\/uploads\/sites\/2\/2015\/11\/consecration-2015-084.jpg'><img loading=\"lazy\" decoding=\"async\" width=\"150\" height=\"150\" src=\"https:\/\/www.eren.ch\/documentation\/wp-content\/uploads\/sites\/2\/2015\/11\/consecration-2015-084-150x150.jpg\" class=\"attachment-thumbnail size-thumbnail\" alt=\"\" \/><\/a>\n\t\t\t<\/div><\/figure><figure class='gallery-item'>\n\t\t\t<div class='gallery-icon landscape'>\n\t\t\t\t<a href='https:\/\/www.eren.ch\/documentation\/wp-content\/uploads\/sites\/2\/2015\/11\/consecration-2015-085.jpg'><img loading=\"lazy\" decoding=\"async\" width=\"150\" height=\"150\" src=\"https:\/\/www.eren.ch\/documentation\/wp-content\/uploads\/sites\/2\/2015\/11\/consecration-2015-085-150x150.jpg\" class=\"attachment-thumbnail size-thumbnail\" alt=\"\" \/><\/a>\n\t\t\t<\/div><\/figure><figure class='gallery-item'>\n\t\t\t<div class='gallery-icon landscape'>\n\t\t\t\t<a href='https:\/\/www.eren.ch\/documentation\/wp-content\/uploads\/sites\/2\/2015\/11\/consecration-2015-086.jpg'><img loading=\"lazy\" decoding=\"async\" width=\"150\" height=\"150\" src=\"https:\/\/www.eren.ch\/documentation\/wp-content\/uploads\/sites\/2\/2015\/11\/consecration-2015-086-150x150.jpg\" class=\"attachment-thumbnail size-thumbnail\" alt=\"\" \/><\/a>\n\t\t\t<\/div><\/figure><figure class='gallery-item'>\n\t\t\t<div class='gallery-icon landscape'>\n\t\t\t\t<a href='https:\/\/www.eren.ch\/documentation\/wp-content\/uploads\/sites\/2\/2015\/11\/consecration-2015-087.jpg'><img loading=\"lazy\" decoding=\"async\" width=\"150\" height=\"150\" src=\"https:\/\/www.eren.ch\/documentation\/wp-content\/uploads\/sites\/2\/2015\/11\/consecration-2015-087-150x150.jpg\" class=\"attachment-thumbnail size-thumbnail\" alt=\"\" \/><\/a>\n\t\t\t<\/div><\/figure><figure class='gallery-item'>\n\t\t\t<div class='gallery-icon portrait'>\n\t\t\t\t<a href='https:\/\/www.eren.ch\/documentation\/wp-content\/uploads\/sites\/2\/2015\/11\/consecration-2015-088.jpg'><img loading=\"lazy\" decoding=\"async\" width=\"150\" height=\"150\" src=\"https:\/\/www.eren.ch\/documentation\/wp-content\/uploads\/sites\/2\/2015\/11\/consecration-2015-088-150x150.jpg\" class=\"attachment-thumbnail size-thumbnail\" alt=\"\" \/><\/a>\n\t\t\t<\/div><\/figure><figure class='gallery-item'>\n\t\t\t<div class='gallery-icon landscape'>\n\t\t\t\t<a href='https:\/\/www.eren.ch\/documentation\/wp-content\/uploads\/sites\/2\/2015\/11\/consecration-2015-089.jpg'><img loading=\"lazy\" decoding=\"async\" width=\"150\" height=\"150\" src=\"https:\/\/www.eren.ch\/documentation\/wp-content\/uploads\/sites\/2\/2015\/11\/consecration-2015-089-150x150.jpg\" class=\"attachment-thumbnail size-thumbnail\" alt=\"\" \/><\/a>\n\t\t\t<\/div><\/figure><figure class='gallery-item'>\n\t\t\t<div class='gallery-icon landscape'>\n\t\t\t\t<a href='https:\/\/www.eren.ch\/documentation\/wp-content\/uploads\/sites\/2\/2015\/11\/consecration-2015-090.jpg'><img loading=\"lazy\" decoding=\"async\" width=\"150\" height=\"150\" src=\"https:\/\/www.eren.ch\/documentation\/wp-content\/uploads\/sites\/2\/2015\/11\/consecration-2015-090-150x150.jpg\" class=\"attachment-thumbnail size-thumbnail\" alt=\"\" \/><\/a>\n\t\t\t<\/div><\/figure><figure class='gallery-item'>\n\t\t\t<div class='gallery-icon landscape'>\n\t\t\t\t<a href='https:\/\/www.eren.ch\/documentation\/wp-content\/uploads\/sites\/2\/2015\/11\/consecration-2015-091.jpg'><img loading=\"lazy\" decoding=\"async\" width=\"150\" height=\"150\" src=\"https:\/\/www.eren.ch\/documentation\/wp-content\/uploads\/sites\/2\/2015\/11\/consecration-2015-091-150x150.jpg\" class=\"attachment-thumbnail size-thumbnail\" alt=\"\" \/><\/a>\n\t\t\t<\/div><\/figure><figure class='gallery-item'>\n\t\t\t<div class='gallery-icon landscape'>\n\t\t\t\t<a href='https:\/\/www.eren.ch\/documentation\/wp-content\/uploads\/sites\/2\/2015\/11\/consecration-2015-092.jpg'><img loading=\"lazy\" decoding=\"async\" width=\"150\" height=\"150\" src=\"https:\/\/www.eren.ch\/documentation\/wp-content\/uploads\/sites\/2\/2015\/11\/consecration-2015-092-150x150.jpg\" class=\"attachment-thumbnail size-thumbnail\" alt=\"\" \/><\/a>\n\t\t\t<\/div><\/figure><figure class='gallery-item'>\n\t\t\t<div class='gallery-icon landscape'>\n\t\t\t\t<a href='https:\/\/www.eren.ch\/documentation\/wp-content\/uploads\/sites\/2\/2015\/11\/consecration-2015-093.jpg'><img loading=\"lazy\" decoding=\"async\" width=\"150\" height=\"150\" src=\"https:\/\/www.eren.ch\/documentation\/wp-content\/uploads\/sites\/2\/2015\/11\/consecration-2015-093-150x150.jpg\" class=\"attachment-thumbnail size-thumbnail\" alt=\"\" \/><\/a>\n\t\t\t<\/div><\/figure><figure class='gallery-item'>\n\t\t\t<div class='gallery-icon landscape'>\n\t\t\t\t<a href='https:\/\/www.eren.ch\/documentation\/wp-content\/uploads\/sites\/2\/2015\/11\/consecration-2015-094.jpg'><img loading=\"lazy\" decoding=\"async\" width=\"150\" height=\"150\" src=\"https:\/\/www.eren.ch\/documentation\/wp-content\/uploads\/sites\/2\/2015\/11\/consecration-2015-094-150x150.jpg\" class=\"attachment-thumbnail size-thumbnail\" alt=\"\" \/><\/a>\n\t\t\t<\/div><\/figure><figure class='gallery-item'>\n\t\t\t<div class='gallery-icon portrait'>\n\t\t\t\t<a href='https:\/\/www.eren.ch\/documentation\/wp-content\/uploads\/sites\/2\/2015\/11\/consecration-2015-095.jpg'><img loading=\"lazy\" decoding=\"async\" width=\"150\" height=\"150\" src=\"https:\/\/www.eren.ch\/documentation\/wp-content\/uploads\/sites\/2\/2015\/11\/consecration-2015-095-150x150.jpg\" class=\"attachment-thumbnail size-thumbnail\" alt=\"\" \/><\/a>\n\t\t\t<\/div><\/figure><figure class='gallery-item'>\n\t\t\t<div class='gallery-icon landscape'>\n\t\t\t\t<a href='https:\/\/www.eren.ch\/documentation\/wp-content\/uploads\/sites\/2\/2015\/11\/consecration-2015-096.jpg'><img loading=\"lazy\" decoding=\"async\" width=\"150\" height=\"150\" src=\"https:\/\/www.eren.ch\/documentation\/wp-content\/uploads\/sites\/2\/2015\/11\/consecration-2015-096-150x150.jpg\" class=\"attachment-thumbnail size-thumbnail\" alt=\"\" \/><\/a>\n\t\t\t<\/div><\/figure><figure class='gallery-item'>\n\t\t\t<div class='gallery-icon landscape'>\n\t\t\t\t<a href='https:\/\/www.eren.ch\/documentation\/wp-content\/uploads\/sites\/2\/2015\/11\/consecration-2015-097.jpg'><img loading=\"lazy\" decoding=\"async\" width=\"150\" height=\"150\" src=\"https:\/\/www.eren.ch\/documentation\/wp-content\/uploads\/sites\/2\/2015\/11\/consecration-2015-097-150x150.jpg\" class=\"attachment-thumbnail size-thumbnail\" alt=\"\" \/><\/a>\n\t\t\t<\/div><\/figure><figure class='gallery-item'>\n\t\t\t<div class='gallery-icon portrait'>\n\t\t\t\t<a href='https:\/\/www.eren.ch\/documentation\/wp-content\/uploads\/sites\/2\/2015\/11\/consecration-2015-098.jpg'><img loading=\"lazy\" decoding=\"async\" width=\"150\" height=\"150\" src=\"https:\/\/www.eren.ch\/documentation\/wp-content\/uploads\/sites\/2\/2015\/11\/consecration-2015-098-150x150.jpg\" class=\"attachment-thumbnail size-thumbnail\" alt=\"\" \/><\/a>\n\t\t\t<\/div><\/figure><figure class='gallery-item'>\n\t\t\t<div class='gallery-icon landscape'>\n\t\t\t\t<a href='https:\/\/www.eren.ch\/documentation\/wp-content\/uploads\/sites\/2\/2015\/11\/consecration-2015-099.jpg'><img loading=\"lazy\" decoding=\"async\" width=\"150\" height=\"150\" src=\"https:\/\/www.eren.ch\/documentation\/wp-content\/uploads\/sites\/2\/2015\/11\/consecration-2015-099-150x150.jpg\" class=\"attachment-thumbnail size-thumbnail\" alt=\"\" \/><\/a>\n\t\t\t<\/div><\/figure><figure class='gallery-item'>\n\t\t\t<div class='gallery-icon landscape'>\n\t\t\t\t<a href='https:\/\/www.eren.ch\/documentation\/wp-content\/uploads\/sites\/2\/2015\/11\/consecration-2015-100.jpg'><img loading=\"lazy\" decoding=\"async\" width=\"150\" height=\"150\" src=\"https:\/\/www.eren.ch\/documentation\/wp-content\/uploads\/sites\/2\/2015\/11\/consecration-2015-100-150x150.jpg\" class=\"attachment-thumbnail size-thumbnail\" alt=\"\" \/><\/a>\n\t\t\t<\/div><\/figure><figure class='gallery-item'>\n\t\t\t<div class='gallery-icon portrait'>\n\t\t\t\t<a href='https:\/\/www.eren.ch\/documentation\/wp-content\/uploads\/sites\/2\/2015\/11\/consecration-2015-101.jpg'><img loading=\"lazy\" decoding=\"async\" width=\"150\" height=\"150\" src=\"https:\/\/www.eren.ch\/documentation\/wp-content\/uploads\/sites\/2\/2015\/11\/consecration-2015-101-150x150.jpg\" class=\"attachment-thumbnail size-thumbnail\" alt=\"\" \/><\/a>\n\t\t\t<\/div><\/figure><figure class='gallery-item'>\n\t\t\t<div class='gallery-icon landscape'>\n\t\t\t\t<a href='https:\/\/www.eren.ch\/documentation\/wp-content\/uploads\/sites\/2\/2015\/11\/consecration-2015-102.jpg'><img loading=\"lazy\" decoding=\"async\" width=\"150\" height=\"150\" src=\"https:\/\/www.eren.ch\/documentation\/wp-content\/uploads\/sites\/2\/2015\/11\/consecration-2015-102-150x150.jpg\" class=\"attachment-thumbnail size-thumbnail\" alt=\"\" \/><\/a>\n\t\t\t<\/div><\/figure><figure class='gallery-item'>\n\t\t\t<div class='gallery-icon landscape'>\n\t\t\t\t<a href='https:\/\/www.eren.ch\/documentation\/wp-content\/uploads\/sites\/2\/2015\/11\/consecration-2015-103.jpg'><img loading=\"lazy\" decoding=\"async\" width=\"150\" height=\"150\" src=\"https:\/\/www.eren.ch\/documentation\/wp-content\/uploads\/sites\/2\/2015\/11\/consecration-2015-103-150x150.jpg\" class=\"attachment-thumbnail size-thumbnail\" alt=\"\" \/><\/a>\n\t\t\t<\/div><\/figure><figure class='gallery-item'>\n\t\t\t<div class='gallery-icon landscape'>\n\t\t\t\t<a href='https:\/\/www.eren.ch\/documentation\/wp-content\/uploads\/sites\/2\/2015\/11\/consecration-2015-104.jpg'><img loading=\"lazy\" decoding=\"async\" width=\"150\" height=\"150\" src=\"https:\/\/www.eren.ch\/documentation\/wp-content\/uploads\/sites\/2\/2015\/11\/consecration-2015-104-150x150.jpg\" class=\"attachment-thumbnail size-thumbnail\" alt=\"\" \/><\/a>\n\t\t\t<\/div><\/figure><figure class='gallery-item'>\n\t\t\t<div class='gallery-icon landscape'>\n\t\t\t\t<a href='https:\/\/www.eren.ch\/documentation\/wp-content\/uploads\/sites\/2\/2015\/11\/consecration-2015-105.jpg'><img loading=\"lazy\" decoding=\"async\" width=\"150\" height=\"150\" src=\"https:\/\/www.eren.ch\/documentation\/wp-content\/uploads\/sites\/2\/2015\/11\/consecration-2015-105-150x150.jpg\" class=\"attachment-thumbnail size-thumbnail\" alt=\"\" \/><\/a>\n\t\t\t<\/div><\/figure><figure class='gallery-item'>\n\t\t\t<div class='gallery-icon landscape'>\n\t\t\t\t<a href='https:\/\/www.eren.ch\/documentation\/wp-content\/uploads\/sites\/2\/2015\/11\/consecration-2015-106.jpg'><img loading=\"lazy\" decoding=\"async\" width=\"150\" height=\"150\" src=\"https:\/\/www.eren.ch\/documentation\/wp-content\/uploads\/sites\/2\/2015\/11\/consecration-2015-106-150x150.jpg\" class=\"attachment-thumbnail size-thumbnail\" alt=\"\" \/><\/a>\n\t\t\t<\/div><\/figure><figure class='gallery-item'>\n\t\t\t<div class='gallery-icon landscape'>\n\t\t\t\t<a href='https:\/\/www.eren.ch\/documentation\/wp-content\/uploads\/sites\/2\/2015\/11\/consecration-2015-107.jpg'><img loading=\"lazy\" decoding=\"async\" width=\"150\" height=\"150\" src=\"https:\/\/www.eren.ch\/documentation\/wp-content\/uploads\/sites\/2\/2015\/11\/consecration-2015-107-150x150.jpg\" class=\"attachment-thumbnail size-thumbnail\" alt=\"\" \/><\/a>\n\t\t\t<\/div><\/figure><figure class='gallery-item'>\n\t\t\t<div class='gallery-icon landscape'>\n\t\t\t\t<a href='https:\/\/www.eren.ch\/documentation\/wp-content\/uploads\/sites\/2\/2015\/11\/consecration-2015-108.jpg'><img loading=\"lazy\" decoding=\"async\" width=\"150\" height=\"150\" src=\"https:\/\/www.eren.ch\/documentation\/wp-content\/uploads\/sites\/2\/2015\/11\/consecration-2015-108-150x150.jpg\" class=\"attachment-thumbnail size-thumbnail\" alt=\"\" \/><\/a>\n\t\t\t<\/div><\/figure><figure class='gallery-item'>\n\t\t\t<div class='gallery-icon landscape'>\n\t\t\t\t<a href='https:\/\/www.eren.ch\/documentation\/wp-content\/uploads\/sites\/2\/2015\/11\/consecration-2015-109.jpg'><img loading=\"lazy\" decoding=\"async\" width=\"150\" height=\"150\" src=\"https:\/\/www.eren.ch\/documentation\/wp-content\/uploads\/sites\/2\/2015\/11\/consecration-2015-109-150x150.jpg\" class=\"attachment-thumbnail size-thumbnail\" alt=\"\" \/><\/a>\n\t\t\t<\/div><\/figure><figure class='gallery-item'>\n\t\t\t<div class='gallery-icon landscape'>\n\t\t\t\t<a href='https:\/\/www.eren.ch\/documentation\/wp-content\/uploads\/sites\/2\/2015\/11\/consecration-2015-110.jpg'><img loading=\"lazy\" decoding=\"async\" width=\"150\" height=\"150\" src=\"https:\/\/www.eren.ch\/documentation\/wp-content\/uploads\/sites\/2\/2015\/11\/consecration-2015-110-150x150.jpg\" class=\"attachment-thumbnail size-thumbnail\" alt=\"\" \/><\/a>\n\t\t\t<\/div><\/figure><figure class='gallery-item'>\n\t\t\t<div class='gallery-icon landscape'>\n\t\t\t\t<a href='https:\/\/www.eren.ch\/documentation\/wp-content\/uploads\/sites\/2\/2015\/11\/consecration-2015-111.jpg'><img loading=\"lazy\" decoding=\"async\" width=\"150\" height=\"150\" src=\"https:\/\/www.eren.ch\/documentation\/wp-content\/uploads\/sites\/2\/2015\/11\/consecration-2015-111-150x150.jpg\" class=\"attachment-thumbnail size-thumbnail\" alt=\"\" \/><\/a>\n\t\t\t<\/div><\/figure><figure class='gallery-item'>\n\t\t\t<div class='gallery-icon landscape'>\n\t\t\t\t<a href='https:\/\/www.eren.ch\/documentation\/wp-content\/uploads\/sites\/2\/2015\/11\/consecration-2015-112.jpg'><img loading=\"lazy\" decoding=\"async\" width=\"150\" height=\"150\" src=\"https:\/\/www.eren.ch\/documentation\/wp-content\/uploads\/sites\/2\/2015\/11\/consecration-2015-112-150x150.jpg\" class=\"attachment-thumbnail size-thumbnail\" alt=\"\" \/><\/a>\n\t\t\t<\/div><\/figure><figure class='gallery-item'>\n\t\t\t<div class='gallery-icon landscape'>\n\t\t\t\t<a href='https:\/\/www.eren.ch\/documentation\/wp-content\/uploads\/sites\/2\/2015\/11\/consecration-2015-113.jpg'><img loading=\"lazy\" decoding=\"async\" width=\"150\" height=\"150\" src=\"https:\/\/www.eren.ch\/documentation\/wp-content\/uploads\/sites\/2\/2015\/11\/consecration-2015-113-150x150.jpg\" class=\"attachment-thumbnail size-thumbnail\" alt=\"\" \/><\/a>\n\t\t\t<\/div><\/figure><figure class='gallery-item'>\n\t\t\t<div class='gallery-icon landscape'>\n\t\t\t\t<a href='https:\/\/www.eren.ch\/documentation\/wp-content\/uploads\/sites\/2\/2015\/11\/consecration-2015-114.jpg'><img loading=\"lazy\" decoding=\"async\" width=\"150\" height=\"150\" src=\"https:\/\/www.eren.ch\/documentation\/wp-content\/uploads\/sites\/2\/2015\/11\/consecration-2015-114-150x150.jpg\" class=\"attachment-thumbnail size-thumbnail\" alt=\"\" \/><\/a>\n\t\t\t<\/div><\/figure><figure class='gallery-item'>\n\t\t\t<div class='gallery-icon landscape'>\n\t\t\t\t<a href='https:\/\/www.eren.ch\/documentation\/wp-content\/uploads\/sites\/2\/2015\/11\/consecration-2015-115.jpg'><img loading=\"lazy\" decoding=\"async\" width=\"150\" height=\"150\" src=\"https:\/\/www.eren.ch\/documentation\/wp-content\/uploads\/sites\/2\/2015\/11\/consecration-2015-115-150x150.jpg\" class=\"attachment-thumbnail size-thumbnail\" alt=\"\" \/><\/a>\n\t\t\t<\/div><\/figure><figure class='gallery-item'>\n\t\t\t<div class='gallery-icon portrait'>\n\t\t\t\t<a href='https:\/\/www.eren.ch\/documentation\/wp-content\/uploads\/sites\/2\/2015\/11\/consecration-2015-116.jpg'><img loading=\"lazy\" decoding=\"async\" width=\"150\" height=\"150\" src=\"https:\/\/www.eren.ch\/documentation\/wp-content\/uploads\/sites\/2\/2015\/11\/consecration-2015-116-150x150.jpg\" class=\"attachment-thumbnail size-thumbnail\" alt=\"\" \/><\/a>\n\t\t\t<\/div><\/figure><figure class='gallery-item'>\n\t\t\t<div class='gallery-icon landscape'>\n\t\t\t\t<a href='https:\/\/www.eren.ch\/documentation\/wp-content\/uploads\/sites\/2\/2015\/11\/consecration-2015-117.jpg'><img loading=\"lazy\" decoding=\"async\" width=\"150\" height=\"150\" src=\"https:\/\/www.eren.ch\/documentation\/wp-content\/uploads\/sites\/2\/2015\/11\/consecration-2015-117-150x150.jpg\" class=\"attachment-thumbnail size-thumbnail\" alt=\"\" \/><\/a>\n\t\t\t<\/div><\/figure><figure class='gallery-item'>\n\t\t\t<div class='gallery-icon landscape'>\n\t\t\t\t<a href='https:\/\/www.eren.ch\/documentation\/wp-content\/uploads\/sites\/2\/2015\/11\/consecration-2015-118.jpg'><img loading=\"lazy\" decoding=\"async\" width=\"150\" height=\"150\" src=\"https:\/\/www.eren.ch\/documentation\/wp-content\/uploads\/sites\/2\/2015\/11\/consecration-2015-118-150x150.jpg\" class=\"attachment-thumbnail size-thumbnail\" alt=\"\" \/><\/a>\n\t\t\t<\/div><\/figure><figure class='gallery-item'>\n\t\t\t<div class='gallery-icon landscape'>\n\t\t\t\t<a href='https:\/\/www.eren.ch\/documentation\/wp-content\/uploads\/sites\/2\/2015\/11\/consecration-2015-119.jpg'><img loading=\"lazy\" decoding=\"async\" width=\"150\" height=\"150\" src=\"https:\/\/www.eren.ch\/documentation\/wp-content\/uploads\/sites\/2\/2015\/11\/consecration-2015-119-150x150.jpg\" class=\"attachment-thumbnail size-thumbnail\" alt=\"\" \/><\/a>\n\t\t\t<\/div><\/figure><figure class='gallery-item'>\n\t\t\t<div class='gallery-icon landscape'>\n\t\t\t\t<a href='https:\/\/www.eren.ch\/documentation\/wp-content\/uploads\/sites\/2\/2015\/11\/consecration-2015-120.jpg'><img loading=\"lazy\" decoding=\"async\" width=\"150\" height=\"150\" src=\"https:\/\/www.eren.ch\/documentation\/wp-content\/uploads\/sites\/2\/2015\/11\/consecration-2015-120-150x150.jpg\" class=\"attachment-thumbnail size-thumbnail\" alt=\"\" \/><\/a>\n\t\t\t<\/div><\/figure><figure class='gallery-item'>\n\t\t\t<div class='gallery-icon landscape'>\n\t\t\t\t<a href='https:\/\/www.eren.ch\/documentation\/wp-content\/uploads\/sites\/2\/2015\/11\/consecration-2015-121.jpg'><img loading=\"lazy\" decoding=\"async\" width=\"150\" height=\"150\" src=\"https:\/\/www.eren.ch\/documentation\/wp-content\/uploads\/sites\/2\/2015\/11\/consecration-2015-121-150x150.jpg\" class=\"attachment-thumbnail size-thumbnail\" alt=\"\" \/><\/a>\n\t\t\t<\/div><\/figure><figure class='gallery-item'>\n\t\t\t<div class='gallery-icon portrait'>\n\t\t\t\t<a href='https:\/\/www.eren.ch\/documentation\/wp-content\/uploads\/sites\/2\/2015\/11\/consecration-2015-122.jpg'><img loading=\"lazy\" decoding=\"async\" width=\"150\" height=\"150\" src=\"https:\/\/www.eren.ch\/documentation\/wp-content\/uploads\/sites\/2\/2015\/11\/consecration-2015-122-150x150.jpg\" class=\"attachment-thumbnail size-thumbnail\" alt=\"\" \/><\/a>\n\t\t\t<\/div><\/figure><figure class='gallery-item'>\n\t\t\t<div class='gallery-icon portrait'>\n\t\t\t\t<a href='https:\/\/www.eren.ch\/documentation\/wp-content\/uploads\/sites\/2\/2015\/11\/consecration-2015-123.jpg'><img loading=\"lazy\" decoding=\"async\" width=\"150\" height=\"150\" src=\"https:\/\/www.eren.ch\/documentation\/wp-content\/uploads\/sites\/2\/2015\/11\/consecration-2015-123-150x150.jpg\" class=\"attachment-thumbnail size-thumbnail\" alt=\"\" \/><\/a>\n\t\t\t<\/div><\/figure><figure class='gallery-item'>\n\t\t\t<div class='gallery-icon portrait'>\n\t\t\t\t<a href='https:\/\/www.eren.ch\/documentation\/wp-content\/uploads\/sites\/2\/2015\/11\/consecration-2015-124.jpg'><img loading=\"lazy\" decoding=\"async\" width=\"150\" height=\"150\" src=\"https:\/\/www.eren.ch\/documentation\/wp-content\/uploads\/sites\/2\/2015\/11\/consecration-2015-124-150x150.jpg\" class=\"attachment-thumbnail size-thumbnail\" alt=\"\" \/><\/a>\n\t\t\t<\/div><\/figure><figure class='gallery-item'>\n\t\t\t<div class='gallery-icon landscape'>\n\t\t\t\t<a href='https:\/\/www.eren.ch\/documentation\/wp-content\/uploads\/sites\/2\/2015\/11\/consecration-2015-125.jpg'><img loading=\"lazy\" decoding=\"async\" width=\"150\" height=\"150\" src=\"https:\/\/www.eren.ch\/documentation\/wp-content\/uploads\/sites\/2\/2015\/11\/consecration-2015-125-150x150.jpg\" class=\"attachment-thumbnail size-thumbnail\" alt=\"\" \/><\/a>\n\t\t\t<\/div><\/figure><figure class='gallery-item'>\n\t\t\t<div class='gallery-icon landscape'>\n\t\t\t\t<a href='https:\/\/www.eren.ch\/documentation\/wp-content\/uploads\/sites\/2\/2015\/11\/consecration-2015-126.jpg'><img loading=\"lazy\" decoding=\"async\" width=\"150\" height=\"150\" src=\"https:\/\/www.eren.ch\/documentation\/wp-content\/uploads\/sites\/2\/2015\/11\/consecration-2015-126-150x150.jpg\" class=\"attachment-thumbnail size-thumbnail\" alt=\"\" \/><\/a>\n\t\t\t<\/div><\/figure><figure class='gallery-item'>\n\t\t\t<div class='gallery-icon landscape'>\n\t\t\t\t<a href='https:\/\/www.eren.ch\/documentation\/wp-content\/uploads\/sites\/2\/2015\/11\/consecration-2015-127.jpg'><img loading=\"lazy\" decoding=\"async\" width=\"150\" height=\"150\" src=\"https:\/\/www.eren.ch\/documentation\/wp-content\/uploads\/sites\/2\/2015\/11\/consecration-2015-127-150x150.jpg\" class=\"attachment-thumbnail size-thumbnail\" alt=\"\" \/><\/a>\n\t\t\t<\/div><\/figure><figure class='gallery-item'>\n\t\t\t<div class='gallery-icon portrait'>\n\t\t\t\t<a href='https:\/\/www.eren.ch\/documentation\/wp-content\/uploads\/sites\/2\/2015\/11\/consecration-2015-128.jpg'><img loading=\"lazy\" decoding=\"async\" width=\"150\" height=\"150\" src=\"https:\/\/www.eren.ch\/documentation\/wp-content\/uploads\/sites\/2\/2015\/11\/consecration-2015-128-150x150.jpg\" class=\"attachment-thumbnail size-thumbnail\" alt=\"\" \/><\/a>\n\t\t\t<\/div><\/figure><figure class='gallery-item'>\n\t\t\t<div class='gallery-icon portrait'>\n\t\t\t\t<a href='https:\/\/www.eren.ch\/documentation\/wp-content\/uploads\/sites\/2\/2015\/11\/consecration-2015-129.jpg'><img loading=\"lazy\" decoding=\"async\" width=\"150\" height=\"150\" src=\"https:\/\/www.eren.ch\/documentation\/wp-content\/uploads\/sites\/2\/2015\/11\/consecration-2015-129-150x150.jpg\" class=\"attachment-thumbnail size-thumbnail\" alt=\"\" \/><\/a>\n\t\t\t<\/div><\/figure><figure class='gallery-item'>\n\t\t\t<div class='gallery-icon landscape'>\n\t\t\t\t<a href='https:\/\/www.eren.ch\/documentation\/wp-content\/uploads\/sites\/2\/2015\/11\/consecration-2015-130.jpg'><img loading=\"lazy\" decoding=\"async\" width=\"150\" height=\"150\" src=\"https:\/\/www.eren.ch\/documentation\/wp-content\/uploads\/sites\/2\/2015\/11\/consecration-2015-130-150x150.jpg\" class=\"attachment-thumbnail size-thumbnail\" alt=\"\" \/><\/a>\n\t\t\t<\/div><\/figure><figure class='gallery-item'>\n\t\t\t<div class='gallery-icon landscape'>\n\t\t\t\t<a href='https:\/\/www.eren.ch\/documentation\/wp-content\/uploads\/sites\/2\/2015\/11\/consecration-2015-131.jpg'><img loading=\"lazy\" decoding=\"async\" width=\"150\" height=\"150\" src=\"https:\/\/www.eren.ch\/documentation\/wp-content\/uploads\/sites\/2\/2015\/11\/consecration-2015-131-150x150.jpg\" class=\"attachment-thumbnail size-thumbnail\" alt=\"\" \/><\/a>\n\t\t\t<\/div><\/figure><figure class='gallery-item'>\n\t\t\t<div class='gallery-icon portrait'>\n\t\t\t\t<a href='https:\/\/www.eren.ch\/documentation\/wp-content\/uploads\/sites\/2\/2015\/11\/consecration-2015-132.jpg'><img loading=\"lazy\" decoding=\"async\" width=\"150\" height=\"150\" src=\"https:\/\/www.eren.ch\/documentation\/wp-content\/uploads\/sites\/2\/2015\/11\/consecration-2015-132-150x150.jpg\" class=\"attachment-thumbnail size-thumbnail\" alt=\"\" \/><\/a>\n\t\t\t<\/div><\/figure><figure class='gallery-item'>\n\t\t\t<div class='gallery-icon portrait'>\n\t\t\t\t<a href='https:\/\/www.eren.ch\/documentation\/wp-content\/uploads\/sites\/2\/2015\/11\/consecration-2015-133.jpg'><img loading=\"lazy\" decoding=\"async\" width=\"150\" height=\"150\" src=\"https:\/\/www.eren.ch\/documentation\/wp-content\/uploads\/sites\/2\/2015\/11\/consecration-2015-133-150x150.jpg\" class=\"attachment-thumbnail size-thumbnail\" alt=\"\" \/><\/a>\n\t\t\t<\/div><\/figure><figure class='gallery-item'>\n\t\t\t<div class='gallery-icon landscape'>\n\t\t\t\t<a href='https:\/\/www.eren.ch\/documentation\/wp-content\/uploads\/sites\/2\/2015\/11\/consecration-2015-134.jpg'><img loading=\"lazy\" decoding=\"async\" width=\"150\" height=\"150\" src=\"https:\/\/www.eren.ch\/documentation\/wp-content\/uploads\/sites\/2\/2015\/11\/consecration-2015-134-150x150.jpg\" class=\"attachment-thumbnail size-thumbnail\" alt=\"\" \/><\/a>\n\t\t\t<\/div><\/figure><figure class='gallery-item'>\n\t\t\t<div class='gallery-icon portrait'>\n\t\t\t\t<a href='https:\/\/www.eren.ch\/documentation\/wp-content\/uploads\/sites\/2\/2015\/11\/consecration-2015-135.jpg'><img loading=\"lazy\" decoding=\"async\" width=\"150\" height=\"150\" src=\"https:\/\/www.eren.ch\/documentation\/wp-content\/uploads\/sites\/2\/2015\/11\/consecration-2015-135-150x150.jpg\" class=\"attachment-thumbnail size-thumbnail\" alt=\"\" \/><\/a>\n\t\t\t<\/div><\/figure><figure class='gallery-item'>\n\t\t\t<div class='gallery-icon portrait'>\n\t\t\t\t<a href='https:\/\/www.eren.ch\/documentation\/wp-content\/uploads\/sites\/2\/2015\/11\/consecration-2015-136.jpg'><img loading=\"lazy\" decoding=\"async\" width=\"150\" height=\"150\" src=\"https:\/\/www.eren.ch\/documentation\/wp-content\/uploads\/sites\/2\/2015\/11\/consecration-2015-136-150x150.jpg\" class=\"attachment-thumbnail size-thumbnail\" alt=\"\" \/><\/a>\n\t\t\t<\/div><\/figure><figure class='gallery-item'>\n\t\t\t<div class='gallery-icon landscape'>\n\t\t\t\t<a href='https:\/\/www.eren.ch\/documentation\/wp-content\/uploads\/sites\/2\/2015\/11\/consecration-2015-137.jpg'><img loading=\"lazy\" decoding=\"async\" width=\"150\" height=\"150\" src=\"https:\/\/www.eren.ch\/documentation\/wp-content\/uploads\/sites\/2\/2015\/11\/consecration-2015-137-150x150.jpg\" class=\"attachment-thumbnail size-thumbnail\" alt=\"\" \/><\/a>\n\t\t\t<\/div><\/figure><figure class='gallery-item'>\n\t\t\t<div class='gallery-icon landscape'>\n\t\t\t\t<a href='https:\/\/www.eren.ch\/documentation\/wp-content\/uploads\/sites\/2\/2015\/11\/consecration-2015-138.jpg'><img loading=\"lazy\" decoding=\"async\" width=\"150\" height=\"150\" src=\"https:\/\/www.eren.ch\/documentation\/wp-content\/uploads\/sites\/2\/2015\/11\/consecration-2015-138-150x150.jpg\" class=\"attachment-thumbnail size-thumbnail\" alt=\"\" \/><\/a>\n\t\t\t<\/div><\/figure><figure class='gallery-item'>\n\t\t\t<div class='gallery-icon landscape'>\n\t\t\t\t<a href='https:\/\/www.eren.ch\/documentation\/wp-content\/uploads\/sites\/2\/2015\/11\/consecration-2015-139.jpg'><img loading=\"lazy\" decoding=\"async\" width=\"150\" height=\"150\" src=\"https:\/\/www.eren.ch\/documentation\/wp-content\/uploads\/sites\/2\/2015\/11\/consecration-2015-139-150x150.jpg\" class=\"attachment-thumbnail size-thumbnail\" alt=\"\" \/><\/a>\n\t\t\t<\/div><\/figure>\n\t\t<\/div>\n\n","protected":false},"excerpt":{"rendered":"<p>Photos: Guillaume Noguera<\/p>\n","protected":false},"author":1,"featured_media":0,"comment_status":"closed","ping_status":"closed","sticky":false,"template":"","format":"standard","meta":{"footnotes":""},"categories":[2],"tags":[],"class_list":["post-158","post","type-post","status-publish","format-standard","hentry","category-photos"],"yoast_head":"<!-- This site is optimized with the Yoast SEO Premium plugin v27.5 (Yoast SEO v27.5) - https:\/\/yoast.com\/product\/yoast-seo-premium-wordpress\/ -->\n<title>Photos de la c\u00e9r\u00e9monie de cons\u00e9cration 2015 - Documentation<\/title>\n<meta name=\"description\" content=\"Photos: Guillaume Noguera\" \/>\n<meta name=\"robots\" content=\"index, follow, max-snippet:-1, max-image-preview:large, max-video-preview:-1\" \/>\n<link rel=\"canonical\" href=\"https:\/\/www.eren.ch\/documentation\/2015\/11\/16\/photos-de-la-ceremonie-de-consecration-2015\/\" \/>\n<meta property=\"og:locale\" content=\"fr_FR\" \/>\n<meta property=\"og:type\" content=\"article\" \/>\n<meta property=\"og:title\" content=\"Photos de la c\u00e9r\u00e9monie de cons\u00e9cration 2015\" \/>\n<meta property=\"og:description\" content=\"Photos: Guillaume Noguera\" \/>\n<meta property=\"og:url\" content=\"https:\/\/www.eren.ch\/documentation\/2015\/11\/16\/photos-de-la-ceremonie-de-consecration-2015\/\" \/>\n<meta property=\"og:site_name\" content=\"Documentation\" \/>\n<meta property=\"article:publisher\" content=\"https:\/\/www.facebook.com\/eglise.EREN\" \/>\n<meta property=\"article:published_time\" content=\"2015-11-16T11:02:53+00:00\" \/>\n<meta property=\"article:modified_time\" content=\"2016-11-01T19:00:58+00:00\" \/>\n<meta property=\"og:image\" content=\"https:\/\/www.eren.ch\/documentation\/wp-content\/uploads\/sites\/2\/2015\/11\/consecration-2015-001-150x150.jpg\" \/>\n<meta name=\"author\" content=\"Nicolas Friedli\" \/>\n<meta name=\"twitter:card\" content=\"summary_large_image\" \/>\n<meta name=\"twitter:creator\" content=\"@EgliseEREN\" \/>\n<meta name=\"twitter:site\" content=\"@EgliseEREN\" \/>\n<meta name=\"twitter:label1\" content=\"\u00c9crit par\" \/>\n\t<meta name=\"twitter:data1\" content=\"Nicolas Friedli\" \/>\n<script type=\"application\/ld+json\" class=\"yoast-schema-graph\">{\"@context\":\"https:\\\/\\\/schema.org\",\"@graph\":[{\"@type\":\"Article\",\"@id\":\"https:\\\/\\\/www.eren.ch\\\/documentation\\\/2015\\\/11\\\/16\\\/photos-de-la-ceremonie-de-consecration-2015\\\/#article\",\"isPartOf\":{\"@id\":\"https:\\\/\\\/www.eren.ch\\\/documentation\\\/2015\\\/11\\\/16\\\/photos-de-la-ceremonie-de-consecration-2015\\\/\"},\"author\":{\"name\":\"Nicolas Friedli\",\"@id\":\"https:\\\/\\\/www.eren.ch\\\/documentation\\\/#\\\/schema\\\/person\\\/d90c073cc406f945e5a7c9e6f9f52d65\"},\"headline\":\"Photos de la c\u00e9r\u00e9monie de cons\u00e9cration 2015\",\"datePublished\":\"2015-11-16T11:02:53+00:00\",\"dateModified\":\"2016-11-01T19:00:58+00:00\",\"mainEntityOfPage\":{\"@id\":\"https:\\\/\\\/www.eren.ch\\\/documentation\\\/2015\\\/11\\\/16\\\/photos-de-la-ceremonie-de-consecration-2015\\\/\"},\"wordCount\":17,\"publisher\":{\"@id\":\"https:\\\/\\\/www.eren.ch\\\/documentation\\\/#organization\"},\"articleSection\":[\"Photos\"],\"inLanguage\":\"fr-FR\"},{\"@type\":\"WebPage\",\"@id\":\"https:\\\/\\\/www.eren.ch\\\/documentation\\\/2015\\\/11\\\/16\\\/photos-de-la-ceremonie-de-consecration-2015\\\/\",\"url\":\"https:\\\/\\\/www.eren.ch\\\/documentation\\\/2015\\\/11\\\/16\\\/photos-de-la-ceremonie-de-consecration-2015\\\/\",\"name\":\"Photos de la c\u00e9r\u00e9monie de cons\u00e9cration 2015 - Documentation\",\"isPartOf\":{\"@id\":\"https:\\\/\\\/www.eren.ch\\\/documentation\\\/#website\"},\"datePublished\":\"2015-11-16T11:02:53+00:00\",\"dateModified\":\"2016-11-01T19:00:58+00:00\",\"description\":\"Photos: Guillaume Noguera\",\"breadcrumb\":{\"@id\":\"https:\\\/\\\/www.eren.ch\\\/documentation\\\/2015\\\/11\\\/16\\\/photos-de-la-ceremonie-de-consecration-2015\\\/#breadcrumb\"},\"inLanguage\":\"fr-FR\",\"potentialAction\":[{\"@type\":\"ReadAction\",\"target\":[\"https:\\\/\\\/www.eren.ch\\\/documentation\\\/2015\\\/11\\\/16\\\/photos-de-la-ceremonie-de-consecration-2015\\\/\"]}]},{\"@type\":\"BreadcrumbList\",\"@id\":\"https:\\\/\\\/www.eren.ch\\\/documentation\\\/2015\\\/11\\\/16\\\/photos-de-la-ceremonie-de-consecration-2015\\\/#breadcrumb\",\"itemListElement\":[{\"@type\":\"ListItem\",\"position\":1,\"name\":\"Accueil\",\"item\":\"https:\\\/\\\/www.eren.ch\\\/documentation\\\/\"},{\"@type\":\"ListItem\",\"position\":2,\"name\":\"Photos de la c\u00e9r\u00e9monie de cons\u00e9cration 2015\"}]},{\"@type\":\"WebSite\",\"@id\":\"https:\\\/\\\/www.eren.ch\\\/documentation\\\/#website\",\"url\":\"https:\\\/\\\/www.eren.ch\\\/documentation\\\/\",\"name\":\"Documentation\",\"description\":\"Les ressources de l&#039;EREN\",\"publisher\":{\"@id\":\"https:\\\/\\\/www.eren.ch\\\/documentation\\\/#organization\"},\"potentialAction\":[{\"@type\":\"SearchAction\",\"target\":{\"@type\":\"EntryPoint\",\"urlTemplate\":\"https:\\\/\\\/www.eren.ch\\\/documentation\\\/?s={search_term_string}\"},\"query-input\":{\"@type\":\"PropertyValueSpecification\",\"valueRequired\":true,\"valueName\":\"search_term_string\"}}],\"inLanguage\":\"fr-FR\"},{\"@type\":\"Organization\",\"@id\":\"https:\\\/\\\/www.eren.ch\\\/documentation\\\/#organization\",\"name\":\"Eglise r\u00e9form\u00e9e \u00e9vang\u00e9lique du canton de Neuch\u00e2tel (EREN)\",\"url\":\"https:\\\/\\\/www.eren.ch\\\/documentation\\\/\",\"logo\":{\"@type\":\"ImageObject\",\"inLanguage\":\"fr-FR\",\"@id\":\"https:\\\/\\\/www.eren.ch\\\/documentation\\\/#\\\/schema\\\/logo\\\/image\\\/\",\"url\":\"https:\\\/\\\/www.eren.ch\\\/documentation\\\/wp-content\\\/uploads\\\/sites\\\/2\\\/2019\\\/10\\\/logo-eren-carre.jpg\",\"contentUrl\":\"https:\\\/\\\/www.eren.ch\\\/documentation\\\/wp-content\\\/uploads\\\/sites\\\/2\\\/2019\\\/10\\\/logo-eren-carre.jpg\",\"width\":512,\"height\":512,\"caption\":\"Eglise r\u00e9form\u00e9e \u00e9vang\u00e9lique du canton de Neuch\u00e2tel (EREN)\"},\"image\":{\"@id\":\"https:\\\/\\\/www.eren.ch\\\/documentation\\\/#\\\/schema\\\/logo\\\/image\\\/\"},\"sameAs\":[\"https:\\\/\\\/www.facebook.com\\\/eglise.EREN\",\"https:\\\/\\\/x.com\\\/EgliseEREN\"]},{\"@type\":\"Person\",\"@id\":\"https:\\\/\\\/www.eren.ch\\\/documentation\\\/#\\\/schema\\\/person\\\/d90c073cc406f945e5a7c9e6f9f52d65\",\"name\":\"Nicolas Friedli\",\"image\":{\"@type\":\"ImageObject\",\"inLanguage\":\"fr-FR\",\"@id\":\"https:\\\/\\\/secure.gravatar.com\\\/avatar\\\/be2863991a16cf49050fd15ca4436ec881ed02dc069526dcdafde418ed375d9d?s=96&d=mm&r=g\",\"url\":\"https:\\\/\\\/secure.gravatar.com\\\/avatar\\\/be2863991a16cf49050fd15ca4436ec881ed02dc069526dcdafde418ed375d9d?s=96&d=mm&r=g\",\"contentUrl\":\"https:\\\/\\\/secure.gravatar.com\\\/avatar\\\/be2863991a16cf49050fd15ca4436ec881ed02dc069526dcdafde418ed375d9d?s=96&d=mm&r=g\",\"caption\":\"Nicolas Friedli\"},\"description\":\"Webmaster de l'EREN et responsable de r\u00e9seaux sociaux.\",\"sameAs\":[\"https:\\\/\\\/nicolasfriedli.ch\\\/\"],\"honorificPrefix\":\"M.\",\"honorificSuffix\":\"master\",\"birthDate\":\"1978-05-30\",\"gender\":\"homme\",\"knowsAbout\":[\"web\",\"SEO\",\"architecture d&#39;information\",\"documentation\",\"WordPress\"],\"knowsLanguage\":[\"fran\u00e7ais\",\"allemand\",\"anglais\"]}]}<\/script>\n<!-- \/ Yoast SEO Premium plugin. -->","yoast_head_json":{"title":"Photos de la c\u00e9r\u00e9monie de cons\u00e9cration 2015 - Documentation","description":"Photos: Guillaume Noguera","robots":{"index":"index","follow":"follow","max-snippet":"max-snippet:-1","max-image-preview":"max-image-preview:large","max-video-preview":"max-video-preview:-1"},"canonical":"https:\/\/www.eren.ch\/documentation\/2015\/11\/16\/photos-de-la-ceremonie-de-consecration-2015\/","og_locale":"fr_FR","og_type":"article","og_title":"Photos de la c\u00e9r\u00e9monie de cons\u00e9cration 2015","og_description":"Photos: Guillaume Noguera","og_url":"https:\/\/www.eren.ch\/documentation\/2015\/11\/16\/photos-de-la-ceremonie-de-consecration-2015\/","og_site_name":"Documentation","article_publisher":"https:\/\/www.facebook.com\/eglise.EREN","article_published_time":"2015-11-16T11:02:53+00:00","article_modified_time":"2016-11-01T19:00:58+00:00","og_image":[{"url":"https:\/\/www.eren.ch\/documentation\/wp-content\/uploads\/sites\/2\/2015\/11\/consecration-2015-001-150x150.jpg","type":"","width":"","height":""}],"author":"Nicolas Friedli","twitter_card":"summary_large_image","twitter_creator":"@EgliseEREN","twitter_site":"@EgliseEREN","twitter_misc":{"\u00c9crit par":"Nicolas Friedli"},"schema":{"@context":"https:\/\/schema.org","@graph":[{"@type":"Article","@id":"https:\/\/www.eren.ch\/documentation\/2015\/11\/16\/photos-de-la-ceremonie-de-consecration-2015\/#article","isPartOf":{"@id":"https:\/\/www.eren.ch\/documentation\/2015\/11\/16\/photos-de-la-ceremonie-de-consecration-2015\/"},"author":{"name":"Nicolas Friedli","@id":"https:\/\/www.eren.ch\/documentation\/#\/schema\/person\/d90c073cc406f945e5a7c9e6f9f52d65"},"headline":"Photos de la c\u00e9r\u00e9monie de cons\u00e9cration 2015","datePublished":"2015-11-16T11:02:53+00:00","dateModified":"2016-11-01T19:00:58+00:00","mainEntityOfPage":{"@id":"https:\/\/www.eren.ch\/documentation\/2015\/11\/16\/photos-de-la-ceremonie-de-consecration-2015\/"},"wordCount":17,"publisher":{"@id":"https:\/\/www.eren.ch\/documentation\/#organization"},"articleSection":["Photos"],"inLanguage":"fr-FR"},{"@type":"WebPage","@id":"https:\/\/www.eren.ch\/documentation\/2015\/11\/16\/photos-de-la-ceremonie-de-consecration-2015\/","url":"https:\/\/www.eren.ch\/documentation\/2015\/11\/16\/photos-de-la-ceremonie-de-consecration-2015\/","name":"Photos de la c\u00e9r\u00e9monie de cons\u00e9cration 2015 - Documentation","isPartOf":{"@id":"https:\/\/www.eren.ch\/documentation\/#website"},"datePublished":"2015-11-16T11:02:53+00:00","dateModified":"2016-11-01T19:00:58+00:00","description":"Photos: Guillaume Noguera","breadcrumb":{"@id":"https:\/\/www.eren.ch\/documentation\/2015\/11\/16\/photos-de-la-ceremonie-de-consecration-2015\/#breadcrumb"},"inLanguage":"fr-FR","potentialAction":[{"@type":"ReadAction","target":["https:\/\/www.eren.ch\/documentation\/2015\/11\/16\/photos-de-la-ceremonie-de-consecration-2015\/"]}]},{"@type":"BreadcrumbList","@id":"https:\/\/www.eren.ch\/documentation\/2015\/11\/16\/photos-de-la-ceremonie-de-consecration-2015\/#breadcrumb","itemListElement":[{"@type":"ListItem","position":1,"name":"Accueil","item":"https:\/\/www.eren.ch\/documentation\/"},{"@type":"ListItem","position":2,"name":"Photos de la c\u00e9r\u00e9monie de cons\u00e9cration 2015"}]},{"@type":"WebSite","@id":"https:\/\/www.eren.ch\/documentation\/#website","url":"https:\/\/www.eren.ch\/documentation\/","name":"Documentation","description":"Les ressources de l&#039;EREN","publisher":{"@id":"https:\/\/www.eren.ch\/documentation\/#organization"},"potentialAction":[{"@type":"SearchAction","target":{"@type":"EntryPoint","urlTemplate":"https:\/\/www.eren.ch\/documentation\/?s={search_term_string}"},"query-input":{"@type":"PropertyValueSpecification","valueRequired":true,"valueName":"search_term_string"}}],"inLanguage":"fr-FR"},{"@type":"Organization","@id":"https:\/\/www.eren.ch\/documentation\/#organization","name":"Eglise r\u00e9form\u00e9e \u00e9vang\u00e9lique du canton de Neuch\u00e2tel (EREN)","url":"https:\/\/www.eren.ch\/documentation\/","logo":{"@type":"ImageObject","inLanguage":"fr-FR","@id":"https:\/\/www.eren.ch\/documentation\/#\/schema\/logo\/image\/","url":"https:\/\/www.eren.ch\/documentation\/wp-content\/uploads\/sites\/2\/2019\/10\/logo-eren-carre.jpg","contentUrl":"https:\/\/www.eren.ch\/documentation\/wp-content\/uploads\/sites\/2\/2019\/10\/logo-eren-carre.jpg","width":512,"height":512,"caption":"Eglise r\u00e9form\u00e9e \u00e9vang\u00e9lique du canton de Neuch\u00e2tel (EREN)"},"image":{"@id":"https:\/\/www.eren.ch\/documentation\/#\/schema\/logo\/image\/"},"sameAs":["https:\/\/www.facebook.com\/eglise.EREN","https:\/\/x.com\/EgliseEREN"]},{"@type":"Person","@id":"https:\/\/www.eren.ch\/documentation\/#\/schema\/person\/d90c073cc406f945e5a7c9e6f9f52d65","name":"Nicolas Friedli","image":{"@type":"ImageObject","inLanguage":"fr-FR","@id":"https:\/\/secure.gravatar.com\/avatar\/be2863991a16cf49050fd15ca4436ec881ed02dc069526dcdafde418ed375d9d?s=96&d=mm&r=g","url":"https:\/\/secure.gravatar.com\/avatar\/be2863991a16cf49050fd15ca4436ec881ed02dc069526dcdafde418ed375d9d?s=96&d=mm&r=g","contentUrl":"https:\/\/secure.gravatar.com\/avatar\/be2863991a16cf49050fd15ca4436ec881ed02dc069526dcdafde418ed375d9d?s=96&d=mm&r=g","caption":"Nicolas Friedli"},"description":"Webmaster de l'EREN et responsable de r\u00e9seaux sociaux.","sameAs":["https:\/\/nicolasfriedli.ch\/"],"honorificPrefix":"M.","honorificSuffix":"master","birthDate":"1978-05-30","gender":"homme","knowsAbout":["web","SEO","architecture d&#39;information","documentation","WordPress"],"knowsLanguage":["fran\u00e7ais","allemand","anglais"]}]}},"_links":{"self":[{"href":"https:\/\/www.eren.ch\/documentation\/wp-json\/wp\/v2\/posts\/158","targetHints":{"allow":["GET"]}}],"collection":[{"href":"https:\/\/www.eren.ch\/documentation\/wp-json\/wp\/v2\/posts"}],"about":[{"href":"https:\/\/www.eren.ch\/documentation\/wp-json\/wp\/v2\/types\/post"}],"author":[{"embeddable":true,"href":"https:\/\/www.eren.ch\/documentation\/wp-json\/wp\/v2\/users\/1"}],"replies":[{"embeddable":true,"href":"https:\/\/www.eren.ch\/documentation\/wp-json\/wp\/v2\/comments?post=158"}],"version-history":[{"count":5,"href":"https:\/\/www.eren.ch\/documentation\/wp-json\/wp\/v2\/posts\/158\/revisions"}],"predecessor-version":[{"id":305,"href":"https:\/\/www.eren.ch\/documentation\/wp-json\/wp\/v2\/posts\/158\/revisions\/305"}],"wp:attachment":[{"href":"https:\/\/www.eren.ch\/documentation\/wp-json\/wp\/v2\/media?parent=158"}],"wp:term":[{"taxonomy":"category","embeddable":true,"href":"https:\/\/www.eren.ch\/documentation\/wp-json\/wp\/v2\/categories?post=158"},{"taxonomy":"post_tag","embeddable":true,"href":"https:\/\/www.eren.ch\/documentation\/wp-json\/wp\/v2\/tags?post=158"}],"curies":[{"name":"wp","href":"https:\/\/api.w.org\/{rel}","templated":true}]}}