{"id":540,"date":"2021-04-20T15:00:00","date_gmt":"2021-04-20T13:00:00","guid":{"rendered":"https:\/\/www.eren.ch\/hautesjoux\/?p=540"},"modified":"2025-02-12T09:24:41","modified_gmt":"2025-02-12T08:24:41","slug":"archives-des-meditations-et-predications","status":"publish","type":"post","link":"https:\/\/www.eren.ch\/hautesjoux\/2021\/04\/20\/archives-des-meditations-et-predications\/","title":{"rendered":"Archives des m\u00e9ditations et pr\u00e9dications"},"content":{"rendered":"<ul>\n<li><a href=\"https:\/\/www.eren.ch\/hautesjoux\/wp-content\/uploads\/sites\/12\/2021\/03\/20_11_29-Ac.-4-1-12.pdf\">20_11_29 Ac. 4, 1-12\u00a0\u00a0<\/a><\/li>\n<li><a href=\"https:\/\/www.eren.ch\/hautesjoux\/wp-content\/uploads\/sites\/12\/2021\/03\/20_11_22-Ac.-3-1-10.pdf\">20_11_22 Ac. 3, 1-10<\/a><\/li>\n<li><a href=\"https:\/\/www.eren.ch\/hautesjoux\/wp-content\/uploads\/sites\/12\/2021\/03\/Ps-12-Re\u0301signation.docx\">Ps 12 Re\u0301signation<\/a><\/li>\n<li><a href=\"https:\/\/www.eren.ch\/hautesjoux\/wp-content\/uploads\/sites\/12\/2021\/03\/2-Co-1-2-7-Consolation.docx\">2 Co 1, 2-7 Consolation<\/a><\/li>\n<li><a href=\"https:\/\/www.eren.ch\/hautesjoux\/wp-content\/uploads\/sites\/12\/2021\/03\/Eph-3-17-19-Amour.docx\">Eph 3, 17-19 Amour<\/a><\/li>\n<li><strong>Vid\u00e9o du culte de No\u00ebl aux Ponts-de-Martel<\/strong><a href=\"https:\/\/www.facebook.com\/HautesJoux\/posts\/3717548751640726\">Retrouvez sur facebook<\/a> ou ici :\n<!-- iframe plugin v.6.0 wordpress.org\/plugins\/iframe\/ -->\n<iframe loading=\"lazy\" src=\"https:\/\/www.facebook.com\/plugins\/video.php?height=314&#038;href=https%3A%2F%2Fwww.facebook.com%2FHautesJoux%2Fvideos%2F402202514532369%2F&#038;show_text=false&#038;width=560\" width=\"560\" height=\"314\" style=\"border:none;overflow:hidden\" scrolling=\"no\" frameborder=\"0\" allowfullscreen=\"true\" allow=\"autoplay; clipboard-write; encrypted-media; picture-in-picture; web-share\" class=\"iframe-class\"><\/iframe>\n<\/li>\n<li><strong>Vid\u00e9o du culte de No\u00ebl des Brenets du 20 d\u00e9cembre<\/strong><div style=\"width: 640px;\" class=\"wp-video\"><video class=\"wp-video-shortcode\" id=\"video-540-1\" width=\"640\" height=\"480\" preload=\"metadata\" controls=\"controls\"><source type=\"video\/mp4\" src=\"https:\/\/www.eren.ch\/hautesjoux\/wp-content\/uploads\/sites\/12\/2020\/12\/Les-Mages_A.V.Lucena_SD_200MB_480p.mp4?_=1\" \/><a href=\"https:\/\/www.eren.ch\/hautesjoux\/wp-content\/uploads\/sites\/12\/2020\/12\/Les-Mages_A.V.Lucena_SD_200MB_480p.mp4\">https:\/\/www.eren.ch\/hautesjoux\/wp-content\/uploads\/sites\/12\/2020\/12\/Les-Mages_A.V.Lucena_SD_200MB_480p.mp4<\/a><\/video><\/div>\n<p>&nbsp;<\/li>\n<li><a href=\"https:\/\/www.eren.ch\/hautesjoux\/wp-content\/uploads\/sites\/12\/2020\/12\/Qui-es-tu-Jean-Marc-Leresche.pdf\">Qui es-tu Jean-Marc Leresche <\/a><\/li>\n<li><a href=\"https:\/\/www.eren.ch\/hautesjoux\/wp-content\/uploads\/sites\/12\/2020\/11\/20_11_15-Ac.-2-42-47.pdf\">M\u00e9ditation du 15.11.20 Ac. 2, 42-47\u00a0<\/a><\/li>\n<li><a href=\"https:\/\/www.eren.ch\/hautesjoux\/wp-content\/uploads\/sites\/12\/2020\/11\/me\u0301ditation-8-novembre-2020.pdf\">me\u0301ditation 8 novembre 2020<\/a> (Christine Hahn)<\/li>\n<li><a href=\"https:\/\/www.eren.ch\/hautesjoux\/wp-content\/uploads\/sites\/12\/2020\/09\/si-ton-frere.pdf\">Si ton fr\u00e8re&#8230;\u00a0<\/a>\u00a0 \u00a0(Yves-Alain Leuba, 6 septembre 2020)<\/li>\n<li><a href=\"https:\/\/www.eren.ch\/hautesjoux\/wp-content\/uploads\/sites\/12\/2020\/08\/Pi\u00e8ce-jointe-sans-titre-00009.pdf\">Tr\u00e9sor cach\u00e9 &amp; marchand de perles<\/a> (Yves-Alain Leuba, 2 ao\u00fbt 2020)<\/li>\n<li><a href=\"https:\/\/www.eren.ch\/hautesjoux\/wp-content\/uploads\/sites\/12\/2020\/08\/Matthieu-10-1-20-Lautorit\u00e9-de-lamour.pdf\">Matthieu 10, 1-20 ; L&rsquo;autorit\u00e9 de l&rsquo;amour<\/a> (Pascal Wurz, 21 juin 2020)<\/li>\n<li><a href=\"https:\/\/www.eren.ch\/hautesjoux\/wp-content\/uploads\/sites\/12\/2020\/06\/Esa\u00efe-43-8-12-Romains-5-1-11-Matthieu-9-27-38-Matthieu-9-35-38-1.pdf\">Matthieu 9, 35-38<\/a> (Christine Hahn, 14 juin 2020)<\/li>\n<li><a href=\"https:\/\/www.eren.ch\/hautesjoux\/wp-content\/uploads\/sites\/12\/2020\/06\/Gen\u00e8se-18-1-16-Jude-20-21-24-25-Jean-3-1-8.pdf\">Gen\u00e8se 18 <\/a>(Pascal Wurz, 7 juin 2020)<\/li>\n<li><a href=\"https:\/\/www.eren.ch\/hautesjoux\/wp-content\/uploads\/sites\/12\/2020\/06\/Romains-8-1-9-Libres-.pdf\">Romains 8, 1-9 ; Libres !<\/a> (Christine Hahn, 31 mai 2020)<\/li>\n<li><a href=\"https:\/\/www.eren.ch\/hautesjoux\/wp-content\/uploads\/sites\/12\/2020\/06\/J\u00e9r\u00e9mie-31-31-34-Apocalypse-1-9-18-1-Jean-5-1-5-Jean-17-1-11a.pdf\">Jean 17, 1-11a<\/a> (Pascal Wurz, 24 mai 2020)<\/li>\n<li><a href=\"https:\/\/www.eren.ch\/hautesjoux\/wp-content\/uploads\/sites\/12\/2020\/06\/Esa\u00efe-55-1-5-Jean-2-20-25-Jean-14-15-21-Cest-ouvert-.pdf\">Esa\u00efe 55, 1-5 ; C&rsquo;est ouvert !<\/a> (Christine Hahn, 17 mai 2020)<\/li>\n<li><a href=\"https:\/\/www.eren.ch\/hautesjoux\/wp-content\/uploads\/sites\/12\/2020\/06\/Esa\u00efe-12-1-6-Actes-10-34-43-1-Jean-1-5-10-Jean-14-8-14.pdf\">Esa\u00efe 12, 1-6 <\/a>\u00a0(Pascal Wurz, 10 mai 2020)<\/li>\n<li><a href=\"https:\/\/www.eren.ch\/hautesjoux\/wp-content\/uploads\/sites\/12\/2020\/06\/Jean-14-1-7-1-Jean-1-1-4-Quand-nous-avons-le-coeur-troubl\u00e9.pdf\">Jean 14, 1-7 ; 1 Jean 1, 1-4 ; Quand nous avons le c\u0153ur troubl\u00e9<\/a> (Christine Hahn, 3 mai 2020)<\/li>\n<li><a href=\"https:\/\/www.eren.ch\/hautesjoux\/wp-content\/uploads\/sites\/12\/2020\/08\/Le-disciple-que-J\u00e9sus-aimait.pdf\">Le disciple que J\u00e9sus aimait<\/a> (Pascal Wurz, 26 avril 2020)<\/li>\n<li><a href=\"https:\/\/www.eren.ch\/hautesjoux\/wp-content\/uploads\/sites\/12\/2020\/08\/Le-centurion.pdf\">Le centurion<\/a> (Pascal Wurz, 19 avril 2020)<\/li>\n<li><a href=\"https:\/\/www.eren.ch\/hautesjoux\/wp-content\/uploads\/sites\/12\/2020\/08\/Luc-23-43-P\u00e2ques.pdf\">Luc 23, 43 ; P\u00e2ques<\/a> (Pascal Wurz, 12 avril 2020)<\/li>\n<li><a href=\"https:\/\/www.eren.ch\/hautesjoux\/wp-content\/uploads\/sites\/12\/2020\/08\/Jean-19-25-27-Au-pied-de-la-croix-fin-et-commencement.pdf\">Jean 19, 25-27 ; Au pied de la croix, fin et commencement<\/a> (Christine Hahn, P\u00e2ques 2020)<\/li>\n<li><a href=\"https:\/\/www.eren.ch\/hautesjoux\/wp-content\/uploads\/sites\/12\/2020\/08\/Ca\u00efphe.pdf\">Ca\u00efphe<\/a> (Pascal Wurz, 5 avril 2020)<\/li>\n<li><a href=\"https:\/\/www.eren.ch\/hautesjoux\/wp-content\/uploads\/sites\/12\/2020\/08\/Judas.pdf\">Judas<\/a> (Pascal Wurz, 29 mars 2020)<\/li>\n<li><a href=\"https:\/\/www.eren.ch\/hautesjoux\/wp-content\/uploads\/sites\/12\/2020\/08\/Luc-5-16-Mais-lui-se-retirait-dans-le-d\u00e9sert-et-priait.pdf\">Luc 5, 16 ; Mais lui se retirait dans le d\u00e9sert et priait<\/a> (Christine Hahn, 22 mars 2020)<\/li>\n<li><a href=\"https:\/\/www.eren.ch\/hautesjoux\/wp-content\/uploads\/sites\/12\/2020\/02\/qestion-de-jean-baptiste.pdf\">Question de Jean Baptiste<\/a> (Yves-Alain Leuba, 15 d\u00e9cembre 2019)<\/li>\n<li><a href=\"https:\/\/www.eren.ch\/hautesjoux\/wp-content\/uploads\/sites\/12\/2020\/02\/Proverbes-pour-l\u00e9t\u00e9.pdf\">Proverbes pour l&rsquo;\u00e9t\u00e9<\/a> (Yves-Alain Leuba, 4 ao\u00fbt 2019)<\/li>\n<li><\/li>\n<\/ul>\n","protected":false},"excerpt":{"rendered":"<p>20_11_29 Ac. 4, 1-12\u00a0\u00a0 20_11_22 Ac. 3, 1-10 Ps 12 Re\u0301signation 2 Co 1, 2-7 Consolation Eph 3, 17-19 Amour Vid\u00e9o du culte de No\u00ebl aux Ponts-de-MartelRetrouvez sur facebook ou ici : Vid\u00e9o du culte de No\u00ebl des Brenets du 20 d\u00e9cembre &nbsp; Qui es-tu Jean-Marc Leresche M\u00e9ditation du 15.11.20 Ac. 2, 42-47\u00a0 me\u0301ditation 8 &hellip; <a href=\"https:\/\/www.eren.ch\/hautesjoux\/2021\/04\/20\/archives-des-meditations-et-predications\/\" class=\"more-link\">Continuer la lecture<span class=\"screen-reader-text\"> de &laquo;&nbsp;Archives des m\u00e9ditations et pr\u00e9dications&nbsp;&raquo;<\/span><\/a><\/p>\n","protected":false},"author":29,"featured_media":0,"comment_status":"closed","ping_status":"closed","sticky":false,"template":"","format":"standard","meta":{"footnotes":""},"categories":[197],"tags":[],"class_list":["post-540","post","type-post","status-publish","format-standard","hentry","category-predication"],"yoast_head":"<!-- This site is optimized with the Yoast SEO Premium plugin v27.5 (Yoast SEO v27.5) - https:\/\/yoast.com\/product\/yoast-seo-premium-wordpress\/ -->\n<title>Archives des m\u00e9ditations et pr\u00e9dications &#8226; Paroisse des Hautes Joux<\/title>\n<meta name=\"robots\" content=\"index, follow, max-snippet:-1, max-image-preview:large, max-video-preview:-1\" \/>\n<link rel=\"canonical\" href=\"https:\/\/www.eren.ch\/hautesjoux\/2021\/04\/20\/archives-des-meditations-et-predications\/\" \/>\n<meta property=\"og:locale\" content=\"fr_FR\" \/>\n<meta property=\"og:type\" content=\"article\" \/>\n<meta property=\"og:title\" content=\"Archives des m\u00e9ditations et pr\u00e9dications\" \/>\n<meta property=\"og:description\" content=\"20_11_29 Ac. 4, 1-12\u00a0\u00a0 20_11_22 Ac. 3, 1-10 Ps 12 Re\u0301signation 2 Co 1, 2-7 Consolation Eph 3, 17-19 Amour Vid\u00e9o du culte de No\u00ebl aux Ponts-de-MartelRetrouvez sur facebook ou ici : Vid\u00e9o du culte de No\u00ebl des Brenets du 20 d\u00e9cembre &nbsp; Qui es-tu Jean-Marc Leresche M\u00e9ditation du 15.11.20 Ac. 2, 42-47\u00a0 me\u0301ditation 8 &hellip; Continuer la lecture de &laquo;&nbsp;Archives des m\u00e9ditations et pr\u00e9dications&nbsp;&raquo;\" \/>\n<meta property=\"og:url\" content=\"https:\/\/www.eren.ch\/hautesjoux\/2021\/04\/20\/archives-des-meditations-et-predications\/\" \/>\n<meta property=\"og:site_name\" content=\"Paroisse des Hautes Joux\" \/>\n<meta property=\"article:publisher\" content=\"https:\/\/www.facebook.com\/HautesJoux\" \/>\n<meta property=\"article:published_time\" content=\"2021-04-20T13:00:00+00:00\" \/>\n<meta property=\"article:modified_time\" content=\"2025-02-12T08:24:41+00:00\" \/>\n<meta name=\"author\" content=\"Secr\u00e9tariat des Hautes Joux\" \/>\n<meta name=\"twitter:card\" content=\"summary_large_image\" \/>\n<meta name=\"twitter:label1\" content=\"\u00c9crit par\" \/>\n\t<meta name=\"twitter:data1\" content=\"Secr\u00e9tariat des Hautes Joux\" \/>\n\t<meta name=\"twitter:label2\" content=\"Dur\u00e9e de lecture estim\u00e9e\" \/>\n\t<meta name=\"twitter:data2\" content=\"2 minutes\" \/>\n<script type=\"application\/ld+json\" class=\"yoast-schema-graph\">{\"@context\":\"https:\\\/\\\/schema.org\",\"@graph\":[{\"@type\":\"Article\",\"@id\":\"https:\\\/\\\/www.eren.ch\\\/hautesjoux\\\/2021\\\/04\\\/20\\\/archives-des-meditations-et-predications\\\/#article\",\"isPartOf\":{\"@id\":\"https:\\\/\\\/www.eren.ch\\\/hautesjoux\\\/2021\\\/04\\\/20\\\/archives-des-meditations-et-predications\\\/\"},\"author\":{\"name\":\"Secr\u00e9tariat des Hautes Joux\",\"@id\":\"https:\\\/\\\/www.eren.ch\\\/hautesjoux\\\/#\\\/schema\\\/person\\\/acf70ef648652d57ffa688081ab9adf1\"},\"headline\":\"Archives des m\u00e9ditations et pr\u00e9dications\",\"datePublished\":\"2021-04-20T13:00:00+00:00\",\"dateModified\":\"2025-02-12T08:24:41+00:00\",\"mainEntityOfPage\":{\"@id\":\"https:\\\/\\\/www.eren.ch\\\/hautesjoux\\\/2021\\\/04\\\/20\\\/archives-des-meditations-et-predications\\\/\"},\"wordCount\":283,\"publisher\":{\"@id\":\"https:\\\/\\\/www.eren.ch\\\/hautesjoux\\\/#organization\"},\"articleSection\":[\"Pr\u00e9dication\"],\"inLanguage\":\"fr-FR\"},{\"@type\":\"WebPage\",\"@id\":\"https:\\\/\\\/www.eren.ch\\\/hautesjoux\\\/2021\\\/04\\\/20\\\/archives-des-meditations-et-predications\\\/\",\"url\":\"https:\\\/\\\/www.eren.ch\\\/hautesjoux\\\/2021\\\/04\\\/20\\\/archives-des-meditations-et-predications\\\/\",\"name\":\"Archives des m\u00e9ditations et pr\u00e9dications &#8226; Paroisse des Hautes Joux\",\"isPartOf\":{\"@id\":\"https:\\\/\\\/www.eren.ch\\\/hautesjoux\\\/#website\"},\"datePublished\":\"2021-04-20T13:00:00+00:00\",\"dateModified\":\"2025-02-12T08:24:41+00:00\",\"breadcrumb\":{\"@id\":\"https:\\\/\\\/www.eren.ch\\\/hautesjoux\\\/2021\\\/04\\\/20\\\/archives-des-meditations-et-predications\\\/#breadcrumb\"},\"inLanguage\":\"fr-FR\",\"potentialAction\":[{\"@type\":\"ReadAction\",\"target\":[\"https:\\\/\\\/www.eren.ch\\\/hautesjoux\\\/2021\\\/04\\\/20\\\/archives-des-meditations-et-predications\\\/\"]}]},{\"@type\":\"BreadcrumbList\",\"@id\":\"https:\\\/\\\/www.eren.ch\\\/hautesjoux\\\/2021\\\/04\\\/20\\\/archives-des-meditations-et-predications\\\/#breadcrumb\",\"itemListElement\":[{\"@type\":\"ListItem\",\"position\":1,\"name\":\"Accueil\",\"item\":\"https:\\\/\\\/www.eren.ch\\\/hautesjoux\\\/\"},{\"@type\":\"ListItem\",\"position\":2,\"name\":\"Archives des m\u00e9ditations et pr\u00e9dications\"}]},{\"@type\":\"WebSite\",\"@id\":\"https:\\\/\\\/www.eren.ch\\\/hautesjoux\\\/#website\",\"url\":\"https:\\\/\\\/www.eren.ch\\\/hautesjoux\\\/\",\"name\":\"Paroisse des Hautes Joux\",\"description\":\"Paroisse r\u00e9form\u00e9e du district du Locle\",\"publisher\":{\"@id\":\"https:\\\/\\\/www.eren.ch\\\/hautesjoux\\\/#organization\"},\"potentialAction\":[{\"@type\":\"SearchAction\",\"target\":{\"@type\":\"EntryPoint\",\"urlTemplate\":\"https:\\\/\\\/www.eren.ch\\\/hautesjoux\\\/?s={search_term_string}\"},\"query-input\":{\"@type\":\"PropertyValueSpecification\",\"valueRequired\":true,\"valueName\":\"search_term_string\"}}],\"inLanguage\":\"fr-FR\"},{\"@type\":\"Organization\",\"@id\":\"https:\\\/\\\/www.eren.ch\\\/hautesjoux\\\/#organization\",\"name\":\"Paroisse des Hautes Joux\",\"url\":\"https:\\\/\\\/www.eren.ch\\\/hautesjoux\\\/\",\"logo\":{\"@type\":\"ImageObject\",\"inLanguage\":\"fr-FR\",\"@id\":\"https:\\\/\\\/www.eren.ch\\\/hautesjoux\\\/#\\\/schema\\\/logo\\\/image\\\/\",\"url\":\"https:\\\/\\\/www.eren.ch\\\/hautesjoux\\\/wp-content\\\/uploads\\\/sites\\\/12\\\/2019\\\/12\\\/logo-eren-carre.jpg\",\"contentUrl\":\"https:\\\/\\\/www.eren.ch\\\/hautesjoux\\\/wp-content\\\/uploads\\\/sites\\\/12\\\/2019\\\/12\\\/logo-eren-carre.jpg\",\"width\":512,\"height\":512,\"caption\":\"Paroisse des Hautes Joux\"},\"image\":{\"@id\":\"https:\\\/\\\/www.eren.ch\\\/hautesjoux\\\/#\\\/schema\\\/logo\\\/image\\\/\"},\"sameAs\":[\"https:\\\/\\\/www.facebook.com\\\/HautesJoux\"]},{\"@type\":\"Person\",\"@id\":\"https:\\\/\\\/www.eren.ch\\\/hautesjoux\\\/#\\\/schema\\\/person\\\/acf70ef648652d57ffa688081ab9adf1\",\"name\":\"Secr\u00e9tariat des Hautes Joux\",\"image\":{\"@type\":\"ImageObject\",\"inLanguage\":\"fr-FR\",\"@id\":\"https:\\\/\\\/secure.gravatar.com\\\/avatar\\\/c1383b671ef59c3ca721fc4f3d67bffc160fa09b4121272ebd4787dbc9fef5c3?s=96&d=mm&r=g\",\"url\":\"https:\\\/\\\/secure.gravatar.com\\\/avatar\\\/c1383b671ef59c3ca721fc4f3d67bffc160fa09b4121272ebd4787dbc9fef5c3?s=96&d=mm&r=g\",\"contentUrl\":\"https:\\\/\\\/secure.gravatar.com\\\/avatar\\\/c1383b671ef59c3ca721fc4f3d67bffc160fa09b4121272ebd4787dbc9fef5c3?s=96&d=mm&r=g\",\"caption\":\"Secr\u00e9tariat des Hautes Joux\"}}]}<\/script>\n<!-- \/ Yoast SEO Premium plugin. -->","yoast_head_json":{"title":"Archives des m\u00e9ditations et pr\u00e9dications &#8226; Paroisse des Hautes Joux","robots":{"index":"index","follow":"follow","max-snippet":"max-snippet:-1","max-image-preview":"max-image-preview:large","max-video-preview":"max-video-preview:-1"},"canonical":"https:\/\/www.eren.ch\/hautesjoux\/2021\/04\/20\/archives-des-meditations-et-predications\/","og_locale":"fr_FR","og_type":"article","og_title":"Archives des m\u00e9ditations et pr\u00e9dications","og_description":"20_11_29 Ac. 4, 1-12\u00a0\u00a0 20_11_22 Ac. 3, 1-10 Ps 12 Re\u0301signation 2 Co 1, 2-7 Consolation Eph 3, 17-19 Amour Vid\u00e9o du culte de No\u00ebl aux Ponts-de-MartelRetrouvez sur facebook ou ici : Vid\u00e9o du culte de No\u00ebl des Brenets du 20 d\u00e9cembre &nbsp; Qui es-tu Jean-Marc Leresche M\u00e9ditation du 15.11.20 Ac. 2, 42-47\u00a0 me\u0301ditation 8 &hellip; Continuer la lecture de &laquo;&nbsp;Archives des m\u00e9ditations et pr\u00e9dications&nbsp;&raquo;","og_url":"https:\/\/www.eren.ch\/hautesjoux\/2021\/04\/20\/archives-des-meditations-et-predications\/","og_site_name":"Paroisse des Hautes Joux","article_publisher":"https:\/\/www.facebook.com\/HautesJoux","article_published_time":"2021-04-20T13:00:00+00:00","article_modified_time":"2025-02-12T08:24:41+00:00","author":"Secr\u00e9tariat des Hautes Joux","twitter_card":"summary_large_image","twitter_misc":{"\u00c9crit par":"Secr\u00e9tariat des Hautes Joux","Dur\u00e9e de lecture estim\u00e9e":"2 minutes"},"schema":{"@context":"https:\/\/schema.org","@graph":[{"@type":"Article","@id":"https:\/\/www.eren.ch\/hautesjoux\/2021\/04\/20\/archives-des-meditations-et-predications\/#article","isPartOf":{"@id":"https:\/\/www.eren.ch\/hautesjoux\/2021\/04\/20\/archives-des-meditations-et-predications\/"},"author":{"name":"Secr\u00e9tariat des Hautes Joux","@id":"https:\/\/www.eren.ch\/hautesjoux\/#\/schema\/person\/acf70ef648652d57ffa688081ab9adf1"},"headline":"Archives des m\u00e9ditations et pr\u00e9dications","datePublished":"2021-04-20T13:00:00+00:00","dateModified":"2025-02-12T08:24:41+00:00","mainEntityOfPage":{"@id":"https:\/\/www.eren.ch\/hautesjoux\/2021\/04\/20\/archives-des-meditations-et-predications\/"},"wordCount":283,"publisher":{"@id":"https:\/\/www.eren.ch\/hautesjoux\/#organization"},"articleSection":["Pr\u00e9dication"],"inLanguage":"fr-FR"},{"@type":"WebPage","@id":"https:\/\/www.eren.ch\/hautesjoux\/2021\/04\/20\/archives-des-meditations-et-predications\/","url":"https:\/\/www.eren.ch\/hautesjoux\/2021\/04\/20\/archives-des-meditations-et-predications\/","name":"Archives des m\u00e9ditations et pr\u00e9dications &#8226; Paroisse des Hautes Joux","isPartOf":{"@id":"https:\/\/www.eren.ch\/hautesjoux\/#website"},"datePublished":"2021-04-20T13:00:00+00:00","dateModified":"2025-02-12T08:24:41+00:00","breadcrumb":{"@id":"https:\/\/www.eren.ch\/hautesjoux\/2021\/04\/20\/archives-des-meditations-et-predications\/#breadcrumb"},"inLanguage":"fr-FR","potentialAction":[{"@type":"ReadAction","target":["https:\/\/www.eren.ch\/hautesjoux\/2021\/04\/20\/archives-des-meditations-et-predications\/"]}]},{"@type":"BreadcrumbList","@id":"https:\/\/www.eren.ch\/hautesjoux\/2021\/04\/20\/archives-des-meditations-et-predications\/#breadcrumb","itemListElement":[{"@type":"ListItem","position":1,"name":"Accueil","item":"https:\/\/www.eren.ch\/hautesjoux\/"},{"@type":"ListItem","position":2,"name":"Archives des m\u00e9ditations et pr\u00e9dications"}]},{"@type":"WebSite","@id":"https:\/\/www.eren.ch\/hautesjoux\/#website","url":"https:\/\/www.eren.ch\/hautesjoux\/","name":"Paroisse des Hautes Joux","description":"Paroisse r\u00e9form\u00e9e du district du Locle","publisher":{"@id":"https:\/\/www.eren.ch\/hautesjoux\/#organization"},"potentialAction":[{"@type":"SearchAction","target":{"@type":"EntryPoint","urlTemplate":"https:\/\/www.eren.ch\/hautesjoux\/?s={search_term_string}"},"query-input":{"@type":"PropertyValueSpecification","valueRequired":true,"valueName":"search_term_string"}}],"inLanguage":"fr-FR"},{"@type":"Organization","@id":"https:\/\/www.eren.ch\/hautesjoux\/#organization","name":"Paroisse des Hautes Joux","url":"https:\/\/www.eren.ch\/hautesjoux\/","logo":{"@type":"ImageObject","inLanguage":"fr-FR","@id":"https:\/\/www.eren.ch\/hautesjoux\/#\/schema\/logo\/image\/","url":"https:\/\/www.eren.ch\/hautesjoux\/wp-content\/uploads\/sites\/12\/2019\/12\/logo-eren-carre.jpg","contentUrl":"https:\/\/www.eren.ch\/hautesjoux\/wp-content\/uploads\/sites\/12\/2019\/12\/logo-eren-carre.jpg","width":512,"height":512,"caption":"Paroisse des Hautes Joux"},"image":{"@id":"https:\/\/www.eren.ch\/hautesjoux\/#\/schema\/logo\/image\/"},"sameAs":["https:\/\/www.facebook.com\/HautesJoux"]},{"@type":"Person","@id":"https:\/\/www.eren.ch\/hautesjoux\/#\/schema\/person\/acf70ef648652d57ffa688081ab9adf1","name":"Secr\u00e9tariat des Hautes Joux","image":{"@type":"ImageObject","inLanguage":"fr-FR","@id":"https:\/\/secure.gravatar.com\/avatar\/c1383b671ef59c3ca721fc4f3d67bffc160fa09b4121272ebd4787dbc9fef5c3?s=96&d=mm&r=g","url":"https:\/\/secure.gravatar.com\/avatar\/c1383b671ef59c3ca721fc4f3d67bffc160fa09b4121272ebd4787dbc9fef5c3?s=96&d=mm&r=g","contentUrl":"https:\/\/secure.gravatar.com\/avatar\/c1383b671ef59c3ca721fc4f3d67bffc160fa09b4121272ebd4787dbc9fef5c3?s=96&d=mm&r=g","caption":"Secr\u00e9tariat des Hautes Joux"}}]}},"_links":{"self":[{"href":"https:\/\/www.eren.ch\/hautesjoux\/wp-json\/wp\/v2\/posts\/540","targetHints":{"allow":["GET"]}}],"collection":[{"href":"https:\/\/www.eren.ch\/hautesjoux\/wp-json\/wp\/v2\/posts"}],"about":[{"href":"https:\/\/www.eren.ch\/hautesjoux\/wp-json\/wp\/v2\/types\/post"}],"author":[{"embeddable":true,"href":"https:\/\/www.eren.ch\/hautesjoux\/wp-json\/wp\/v2\/users\/29"}],"replies":[{"embeddable":true,"href":"https:\/\/www.eren.ch\/hautesjoux\/wp-json\/wp\/v2\/comments?post=540"}],"version-history":[{"count":1,"href":"https:\/\/www.eren.ch\/hautesjoux\/wp-json\/wp\/v2\/posts\/540\/revisions"}],"predecessor-version":[{"id":541,"href":"https:\/\/www.eren.ch\/hautesjoux\/wp-json\/wp\/v2\/posts\/540\/revisions\/541"}],"wp:attachment":[{"href":"https:\/\/www.eren.ch\/hautesjoux\/wp-json\/wp\/v2\/media?parent=540"}],"wp:term":[{"taxonomy":"category","embeddable":true,"href":"https:\/\/www.eren.ch\/hautesjoux\/wp-json\/wp\/v2\/categories?post=540"},{"taxonomy":"post_tag","embeddable":true,"href":"https:\/\/www.eren.ch\/hautesjoux\/wp-json\/wp\/v2\/tags?post=540"}],"curies":[{"name":"wp","href":"https:\/\/api.w.org\/{rel}","templated":true}]}}